{"id":102355,"date":"2024-03-15T20:46:40","date_gmt":"2024-03-15T23:46:40","guid":{"rendered":"https:\/\/www.cordobatimes.com\/showup\/?p=102355"},"modified":"2024-03-15T20:46:40","modified_gmt":"2024-03-15T23:46:40","slug":"a-20-anos-de-floricienta-cris-morena-anuncio-oficialmente-el-estreno-de-margarita-la-secuela","status":"publish","type":"post","link":"https:\/\/www.cordobatimes.com\/showup\/cine-y-series\/2024\/03\/15\/a-20-anos-de-floricienta-cris-morena-anuncio-oficialmente-el-estreno-de-margarita-la-secuela\/","title":{"rendered":"A 20 a\u00f1os de Floricienta, Cris Morena anunci\u00f3 oficialmente el estreno de \u00abMargarita\u00bb, la secuela"},"content":{"rendered":"<h3><strong>En un video para sus redes sociales, la productora brind\u00f3 nuevos adelantos.<\/strong><\/h3>\n<p>\u201cHace 20 a\u00f1os llegaba una historia m\u00e1gica a nuestras vidas. Son 20 a\u00f1os de canciones eternas, teatros y estadios llenos, giras, magia, haditas, amor y mucho flikiti\u201d, manifest\u00f3 Cris Morena en un video difundidos a trav\u00e9s de redes sociales.<\/p>\n<p>La productora revel\u00f3: \u201cEs por eso que para este gran aniversario tengo un regalo para vos. Oficialmente ya lo puedo contar: llega un nuevo gran cuento que nos va a emocionar y hacer muy felices a todos. Este a\u00f1o, por MAX, van a poder ser parte de esta nueva historia: Margarita, que tu cuento valga la pena\u201d.<\/p>\n<p>Margarita\u00a0ser\u00e1 transmitida por la plataforma de MAX (antes HBO Max), y aunque no hay una fecha confirmada, el estreno ser\u00e1 este 2024.<\/p>\n<div style=\"width: 696px;\" class=\"wp-video\"><video class=\"wp-video-shortcode\" id=\"video-102355-1\" width=\"696\" height=\"392\" preload=\"metadata\" controls=\"controls\"><source type=\"video\/mp4\" src=\"https:\/\/www.cordobatimes.com\/showup\/wp-content\/uploads\/2024\/03\/Video-by-bycrismorena.mp4?_=1\" \/><a href=\"https:\/\/www.cordobatimes.com\/showup\/wp-content\/uploads\/2024\/03\/Video-by-bycrismorena.mp4\">https:\/\/www.cordobatimes.com\/showup\/wp-content\/uploads\/2024\/03\/Video-by-bycrismorena.mp4<\/a><\/video><\/div>\n","protected":false},"excerpt":{"rendered":"<p>En un video para sus redes sociales, la productora brind\u00f3 nuevos adelantos. \u201cHace 20 a\u00f1os llegaba una historia m\u00e1gica a nuestras vidas. Son 20 a\u00f1os de canciones eternas, teatros y estadios llenos, giras, magia, haditas, amor y mucho flikiti\u201d, manifest\u00f3 Cris Morena en un video difundidos a trav\u00e9s de redes sociales. La productora revel\u00f3: \u201cEs [&hellip;]<\/p>\n","protected":false},"author":1,"featured_media":102356,"comment_status":"closed","ping_status":"closed","sticky":false,"template":"","format":"standard","meta":{"_seopress_robots_primary_cat":"","_seopress_titles_title":"","_seopress_titles_desc":"","_seopress_robots_index":"","footnotes":""},"categories":[3],"tags":[38989,38990,38991,38992],"class_list":{"0":"post-102355","1":"post","2":"type-post","3":"status-publish","4":"format-standard","5":"has-post-thumbnail","7":"category-cine-y-series","8":"tag-a-20-anos-de-floricienta","9":"tag-floricienta-margarita","10":"tag-margarita-secuela-de-floricienta","11":"tag-trailer-de-margarita"},"_links":{"self":[{"href":"https:\/\/www.cordobatimes.com\/showup\/wp-json\/wp\/v2\/posts\/102355","targetHints":{"allow":["GET"]}}],"collection":[{"href":"https:\/\/www.cordobatimes.com\/showup\/wp-json\/wp\/v2\/posts"}],"about":[{"href":"https:\/\/www.cordobatimes.com\/showup\/wp-json\/wp\/v2\/types\/post"}],"author":[{"embeddable":true,"href":"https:\/\/www.cordobatimes.com\/showup\/wp-json\/wp\/v2\/users\/1"}],"replies":[{"embeddable":true,"href":"https:\/\/www.cordobatimes.com\/showup\/wp-json\/wp\/v2\/comments?post=102355"}],"version-history":[{"count":0,"href":"https:\/\/www.cordobatimes.com\/showup\/wp-json\/wp\/v2\/posts\/102355\/revisions"}],"wp:featuredmedia":[{"embeddable":true,"href":"https:\/\/www.cordobatimes.com\/showup\/wp-json\/wp\/v2\/media\/102356"}],"wp:attachment":[{"href":"https:\/\/www.cordobatimes.com\/showup\/wp-json\/wp\/v2\/media?parent=102355"}],"wp:term":[{"taxonomy":"category","embeddable":true,"href":"https:\/\/www.cordobatimes.com\/showup\/wp-json\/wp\/v2\/categories?post=102355"},{"taxonomy":"post_tag","embeddable":true,"href":"https:\/\/www.cordobatimes.com\/showup\/wp-json\/wp\/v2\/tags?post=102355"}],"curies":[{"name":"wp","href":"https:\/\/api.w.org\/{rel}","templated":true}]}}