{"id":102317,"date":"2024-03-08T11:59:43","date_gmt":"2024-03-08T14:59:43","guid":{"rendered":"https:\/\/www.cordobatimes.com\/showup\/?p=102317"},"modified":"2024-03-08T11:59:43","modified_gmt":"2024-03-08T14:59:43","slug":"intensamente-2-trailer-oficial-y-fecha-de-estreno","status":"publish","type":"post","link":"https:\/\/www.cordobatimes.com\/showup\/cine-y-series\/2024\/03\/08\/intensamente-2-trailer-oficial-y-fecha-de-estreno\/","title":{"rendered":"\u00abIntensamente 2\u00bb:  tr\u00e1iler oficial y fecha de estreno"},"content":{"rendered":"<h3><strong>La segunda parte contar\u00e1 con cuatro voces m\u00e1s dentro de la cabeza de la adolescente protagonista.<\/strong><\/h3>\n<p>Disney\u00a0y\u00a0Pixar\u00a0lanzaron este jueves el\u00a0tr\u00e1iler oficial\u00a0y confirmaron la fecha de estreno en cines de la nueva pel\u00edcula\u00a0\u00abIntensamente 2\u00bb, la secuela del galardonado filme del 2015 que tiene como protagonista a Riley, quien ahora es una adolescente de 13 a\u00f1os. Como ya se hab\u00eda anticipado, la nueva cinta contar\u00e1 con nuevas emociones que llegar\u00e1n a la vida de la chica.<\/p>\n<p>Seg\u00fan inform\u00f3 Pixar,\u00a0\u00abIntensamente 2\u00bb llegar\u00e1 a los cines de Estados Unidos el 14 de junio.<\/p>\n<p>En la primera pel\u00edcula, estrenada en 2015, la nena de 11 a\u00f1os tuvo que afrontar una nueva vida cuando sus padres decidieron mudarse de Minnesota a San Francisco por cuestiones laborales del pap\u00e1. Fue en ese momento que las emociones Tristeza, Alegr\u00eda, Desagrado, Furia y Temor empezaron a trabajar en la cabeza de la chica.<\/p>\n<p>Ahora, en esta nueva etapa, se sumar\u00e1n cuatro sentimientos a la mente de Riley: Ansiedad, Aburrimiento, Envidia y Verg\u00fcenza.<\/p>\n<p>Dirigida por Kelsey Mann y producida por Mark Nielsen,\u00a0\u00abIntensamente\u00bb obtuvo el premio Oscar a Mejor pel\u00edcula animada, as\u00ed como 10 premios Annie, y fue un \u00e9xito de taquilla al recaudar 800 millones de d\u00f3lares con un presupuesto de 175 millones.<\/p>\n<p>&nbsp;<\/p>\n<div style=\"width: 640px;\" class=\"wp-video\"><video class=\"wp-video-shortcode\" id=\"video-102317-1\" width=\"640\" height=\"360\" preload=\"metadata\" controls=\"controls\"><source type=\"video\/mp4\" src=\"https:\/\/www.cordobatimes.com\/showup\/wp-content\/uploads\/2024\/03\/videoplayback-3.mp4?_=1\" \/><a href=\"https:\/\/www.cordobatimes.com\/showup\/wp-content\/uploads\/2024\/03\/videoplayback-3.mp4\">https:\/\/www.cordobatimes.com\/showup\/wp-content\/uploads\/2024\/03\/videoplayback-3.mp4<\/a><\/video><\/div>\n","protected":false},"excerpt":{"rendered":"<p>La segunda parte contar\u00e1 con cuatro voces m\u00e1s dentro de la cabeza de la adolescente protagonista. Disney\u00a0y\u00a0Pixar\u00a0lanzaron este jueves el\u00a0tr\u00e1iler oficial\u00a0y confirmaron la fecha de estreno en cines de la nueva pel\u00edcula\u00a0\u00abIntensamente 2\u00bb, la secuela del galardonado filme del 2015 que tiene como protagonista a Riley, quien ahora es una adolescente de 13 a\u00f1os. Como [&hellip;]<\/p>\n","protected":false},"author":1,"featured_media":102318,"comment_status":"closed","ping_status":"closed","sticky":false,"template":"","format":"standard","meta":{"_seopress_robots_primary_cat":"","_seopress_titles_title":"","_seopress_titles_desc":"","_seopress_robots_index":"","footnotes":""},"categories":[3],"tags":[38973,38503],"class_list":{"0":"post-102317","1":"post","2":"type-post","3":"status-publish","4":"format-standard","5":"has-post-thumbnail","7":"category-cine-y-series","8":"tag-fecha-de-estreno-de-intensamente-2","9":"tag-trailer-de-intensamente-2"},"_links":{"self":[{"href":"https:\/\/www.cordobatimes.com\/showup\/wp-json\/wp\/v2\/posts\/102317","targetHints":{"allow":["GET"]}}],"collection":[{"href":"https:\/\/www.cordobatimes.com\/showup\/wp-json\/wp\/v2\/posts"}],"about":[{"href":"https:\/\/www.cordobatimes.com\/showup\/wp-json\/wp\/v2\/types\/post"}],"author":[{"embeddable":true,"href":"https:\/\/www.cordobatimes.com\/showup\/wp-json\/wp\/v2\/users\/1"}],"replies":[{"embeddable":true,"href":"https:\/\/www.cordobatimes.com\/showup\/wp-json\/wp\/v2\/comments?post=102317"}],"version-history":[{"count":0,"href":"https:\/\/www.cordobatimes.com\/showup\/wp-json\/wp\/v2\/posts\/102317\/revisions"}],"wp:featuredmedia":[{"embeddable":true,"href":"https:\/\/www.cordobatimes.com\/showup\/wp-json\/wp\/v2\/media\/102318"}],"wp:attachment":[{"href":"https:\/\/www.cordobatimes.com\/showup\/wp-json\/wp\/v2\/media?parent=102317"}],"wp:term":[{"taxonomy":"category","embeddable":true,"href":"https:\/\/www.cordobatimes.com\/showup\/wp-json\/wp\/v2\/categories?post=102317"},{"taxonomy":"post_tag","embeddable":true,"href":"https:\/\/www.cordobatimes.com\/showup\/wp-json\/wp\/v2\/tags?post=102317"}],"curies":[{"name":"wp","href":"https:\/\/api.w.org\/{rel}","templated":true}]}}