{"id":102282,"date":"2024-03-04T18:46:36","date_gmt":"2024-03-04T21:46:36","guid":{"rendered":"https:\/\/www.cordobatimes.com\/showup\/?p=102282"},"modified":"2024-03-04T18:46:36","modified_gmt":"2024-03-04T21:46:36","slug":"garfield-la-pelicula-estrena-nuevo-trailer-mostrando-su-origen","status":"publish","type":"post","link":"https:\/\/www.cordobatimes.com\/showup\/cine-y-series\/2024\/03\/04\/garfield-la-pelicula-estrena-nuevo-trailer-mostrando-su-origen\/","title":{"rendered":"\u2018Garfield: La pel\u00edcula\u2019 estrena nuevo tr\u00e1iler mostrando su origen"},"content":{"rendered":"<h3><strong>El popular gato creador por Jim Davis se prepara para una nueva pel\u00edcula en las salas de cine.<\/strong><\/h3>\n<p class=\"\">\u2018Garfield: La pel\u00edcula\u2019 ha estrenado su primer tr\u00e1iler, en el que se nos muestran los or\u00edgenes del popular gato en una cinta que se centrar\u00e1 en el regreso del padre biol\u00f3gico de Garfield tras a\u00f1os de ausencia. El pr\u00f3ximo\u00a01 de mayo\u00a0tendremos una nueva oportunidad para disfrutar en familia y conocer m\u00e1s sobre el felino anaranjado creado por\u00a0Jim Davis\u00a0en 1978. No es la primera vez que el personaje tiene una pel\u00edcula en los cines, con dos estrenos en 2004 y 2006, junto a los m\u00faltiples estrenos directamente en televisi\u00f3n y v\u00eddeo a lo largo del tiempo.<\/p>\n<p class=\"\">En esta ocasi\u00f3n, el actor encargado de doblar a Garfield ser\u00e1\u00a0Chris Pratt\u00a0(\u2019Guardianes de la Galaxia\u2019, \u2018Jurassic World\u2019&#8230;), mientras que una leyenda del cine como\u00a0Samuel L. Jackson\u00a0doblar\u00e1 a su padre Vic. Junto a ellos, otros artistas destacados como Nicholas Hoult, Hannah Waddingham y Brett Goldstein tambi\u00e9n participan en la pel\u00edcula.<\/p>\n<div style=\"width: 640px;\" class=\"wp-video\"><video class=\"wp-video-shortcode\" id=\"video-102282-1\" width=\"640\" height=\"360\" preload=\"metadata\" controls=\"controls\"><source type=\"video\/mp4\" src=\"https:\/\/www.cordobatimes.com\/showup\/wp-content\/uploads\/2024\/03\/videoplayback-1.mp4?_=1\" \/><a href=\"https:\/\/www.cordobatimes.com\/showup\/wp-content\/uploads\/2024\/03\/videoplayback-1.mp4\">https:\/\/www.cordobatimes.com\/showup\/wp-content\/uploads\/2024\/03\/videoplayback-1.mp4<\/a><\/video><\/div>\n","protected":false},"excerpt":{"rendered":"<p>El popular gato creador por Jim Davis se prepara para una nueva pel\u00edcula en las salas de cine. \u2018Garfield: La pel\u00edcula\u2019 ha estrenado su primer tr\u00e1iler, en el que se nos muestran los or\u00edgenes del popular gato en una cinta que se centrar\u00e1 en el regreso del padre biol\u00f3gico de Garfield tras a\u00f1os de ausencia. [&hellip;]<\/p>\n","protected":false},"author":1,"featured_media":102283,"comment_status":"closed","ping_status":"closed","sticky":false,"template":"","format":"standard","meta":{"_seopress_robots_primary_cat":"","_seopress_titles_title":"","_seopress_titles_desc":"","_seopress_robots_index":"","footnotes":""},"categories":[3],"tags":[38948,38949],"class_list":{"0":"post-102282","1":"post","2":"type-post","3":"status-publish","4":"format-standard","5":"has-post-thumbnail","7":"category-cine-y-series","8":"tag-garfield-la-pelicula","9":"tag-garfield-la-pelicula-segundo-trailer"},"_links":{"self":[{"href":"https:\/\/www.cordobatimes.com\/showup\/wp-json\/wp\/v2\/posts\/102282","targetHints":{"allow":["GET"]}}],"collection":[{"href":"https:\/\/www.cordobatimes.com\/showup\/wp-json\/wp\/v2\/posts"}],"about":[{"href":"https:\/\/www.cordobatimes.com\/showup\/wp-json\/wp\/v2\/types\/post"}],"author":[{"embeddable":true,"href":"https:\/\/www.cordobatimes.com\/showup\/wp-json\/wp\/v2\/users\/1"}],"replies":[{"embeddable":true,"href":"https:\/\/www.cordobatimes.com\/showup\/wp-json\/wp\/v2\/comments?post=102282"}],"version-history":[{"count":0,"href":"https:\/\/www.cordobatimes.com\/showup\/wp-json\/wp\/v2\/posts\/102282\/revisions"}],"wp:featuredmedia":[{"embeddable":true,"href":"https:\/\/www.cordobatimes.com\/showup\/wp-json\/wp\/v2\/media\/102283"}],"wp:attachment":[{"href":"https:\/\/www.cordobatimes.com\/showup\/wp-json\/wp\/v2\/media?parent=102282"}],"wp:term":[{"taxonomy":"category","embeddable":true,"href":"https:\/\/www.cordobatimes.com\/showup\/wp-json\/wp\/v2\/categories?post=102282"},{"taxonomy":"post_tag","embeddable":true,"href":"https:\/\/www.cordobatimes.com\/showup\/wp-json\/wp\/v2\/tags?post=102282"}],"curies":[{"name":"wp","href":"https:\/\/api.w.org\/{rel}","templated":true}]}}