{"id":102254,"date":"2024-03-02T09:10:45","date_gmt":"2024-03-02T12:10:45","guid":{"rendered":"https:\/\/www.cordobatimes.com\/showup\/?p=102254"},"modified":"2024-03-02T09:10:45","modified_gmt":"2024-03-02T12:10:45","slug":"primeras-imagenes-de-la-serie-sobre-la-vida-de-roberto-gomez-bolanos-el-creador-de-el-chavo-del-8","status":"publish","type":"post","link":"https:\/\/www.cordobatimes.com\/showup\/cine-y-series\/2024\/03\/02\/primeras-imagenes-de-la-serie-sobre-la-vida-de-roberto-gomez-bolanos-el-creador-de-el-chavo-del-8\/","title":{"rendered":"Primeras imagenes de la serie sobre la vida de Roberto G\u00f3mez Bola\u00f1os, el creador de \u201cEl chavo del 8\u201d"},"content":{"rendered":"<h3><strong>El comediante ser\u00e1 interpretado por Pablo Cruz en el pr\u00f3ximo biopic \u201cSin querer queriendo\u201d, que llega pronto a Max.<\/strong><\/h3>\n<p>Roberto G\u00f3mez Bola\u00f1os\u00a0es un nombre incrustado en la memoria colectiva de Am\u00e9rica Latina. Ya sea si te agrada o no producciones como\u00a0El chavo del 8\u00a0o\u00a0El Chapul\u00edn Colorado, es innegable la popularidad que gozan sus series humor\u00edsticas. El peque\u00f1o Shakespeare, o \u2018Chespirito\u2019, como fue conocido en vida, recibir\u00e1 un merecido homenaje con el\u00a0biopic\u00a0Sin querer queriendo, una pr\u00f3xima serie de\u00a0Max\u00a0que acaba de publicar las primeras im\u00e1genes.<\/p>\n<p>Protagonizado por\u00a0Pablo Cruz\u00a0(Las viudas de los jueves), la producci\u00f3n\u00a0se extender\u00e1 desde la d\u00e9cada de los 50 hasta principios de los 80, introduciendo al p\u00fablico a los sacrificios del comediante en su trayecto para llevar sus ideas a la televisi\u00f3n y convertir en una figura ic\u00f3nica del entretenimiento. El proyecto cuenta con el apoyo de su hijo,\u00a0Roberto G\u00f3mez Fern\u00e1ndez, lo que asegura una versi\u00f3n respetuosa de la vida del artista.<\/p>\n<p>Protagonizado por\u00a0Pablo Cruz\u00a0(Las viudas de los jueves), la producci\u00f3n\u00a0se extender\u00e1 desde la d\u00e9cada de los 50 hasta principios de los 80, introduciendo al p\u00fablico a los sacrificios del comediante en su trayecto para llevar sus ideas a la televisi\u00f3n y convertir en una figura ic\u00f3nica del entretenimiento. El proyecto cuenta con el apoyo de su hijo,\u00a0Roberto G\u00f3mez Fern\u00e1ndez, lo que asegura una versi\u00f3n respetuosa de la vida del artista.<\/p>\n<h3><strong>\u00bfQui\u00e9nes conforman el elenco de \u201cSin querer queriendo\u201d?<\/strong><\/h3>\n<p>Adem\u00e1s del protagonista\u00a0Pablo Cruz, elenco principal cuenta con nombres como\u00a0Andrea Noli\u00a0(quien dar\u00e1 vida a Angelines Gonz\u00e1lez Fern\u00e1ndez),\u00a0Miguel Islas\u00a0(Ram\u00f3n Vald\u00e9s), Arturo Barba (Rub\u00e9n Aguirre), B\u00e1rbara L\u00f3pez (Margarita Ru\u00edz), Paola Montes de Oca (Tony) y Rolando Breme (Mariano Casasola). Tambi\u00e9n se destaca la participaci\u00f3n de\u00a0Maria Antonieta de las Nieves, una figura recurrente en sus proyectos, para quien desarroll\u00f3 personajes como la\u00a0Chilindrina, Maruja o Do\u00f1a Nieves. \u201cEstoy muy contenta porque el hijo de Roberto se haya comunicado conmigo, que hayamos tenido un entendimiento, que hayamos visto que los rencores no sirven para nada\u201d, dijo la actriz a\u00a0People en Espa\u00f1ol.<\/p>\n<p>Las fotograf\u00edas difundidas muestran a\u00a0Cruz personificando a \u2018El Chavo\u2019, ataviado con el reconocido sombrero verde a cuadros y su camiseta de rayas. Seg\u00fan informaci\u00f3n de\u00a0El Universal\u00a0de M\u00e9xico, la filmaci\u00f3n tiene lugar en un hotel de la zona costera de\u00a0Acapulco, m\u00e1s precisamente en el Hotel Emporio, sitio hist\u00f3rico donde el tambi\u00e9n creador de\u00a0El Chompiras\u00a0y\u00a0Dr. Chapat\u00edn\u00a0hab\u00eda empleado como locaci\u00f3n con anterioridad.<\/p>\n<p>La serie biogr\u00e1fica\u00a0Sin querer queriendo\u00a0a\u00fan se reserva su fecha de estreno. Por ahora, ninguna de las producciones de\u00a0Roberto G\u00f3mez Bola\u00f1os\u00a0se encuentran disponibles en\u00a0streaming\u00a0debido a un conflicto por derechos de autor entre sus herederos y\u00a0Televisa.<\/p>\n<p><img alt=\"\" loading=\"lazy\" decoding=\"async\" class=\"alignnone size-medium wp-image-102256\" src=\"https:\/\/www.cordobatimes.com\/showup\/wp-content\/uploads\/2024\/03\/Pantallazo-02-03-2024-09.05.45-750x413.jpg\" alt=\"\" width=\"750\" height=\"413\" srcset=\"https:\/\/www.cordobatimes.com\/showup\/wp-content\/uploads\/2024\/03\/Pantallazo-02-03-2024-09.05.45-750x413.jpg 750w, https:\/\/www.cordobatimes.com\/showup\/wp-content\/uploads\/2024\/03\/Pantallazo-02-03-2024-09.05.45-1024x564.jpg 1024w, https:\/\/www.cordobatimes.com\/showup\/wp-content\/uploads\/2024\/03\/Pantallazo-02-03-2024-09.05.45-760x420.jpg 760w, https:\/\/www.cordobatimes.com\/showup\/wp-content\/uploads\/2024\/03\/Pantallazo-02-03-2024-09.05.45-768x423.jpg 768w, https:\/\/www.cordobatimes.com\/showup\/wp-content\/uploads\/2024\/03\/Pantallazo-02-03-2024-09.05.45-696x384.jpg 696w, https:\/\/www.cordobatimes.com\/showup\/wp-content\/uploads\/2024\/03\/Pantallazo-02-03-2024-09.05.45-1068x589.jpg 1068w, https:\/\/www.cordobatimes.com\/showup\/wp-content\/uploads\/2024\/03\/Pantallazo-02-03-2024-09.05.45-762x420.jpg 762w, https:\/\/www.cordobatimes.com\/showup\/wp-content\/uploads\/2024\/03\/Pantallazo-02-03-2024-09.05.45.jpg 1239w\" sizes=\"auto, (max-width: 750px) 100vw, 750px\" \/> <img alt=\"\" loading=\"lazy\" decoding=\"async\" class=\"alignnone size-medium wp-image-102257\" src=\"https:\/\/www.cordobatimes.com\/showup\/wp-content\/uploads\/2024\/03\/Pantallazo-02-03-2024-09.06.22-750x416.jpg\" alt=\"\" width=\"750\" height=\"416\" srcset=\"https:\/\/www.cordobatimes.com\/showup\/wp-content\/uploads\/2024\/03\/Pantallazo-02-03-2024-09.06.22-750x416.jpg 750w, https:\/\/www.cordobatimes.com\/showup\/wp-content\/uploads\/2024\/03\/Pantallazo-02-03-2024-09.06.22-1024x568.jpg 1024w, https:\/\/www.cordobatimes.com\/showup\/wp-content\/uploads\/2024\/03\/Pantallazo-02-03-2024-09.06.22-757x420.jpg 757w, https:\/\/www.cordobatimes.com\/showup\/wp-content\/uploads\/2024\/03\/Pantallazo-02-03-2024-09.06.22-768x426.jpg 768w, https:\/\/www.cordobatimes.com\/showup\/wp-content\/uploads\/2024\/03\/Pantallazo-02-03-2024-09.06.22-696x385.jpg 696w, https:\/\/www.cordobatimes.com\/showup\/wp-content\/uploads\/2024\/03\/Pantallazo-02-03-2024-09.06.22.jpg 1063w\" sizes=\"auto, (max-width: 750px) 100vw, 750px\" \/><\/p>\n","protected":false},"excerpt":{"rendered":"<p>El comediante ser\u00e1 interpretado por Pablo Cruz en el pr\u00f3ximo biopic \u201cSin querer queriendo\u201d, que llega pronto a Max. Roberto G\u00f3mez Bola\u00f1os\u00a0es un nombre incrustado en la memoria colectiva de Am\u00e9rica Latina. Ya sea si te agrada o no producciones como\u00a0El chavo del 8\u00a0o\u00a0El Chapul\u00edn Colorado, es innegable la popularidad que gozan sus series humor\u00edsticas. [&hellip;]<\/p>\n","protected":false},"author":1,"featured_media":102255,"comment_status":"closed","ping_status":"closed","sticky":false,"template":"","format":"standard","meta":{"_seopress_robots_primary_cat":"","_seopress_titles_title":"","_seopress_titles_desc":"","_seopress_robots_index":"","footnotes":""},"categories":[3],"tags":[38930,38931,38932,38929],"class_list":{"0":"post-102254","1":"post","2":"type-post","3":"status-publish","4":"format-standard","5":"has-post-thumbnail","7":"category-cine-y-series","8":"tag-pablo-cruz-interpreta-a-roberto-gomez-bolanos","9":"tag-pablo-cruz-roberto-gomez-bolanos","10":"tag-serie-biografica-sin-querer-queriendo","11":"tag-serie-sobre-la-vida-de-roberto-gomez-bolanos"},"_links":{"self":[{"href":"https:\/\/www.cordobatimes.com\/showup\/wp-json\/wp\/v2\/posts\/102254","targetHints":{"allow":["GET"]}}],"collection":[{"href":"https:\/\/www.cordobatimes.com\/showup\/wp-json\/wp\/v2\/posts"}],"about":[{"href":"https:\/\/www.cordobatimes.com\/showup\/wp-json\/wp\/v2\/types\/post"}],"author":[{"embeddable":true,"href":"https:\/\/www.cordobatimes.com\/showup\/wp-json\/wp\/v2\/users\/1"}],"replies":[{"embeddable":true,"href":"https:\/\/www.cordobatimes.com\/showup\/wp-json\/wp\/v2\/comments?post=102254"}],"version-history":[{"count":0,"href":"https:\/\/www.cordobatimes.com\/showup\/wp-json\/wp\/v2\/posts\/102254\/revisions"}],"wp:featuredmedia":[{"embeddable":true,"href":"https:\/\/www.cordobatimes.com\/showup\/wp-json\/wp\/v2\/media\/102255"}],"wp:attachment":[{"href":"https:\/\/www.cordobatimes.com\/showup\/wp-json\/wp\/v2\/media?parent=102254"}],"wp:term":[{"taxonomy":"category","embeddable":true,"href":"https:\/\/www.cordobatimes.com\/showup\/wp-json\/wp\/v2\/categories?post=102254"},{"taxonomy":"post_tag","embeddable":true,"href":"https:\/\/www.cordobatimes.com\/showup\/wp-json\/wp\/v2\/tags?post=102254"}],"curies":[{"name":"wp","href":"https:\/\/api.w.org\/{rel}","templated":true}]}}