{"id":102242,"date":"2024-02-25T20:01:59","date_gmt":"2024-02-25T23:01:59","guid":{"rendered":"https:\/\/www.cordobatimes.com\/showup\/?p=102242"},"modified":"2024-02-25T20:01:59","modified_gmt":"2024-02-25T23:01:59","slug":"sag-awards-2024-meryl-streep-emily-blunt-y-anne-hathaway-rememoraron-el-diablo-viste-a-la-moda","status":"publish","type":"post","link":"https:\/\/www.cordobatimes.com\/showup\/cine-y-series\/2024\/02\/25\/sag-awards-2024-meryl-streep-emily-blunt-y-anne-hathaway-rememoraron-el-diablo-viste-a-la-moda\/","title":{"rendered":"SAG Awards 2024: Meryl Streep, Emily Blunt y Anne Hathaway rememoraron \u201cEl diablo viste a la moda\u201d"},"content":{"rendered":"<h3><strong>La pel\u00edcula que marc\u00f3 a una generaci\u00f3n tuvo un emotivo reencuentro de sus actrices principales.<\/strong><\/h3>\n<p>El diablo visti\u00f3 a la moda, otra vez. Las estrellas de la pel\u00edcula de 2006\u00a0El diablo viste a la moda\u00a0se robaron el show en los\u00a0SAG Awards 2024.\u00a0Meryl Streep,\u00a0Anne Hathaway\u00a0y\u00a0Emily Blunt\u00a0se\u00a0reunieron\u00a0en el escenario para presentar el premio al\u00a0actor masculino en una serie de comedia, regalando al p\u00fablico un divertido momento cargado de referencias a la pel\u00edcula que catapult\u00f3 a la fama tanto a Hathaway como a Blunt.<\/p>\n<div style=\"width: 696px;\" class=\"wp-video\"><video class=\"wp-video-shortcode\" id=\"video-102242-1\" width=\"696\" height=\"392\" preload=\"metadata\" controls=\"controls\"><source type=\"video\/mp4\" src=\"https:\/\/www.cordobatimes.com\/showup\/wp-content\/uploads\/2024\/02\/91eXyN0t-34142305.mp4?_=1\" \/><a href=\"https:\/\/www.cordobatimes.com\/showup\/wp-content\/uploads\/2024\/02\/91eXyN0t-34142305.mp4\">https:\/\/www.cordobatimes.com\/showup\/wp-content\/uploads\/2024\/02\/91eXyN0t-34142305.mp4<\/a><\/video><\/div>\n","protected":false},"excerpt":{"rendered":"<p>La pel\u00edcula que marc\u00f3 a una generaci\u00f3n tuvo un emotivo reencuentro de sus actrices principales. El diablo visti\u00f3 a la moda, otra vez. Las estrellas de la pel\u00edcula de 2006\u00a0El diablo viste a la moda\u00a0se robaron el show en los\u00a0SAG Awards 2024.\u00a0Meryl Streep,\u00a0Anne Hathaway\u00a0y\u00a0Emily Blunt\u00a0se\u00a0reunieron\u00a0en el escenario para presentar el premio al\u00a0actor masculino en una [&hellip;]<\/p>\n","protected":false},"author":1,"featured_media":102243,"comment_status":"closed","ping_status":"closed","sticky":false,"template":"","format":"standard","meta":{"_seopress_robots_primary_cat":"","_seopress_titles_title":"","_seopress_titles_desc":"","_seopress_robots_index":"","footnotes":""},"categories":[3],"tags":[38925,38926,38927,38924],"class_list":{"0":"post-102242","1":"post","2":"type-post","3":"status-publish","4":"format-standard","5":"has-post-thumbnail","7":"category-cine-y-series","8":"tag-el-diablo-viste-a-la-moda","9":"tag-meryl-streep-emily-blunt-y-anne-hathaway","10":"tag-meryl-streep-emily-blunt-y-anne-hathaway-sag-awards-2024","11":"tag-sag-awards-2024"},"_links":{"self":[{"href":"https:\/\/www.cordobatimes.com\/showup\/wp-json\/wp\/v2\/posts\/102242","targetHints":{"allow":["GET"]}}],"collection":[{"href":"https:\/\/www.cordobatimes.com\/showup\/wp-json\/wp\/v2\/posts"}],"about":[{"href":"https:\/\/www.cordobatimes.com\/showup\/wp-json\/wp\/v2\/types\/post"}],"author":[{"embeddable":true,"href":"https:\/\/www.cordobatimes.com\/showup\/wp-json\/wp\/v2\/users\/1"}],"replies":[{"embeddable":true,"href":"https:\/\/www.cordobatimes.com\/showup\/wp-json\/wp\/v2\/comments?post=102242"}],"version-history":[{"count":0,"href":"https:\/\/www.cordobatimes.com\/showup\/wp-json\/wp\/v2\/posts\/102242\/revisions"}],"wp:featuredmedia":[{"embeddable":true,"href":"https:\/\/www.cordobatimes.com\/showup\/wp-json\/wp\/v2\/media\/102243"}],"wp:attachment":[{"href":"https:\/\/www.cordobatimes.com\/showup\/wp-json\/wp\/v2\/media?parent=102242"}],"wp:term":[{"taxonomy":"category","embeddable":true,"href":"https:\/\/www.cordobatimes.com\/showup\/wp-json\/wp\/v2\/categories?post=102242"},{"taxonomy":"post_tag","embeddable":true,"href":"https:\/\/www.cordobatimes.com\/showup\/wp-json\/wp\/v2\/tags?post=102242"}],"curies":[{"name":"wp","href":"https:\/\/api.w.org\/{rel}","templated":true}]}}