{"id":102190,"date":"2024-02-11T10:14:37","date_gmt":"2024-02-11T13:14:37","guid":{"rendered":"https:\/\/www.cordobatimes.com\/showup\/?p=102190"},"modified":"2024-02-11T10:14:37","modified_gmt":"2024-02-11T13:14:37","slug":"todos-los-ganadores-de-los-premios-goya-2024","status":"publish","type":"post","link":"https:\/\/www.cordobatimes.com\/showup\/cine-y-series\/2024\/02\/11\/todos-los-ganadores-de-los-premios-goya-2024\/","title":{"rendered":"Todos los ganadores de los Premios Goya 2024"},"content":{"rendered":"<h3><strong>Juan Marin\u00e9 ha obtenido el Premio Goya de Honor en la edici\u00f3n de este a\u00f1o<\/strong><\/h3>\n<p>Este s\u00e1bado, Valladolid se ha convertido en el epicentro del cine espa\u00f1ol con\u00a0la celebraci\u00f3n de los premios Goya.<\/p>\n<div class=\"headline-wrapper\">\n<h3 class=\"header headline-class-h2\"><strong>Esta es la lista completa de los ganadores de los Premios Goya<\/strong><\/h3>\n<\/div>\n<ul class=\"list\" data-icon=\"\u2b24\">\n<li data-icon=\"\u2b24\"><b>Jos\u00e9 Coronado<\/b><i>\u00a0(Cerrar los ojos) &#8211;<\/i>\u00a0Mejor\u00a0<b>actor de reparto<\/b><\/li>\n<li data-icon=\"\u2b24\"><b>Rigoberta Bandini\u00a0<\/b><b>&#8211;\u00a0<\/b><i>Yo s\u00f3lo quiero amor (<\/i>BSO de\u00a0<i>Te estoy amando locamente)\u00a0<\/i>Mejor\u00a0<b>canci\u00f3n original<\/b><\/li>\n<li data-icon=\"\u2b24\"><b>Julio Su\u00e1rez<\/b>\u00a0<i>(La sociedad de la nieve<\/i>) &#8211; Mejor\u00a0<b>dise\u00f1o de vestuario<\/b><\/li>\n<li data-icon=\"\u2b24\"><b>Pau Costa, Laura Pedro y F\u00e9lix Berg\u00e9s\u00a0<\/b><i>(La sociedad de la nieve<\/i>) &#8211;<b>\u00a0<\/b>Mejores\u00a0<b>efectos especiales<\/b><\/li>\n<li data-icon=\"\u2b24\"><b>Montse Rib\u00e9, Ana L\u00f3pez Puigcerver, Bel\u00e9n L\u00f3pez Puigcerver\u00a0<\/b><i>(La sociedad de la nieve<\/i>)-\u00a0<b>Mejor maquillaje y peluquer\u00eda<\/b><\/li>\n<li data-icon=\"\u2b24\"><b>Mat\u00edas Recalt\u00a0<\/b>(<i>La sociedad de la nieve<\/i>) &#8211; Mejor\u00a0<b>actor revelaci\u00f3n<\/b><\/li>\n<li data-icon=\"\u2b24\"><b>Andr\u00e9s Gil y Jaume Mart\u00ed<\/b>\u00a0(<i>La sociedad de la nieve<\/i>) &#8211;<b>\u00a0Mejor montaje<\/b><\/li>\n<li data-icon=\"\u2b24\"><b>Pedro Duque<\/b>\u00a0(<i>La sociedad de la nieve<\/i>) &#8211; Mejor\u00a0<b>direcci\u00f3n de fotograf\u00eda<\/b><\/li>\n<li data-icon=\"\u2b24\"><b>Oriol Tarrag\u00f3, Marc Orts y Jorge Adrados<\/b>\u00a0(<i>La sociedad de la nieve<\/i>) &#8211; Mejor<b>\u00a0sonido<\/b><\/li>\n<li data-icon=\"\u2b24\"><b>Alain Bain\u00e9e<\/b>\u00a0(<i>La sociedad de la nieve<\/i>) &#8211; Mejor<b>\u00a0direcci\u00f3n art\u00edstica<\/b><\/li>\n<li data-icon=\"\u2b24\"><b>Margarita Huguet<\/b>\u00a0(<i>La sociedad de la nieve<\/i>) &#8211; Mejor\u00a0<b>direcci\u00f3n de producci\u00f3n<\/b><\/li>\n<li data-icon=\"\u2b24\"><b>Michael Giacchino<\/b>\u00a0(<i>La sociedad de la nieve<\/i>) &#8211;<b>\u00a0<\/b>Mejor<b>\u00a0m\u00fasica original<\/b><\/li>\n<li data-icon=\"\u2b24\"><b>Juan Marin\u00e9\u00a0<\/b>&#8211;<b>\u00a0Goya de Honor<\/b><\/li>\n<li data-icon=\"\u2b24\"><b>\u2018Robot Dreams\u2019\u00a0<\/b><b>&#8211;\u00a0<\/b>Mejor<b>\u00a0pel\u00edcula de animaci\u00f3n<\/b><\/li>\n<li data-icon=\"\u2b24\"><b>\u2018Mientras seas t\u00fa, el aqu\u00ed y ahora de Carme El\u00edas\u2019\u00a0<\/b><b>&#8211;<\/b>\u00a0Mejor\u00a0<b>pel\u00edcula documental<\/b><\/li>\n<li data-icon=\"\u2b24\"><b>\u2018Aunque es de noche\u2019\u00a0<\/b>&#8211; Mejor<b>\u00a0cortometraje de ficci\u00f3n<\/b><\/li>\n<li data-icon=\"\u2b24\"><b>\u2018Ava\u2019<\/b>\u00a0&#8211; Mejor\u00a0<b>cortometraje documental<\/b><\/li>\n<li data-icon=\"\u2b24\"><b>\u2018To bird or nor to bird\u2019\u00a0<\/b>&#8211; Mejor\u00a0<b>cortometraje de animaci\u00f3n<\/b><\/li>\n<li data-icon=\"\u2b24\"><b>Estibaliz Urresola\u00a0<\/b>(<i>20.000 especies de abejas<\/i>) &#8211; Mejor\u00a0<b>direcci\u00f3n novel<\/b><\/li>\n<li data-icon=\"\u2b24\"><b>Sigourney Weaver\u00a0<\/b>&#8211; Goya<b>\u00a0Internacional<\/b><\/li>\n<li data-icon=\"\u2b24\"><b>Janet Nov\u00e1s\u00a0<\/b>(<i>O corno)<\/i>\u00a0&#8211; Mejor<b>\u00a0actriz revelaci\u00f3n<\/b><\/li>\n<li data-icon=\"\u2b24\"><b>\u2018La memoria infinita\u2019<\/b>&#8211; Mejor\u00a0<b>pel\u00edcula iberoamericana<\/b><\/li>\n<li data-icon=\"\u2b24\"><b>\u2018Anatom\u00eda de una ca\u00edda\u2019<\/b>&#8211; Mejor\u00a0<b>pel\u00edcula europea<\/b><\/li>\n<li data-icon=\"\u2b24\"><b>Ane Gabarain<\/b>\u00a0(<i>20.000 especies de abejas<\/i>) &#8211; Mejor\u00a0<b>actriz de reparto<\/b><\/li>\n<li data-icon=\"\u2b24\"><b>Pablo Berger<\/b>\u00a0(<i>Robot dreams<\/i>) &#8211; Mejo<b>r guion adaptado<\/b><\/li>\n<li data-icon=\"\u2b24\"><b>Estibaliz Urresola<\/b>\u00a0(<i>20.000 especies de abejas<\/i>) &#8211; Mejor\u00a0<b>guion original<\/b><\/li>\n<li data-icon=\"\u2b24\">David Verdaguer (<i>Saben aquell)<\/i>\u00a0Mejor<b>\u00a0actor protagonista<\/b><\/li>\n<li data-icon=\"\u2b24\"><b>Malena Alterio<\/b>\u00a0(<i>Que nadie duerma)\u00a0<\/i>&#8211; Mejor\u00a0<b>actriz protagonista<\/b><\/li>\n<li data-icon=\"\u2b24\"><b>Juan Antonio Bayona<\/b><i>\u00a0(La sociedad de la nieve<\/i>) &#8211; Mejor<b>\u00a0direcci\u00f3n<\/b><\/li>\n<li data-icon=\"\u2b24\"><b>\u2018La sociedad de la nieve\u2019<\/b><b>\u00a0<\/b>&#8211; Mejor<b>\u00a0pel\u00edcula<\/b><\/li>\n<\/ul>\n","protected":false},"excerpt":{"rendered":"<p>Juan Marin\u00e9 ha obtenido el Premio Goya de Honor en la edici\u00f3n de este a\u00f1o Este s\u00e1bado, Valladolid se ha convertido en el epicentro del cine espa\u00f1ol con\u00a0la celebraci\u00f3n de los premios Goya. Esta es la lista completa de los ganadores de los Premios Goya Jos\u00e9 Coronado\u00a0(Cerrar los ojos) &#8211;\u00a0Mejor\u00a0actor de reparto Rigoberta Bandini\u00a0&#8211;\u00a0Yo s\u00f3lo [&hellip;]<\/p>\n","protected":false},"author":1,"featured_media":102191,"comment_status":"closed","ping_status":"closed","sticky":false,"template":"","format":"standard","meta":{"_seopress_robots_primary_cat":"","_seopress_titles_title":"","_seopress_titles_desc":"","_seopress_robots_index":"","footnotes":""},"categories":[3],"tags":[38909,38910],"class_list":{"0":"post-102190","1":"post","2":"type-post","3":"status-publish","4":"format-standard","5":"has-post-thumbnail","7":"category-cine-y-series","8":"tag-ganadores-de-los-premios-goya-2024","9":"tag-premios-goya-2024"},"_links":{"self":[{"href":"https:\/\/www.cordobatimes.com\/showup\/wp-json\/wp\/v2\/posts\/102190","targetHints":{"allow":["GET"]}}],"collection":[{"href":"https:\/\/www.cordobatimes.com\/showup\/wp-json\/wp\/v2\/posts"}],"about":[{"href":"https:\/\/www.cordobatimes.com\/showup\/wp-json\/wp\/v2\/types\/post"}],"author":[{"embeddable":true,"href":"https:\/\/www.cordobatimes.com\/showup\/wp-json\/wp\/v2\/users\/1"}],"replies":[{"embeddable":true,"href":"https:\/\/www.cordobatimes.com\/showup\/wp-json\/wp\/v2\/comments?post=102190"}],"version-history":[{"count":0,"href":"https:\/\/www.cordobatimes.com\/showup\/wp-json\/wp\/v2\/posts\/102190\/revisions"}],"wp:featuredmedia":[{"embeddable":true,"href":"https:\/\/www.cordobatimes.com\/showup\/wp-json\/wp\/v2\/media\/102191"}],"wp:attachment":[{"href":"https:\/\/www.cordobatimes.com\/showup\/wp-json\/wp\/v2\/media?parent=102190"}],"wp:term":[{"taxonomy":"category","embeddable":true,"href":"https:\/\/www.cordobatimes.com\/showup\/wp-json\/wp\/v2\/categories?post=102190"},{"taxonomy":"post_tag","embeddable":true,"href":"https:\/\/www.cordobatimes.com\/showup\/wp-json\/wp\/v2\/tags?post=102190"}],"curies":[{"name":"wp","href":"https:\/\/api.w.org\/{rel}","templated":true}]}}