{"id":102181,"date":"2024-02-09T20:48:32","date_gmt":"2024-02-09T23:48:32","guid":{"rendered":"https:\/\/www.cordobatimes.com\/showup\/?p=102181"},"modified":"2024-02-09T20:48:32","modified_gmt":"2024-02-09T23:48:32","slug":"sabrina-rojas-sobre-flor-vigna-te-juro-que-flor-me-cuesta-mucho-considero-que-es-buena-pero-vive-enroscada","status":"publish","type":"post","link":"https:\/\/www.cordobatimes.com\/showup\/tv\/2024\/02\/09\/sabrina-rojas-sobre-flor-vigna-te-juro-que-flor-me-cuesta-mucho-considero-que-es-buena-pero-vive-enroscada\/","title":{"rendered":"Sabrina Rojas sobre Flor Vigna \u00abTe juro que flor me cuesta mucho. Considero que es buena pero vive enroscada\u00bb"},"content":{"rendered":"<h3>\u00ab<strong>Yo le pregunt\u00e9 como estaba por su separaci\u00f3n y nada m\u00e1s\u00bb\u00a0<\/strong><\/h3>\n<p>\u00abCuando flor hablo me sent\u00ed extra\u00f1a que desmienta lo que estaba diciendo. Ella nada ten\u00eda que ver porque era un tema de hijos\u00bb<\/p>\n<p>\u00abFlor no est\u00e1. No puede opinar. Esto es m\u00e1s profundo\u00bb<\/p>\n<p>\u00abNo le saco la ficha. Te podes mandar tantas siendo tan inocente? \u00bb<\/p>\n<p>\u00abFlor o no sabe jugar o no se la banca. Quiere jugar la chica buena y se empieza a enroscar\u00bb<\/p>\n<blockquote class=\"twitter-tweet\" data-media-max-width=\"560\">\n<p lang=\"es\" dir=\"ltr\">\ud83d\udca5 Sabrina Rojas habla de su relaci\u00f3n con Luciano Castro<\/p>\n<p>\u201cNunca dije que Luciano era un mal padre\u201d.<\/p>\n<p>Cc <a href=\"https:\/\/twitter.com\/hashtag\/LAM?src=hash&amp;ref_src=twsrc%5Etfw\">#LAM<\/a> en Am\u00e9rica TV \ud83d\udcfa <a href=\"https:\/\/twitter.com\/elejercitodelam?ref_src=twsrc%5Etfw\">@elejercitodelam<\/a> <a href=\"https:\/\/twitter.com\/AngeldebritoOk?ref_src=twsrc%5Etfw\">@AngeldebritoOk<\/a> <a href=\"https:\/\/t.co\/FBq5h3aH7U\">pic.twitter.com\/FBq5h3aH7U<\/a><\/p>\n<p>&mdash; Am\u00e9rica TV (@AmericaTV) <a href=\"https:\/\/twitter.com\/AmericaTV\/status\/1756096394073428428?ref_src=twsrc%5Etfw\">February 9, 2024<\/a><\/p><\/blockquote>\n<p> <script async src=\"https:\/\/platform.twitter.com\/widgets.js\" charset=\"utf-8\"><\/script><\/p>\n<blockquote class=\"twitter-tweet\" data-media-max-width=\"560\">\n<p lang=\"es\" dir=\"ltr\">\ud83d\udca5 Sabrina Rojas sobre Flor Vigna<\/p>\n<p>\u201cMe cuesta entenderla\u201d.<\/p>\n<p>Cc <a href=\"https:\/\/twitter.com\/hashtag\/LAM?src=hash&amp;ref_src=twsrc%5Etfw\">#LAM<\/a> en Am\u00e9rica TV \ud83d\udcfa <a href=\"https:\/\/twitter.com\/elejercitodelam?ref_src=twsrc%5Etfw\">@elejercitodelam<\/a> <a href=\"https:\/\/twitter.com\/AngeldebritoOk?ref_src=twsrc%5Etfw\">@AngeldebritoOk<\/a> <a href=\"https:\/\/t.co\/70idfhlcGP\">pic.twitter.com\/70idfhlcGP<\/a><\/p>\n<p>&mdash; Am\u00e9rica TV (@AmericaTV) <a href=\"https:\/\/twitter.com\/AmericaTV\/status\/1756098325869162907?ref_src=twsrc%5Etfw\">February 9, 2024<\/a><\/p><\/blockquote>\n<p> <script async src=\"https:\/\/platform.twitter.com\/widgets.js\" charset=\"utf-8\"><\/script><\/p>\n","protected":false},"excerpt":{"rendered":"<p>\u00abYo le pregunt\u00e9 como estaba por su separaci\u00f3n y nada m\u00e1s\u00bb\u00a0 \u00abCuando flor hablo me sent\u00ed extra\u00f1a que desmienta lo que estaba diciendo. Ella nada ten\u00eda que ver porque era un tema de hijos\u00bb \u00abFlor no est\u00e1. No puede opinar. Esto es m\u00e1s profundo\u00bb \u00abNo le saco la ficha. Te podes mandar tantas siendo tan [&hellip;]<\/p>\n","protected":false},"author":1,"featured_media":102182,"comment_status":"closed","ping_status":"closed","sticky":false,"template":"","format":"standard","meta":{"_seopress_robots_primary_cat":"","_seopress_titles_title":"","_seopress_titles_desc":"","_seopress_robots_index":"","footnotes":""},"categories":[2],"tags":[33543,38904,38905],"class_list":{"0":"post-102181","1":"post","2":"type-post","3":"status-publish","4":"format-standard","5":"has-post-thumbnail","7":"category-tv","8":"tag-flor-vigna-y-luciano-castro","9":"tag-sabrina-rojas-sobre-flor-vigna","10":"tag-sabrina-rojas-y-flor-vigna"},"_links":{"self":[{"href":"https:\/\/www.cordobatimes.com\/showup\/wp-json\/wp\/v2\/posts\/102181","targetHints":{"allow":["GET"]}}],"collection":[{"href":"https:\/\/www.cordobatimes.com\/showup\/wp-json\/wp\/v2\/posts"}],"about":[{"href":"https:\/\/www.cordobatimes.com\/showup\/wp-json\/wp\/v2\/types\/post"}],"author":[{"embeddable":true,"href":"https:\/\/www.cordobatimes.com\/showup\/wp-json\/wp\/v2\/users\/1"}],"replies":[{"embeddable":true,"href":"https:\/\/www.cordobatimes.com\/showup\/wp-json\/wp\/v2\/comments?post=102181"}],"version-history":[{"count":0,"href":"https:\/\/www.cordobatimes.com\/showup\/wp-json\/wp\/v2\/posts\/102181\/revisions"}],"wp:featuredmedia":[{"embeddable":true,"href":"https:\/\/www.cordobatimes.com\/showup\/wp-json\/wp\/v2\/media\/102182"}],"wp:attachment":[{"href":"https:\/\/www.cordobatimes.com\/showup\/wp-json\/wp\/v2\/media?parent=102181"}],"wp:term":[{"taxonomy":"category","embeddable":true,"href":"https:\/\/www.cordobatimes.com\/showup\/wp-json\/wp\/v2\/categories?post=102181"},{"taxonomy":"post_tag","embeddable":true,"href":"https:\/\/www.cordobatimes.com\/showup\/wp-json\/wp\/v2\/tags?post=102181"}],"curies":[{"name":"wp","href":"https:\/\/api.w.org\/{rel}","templated":true}]}}