{"id":102178,"date":"2024-02-09T11:51:11","date_gmt":"2024-02-09T14:51:11","guid":{"rendered":"https:\/\/www.cordobatimes.com\/showup\/?p=102178"},"modified":"2024-02-09T11:51:11","modified_gmt":"2024-02-09T14:51:11","slug":"hbo-max-dio-a-conocer-detalles-de-la-nueva-serie-de-harry-potter","status":"publish","type":"post","link":"https:\/\/www.cordobatimes.com\/showup\/cine-y-series\/2024\/02\/09\/hbo-max-dio-a-conocer-detalles-de-la-nueva-serie-de-harry-potter\/","title":{"rendered":"HBO Max dio a conocer detalles de la nueva serie de Harry Potter"},"content":{"rendered":"<h3><strong>Luego de la confirmaci\u00f3n de que Harry Potter tendr\u00e1 su serie, la plataforma de streaming Max cont\u00f3 cu\u00e1ntas temporadas tendr\u00e1.<\/strong><\/h3>\n<p>Los fan\u00e1ticos de una de las novelas fant\u00e1sticas m\u00e1s \u00e9xitosas de los \u00faltimos tiempos y que ha tenido sus adaptaciones al cine llega a la pantalla chica.\u00a0Harry Potter\u00a0finalmente tendr\u00e1 su serie y la plataforma de streaming HBO Max cont\u00f3 de cu\u00e1ntas temporadas se tratar\u00e1 y c\u00f3mo ser\u00e1 el proyecto.<\/p>\n<p>Hace casi un a\u00f1o atr\u00e1s,\u00a0HBO Max confirmaba la noticia\u00a0de que la historia del joven mago que va a Hogwarts, que revolucion\u00f3 la industria del cine y de la literatura en la d\u00e9cada del 2000, iba a tener su serie.Y de a poco se va sabiendo cada vez m\u00e1s.<\/p>\n<h3><strong>\u00bfC\u00f3mo ser\u00e1 la serie de\u00a0Harry Potter?<\/strong><\/h3>\n<p>La historia transcurrir\u00e1 a lo largo de siete temporadas, que durar\u00e1n 10 a\u00f1os, y ser\u00e1, seg\u00fan trascendi\u00f3, \u00ab100% fiel a la obra literaria\u00bb. Adem\u00e1s, adelantaron, ser\u00e1 la mayor inversi\u00f3n de Warner en la historia.<\/p>\n<p>Los libros de la escritora brit\u00e1nica J. K. Rowling fueron lanzados en el per\u00edodo de 1997 a 2007 y fueron adaptados al cine cuando \u00e9sta vendi\u00f3 los derechos cinematogr\u00e1ficos a Warner Bross en 1999. El rodaje comenz\u00f3 un a\u00f1o despu\u00e9s, y\u00a0Harry Potter y la Piedra Filosofal\u00a0vio la luz en noviembre de 2001.<\/p>\n<p>La saga se convirti\u00f3 en un \u00e9xito y marc\u00f3 el camino para las que vinieron luego. La historia del mago y sus amigos, adem\u00e1s, cuenta con parques tem\u00e1ticos en Estados Unidos y Jap\u00f3n, videojuegos, convenciones en todo el mundo y una gran cantidad de merchandising.<\/p>\n<h3><strong>\u00bfCu\u00e1ndo estrena la serie de Harry Potter?<\/strong><\/h3>\n<p>La vicepresidenta de Warner Bros, Rosa T\u00e9var, cont\u00f3 que la primera temporada de la serie de Harry Potter tendr\u00e1 su estreno en 2025.<\/p>\n<p>Esta vez, J. K. Rowling ser\u00e1 productora ejecutiva de la serie y el cast ser\u00e1 totalmente diferente. De acuerdo a la CEO de HBO, el presupuesto ser\u00e1 el equivalemte al de\u00a0Game of Thrones\u00a0y\u00a0House of the Dragon.<\/p>\n","protected":false},"excerpt":{"rendered":"<p>Luego de la confirmaci\u00f3n de que Harry Potter tendr\u00e1 su serie, la plataforma de streaming Max cont\u00f3 cu\u00e1ntas temporadas tendr\u00e1. Los fan\u00e1ticos de una de las novelas fant\u00e1sticas m\u00e1s \u00e9xitosas de los \u00faltimos tiempos y que ha tenido sus adaptaciones al cine llega a la pantalla chica.\u00a0Harry Potter\u00a0finalmente tendr\u00e1 su serie y la plataforma de [&hellip;]<\/p>\n","protected":false},"author":1,"featured_media":102179,"comment_status":"closed","ping_status":"closed","sticky":false,"template":"","format":"standard","meta":{"_seopress_robots_primary_cat":"","_seopress_titles_title":"","_seopress_titles_desc":"","_seopress_robots_index":"","footnotes":""},"categories":[3],"tags":[38903,38902,38901],"class_list":{"0":"post-102178","1":"post","2":"type-post","3":"status-publish","4":"format-standard","5":"has-post-thumbnail","7":"category-cine-y-series","8":"tag-harry-potter-hbo-max","9":"tag-harry-potter-serie","10":"tag-nueva-serie-de-harry-potter"},"_links":{"self":[{"href":"https:\/\/www.cordobatimes.com\/showup\/wp-json\/wp\/v2\/posts\/102178","targetHints":{"allow":["GET"]}}],"collection":[{"href":"https:\/\/www.cordobatimes.com\/showup\/wp-json\/wp\/v2\/posts"}],"about":[{"href":"https:\/\/www.cordobatimes.com\/showup\/wp-json\/wp\/v2\/types\/post"}],"author":[{"embeddable":true,"href":"https:\/\/www.cordobatimes.com\/showup\/wp-json\/wp\/v2\/users\/1"}],"replies":[{"embeddable":true,"href":"https:\/\/www.cordobatimes.com\/showup\/wp-json\/wp\/v2\/comments?post=102178"}],"version-history":[{"count":0,"href":"https:\/\/www.cordobatimes.com\/showup\/wp-json\/wp\/v2\/posts\/102178\/revisions"}],"wp:featuredmedia":[{"embeddable":true,"href":"https:\/\/www.cordobatimes.com\/showup\/wp-json\/wp\/v2\/media\/102179"}],"wp:attachment":[{"href":"https:\/\/www.cordobatimes.com\/showup\/wp-json\/wp\/v2\/media?parent=102178"}],"wp:term":[{"taxonomy":"category","embeddable":true,"href":"https:\/\/www.cordobatimes.com\/showup\/wp-json\/wp\/v2\/categories?post=102178"},{"taxonomy":"post_tag","embeddable":true,"href":"https:\/\/www.cordobatimes.com\/showup\/wp-json\/wp\/v2\/tags?post=102178"}],"curies":[{"name":"wp","href":"https:\/\/api.w.org\/{rel}","templated":true}]}}