{"id":102175,"date":"2024-02-09T10:52:54","date_gmt":"2024-02-09T13:52:54","guid":{"rendered":"https:\/\/www.cordobatimes.com\/showup\/?p=102175"},"modified":"2024-02-09T10:52:54","modified_gmt":"2024-02-09T13:52:54","slug":"angel-de-brito-conto-la-verdad-sobre-por-que-se-cancelo-la-entrevista-de-susana-gimenez-a-javier-milei","status":"publish","type":"post","link":"https:\/\/www.cordobatimes.com\/showup\/tv\/2024\/02\/09\/angel-de-brito-conto-la-verdad-sobre-por-que-se-cancelo-la-entrevista-de-susana-gimenez-a-javier-milei\/","title":{"rendered":"\u00c1ngel de Brito cont\u00f3 la verdad sobre por qu\u00e9 se cancel\u00f3 la entrevista de Susana Gim\u00e9nez a Javier Milei"},"content":{"rendered":"<h3><strong>Pese a que la conductora asegur\u00f3 estar enferma, apareci\u00f3 otra fuerte versi\u00f3n sobre lo ocurrido.<\/strong><\/h3>\n<p>Susana Gim\u00e9nez iba a entrevistar a Javier Milei; sin embargo, dicho encuentro de cancel\u00f3. Pese a que la diva comunic\u00f3 que estaba enferma, recientemente se supo la verdad.<\/p>\n<p>\u00c1ngel de Brito\u00a0volvi\u00f3 a\u00a0LAM (Am\u00e9rica TV)\u00a0recargado despu\u00e9s de sus vacaciones y revel\u00f3 la verdad sobre por qu\u00e9\u00a0Susana Gim\u00e9nez\u00a0finalmente no entrevist\u00f3 al presidente de la Naci\u00f3n.<\/p>\n<p>\u00abSe promocion\u00f3 la vuelta de Susana a la televisi\u00f3n con una entrevista al presidente.\u00a0La nota estaba pautada, ella iba a ir a la Casa Rosada, al despacho. Telefe quer\u00eda ponerla ya en pantalla, por eso se gestion\u00f3 la nota con el presidente. Era un especial\u00bb, introdujo el conductor.<\/p>\n<p>\u00abPero la producci\u00f3n de Susana llam\u00f3 y dijo &#8216;la nota tiene que cancelarse&#8217;.\u00a0Ah\u00ed empezaron todo tipo de especulaciones\u00bb, sum\u00f3. \u00abLa familia de Susana le dijo: &#8216;No ten\u00e9s que hacer esta nota en este momento. No ten\u00e9s que volver a la tele. Es tu vuelta oficial a Telefe, \u00bfpor qu\u00e9 empezar con esto que genera tanta divisi\u00f3n&#8217;. Susana quer\u00eda hacerla, le parec\u00eda un desaf\u00edo y m\u00e1s en este momento\u00bb, revel\u00f3 \u00c1ngel de Brito.<\/p>\n<p>La conductora ten\u00eda programado un encuentro con el presidente para el domingo pasado\u00a0y la conversaci\u00f3n que iban a tener iba a salir al aire el lunes por la pantalla de las pelotas. Sin embargo, antes de que se conociera la versi\u00f3n que dio \u00c1ngel de Brito, el canal comunic\u00f3 que esto no suceder\u00eda por ahora: \u00abTelefe informa la\u00a0postergaci\u00f3n de la entrevista prevista entre\u00a0Susana Gim\u00e9nez\u00a0y el presidente de la Naci\u00f3n Argentina,\u00a0Javier Milei.\u00a0El encuentro, que se emitir\u00eda el pr\u00f3ximo lunes 5 de febrero, se pospondr\u00e1 debido a circunstancias imprevistas en la salud de nuestra conductora\u00bb.<\/p>\n<p>Asimismo, el anuncio fue acompa\u00f1ado\u00a0por unas declaraciones de\u00a0la diva: \u00abEstaba emocionada con este encuentro, pero tengo que pensar en mi salud; espero recuperarme pronto y poder realizar esta entrevista tan esperada\u00bb.<\/p>\n","protected":false},"excerpt":{"rendered":"<p>Pese a que la conductora asegur\u00f3 estar enferma, apareci\u00f3 otra fuerte versi\u00f3n sobre lo ocurrido. Susana Gim\u00e9nez iba a entrevistar a Javier Milei; sin embargo, dicho encuentro de cancel\u00f3. Pese a que la diva comunic\u00f3 que estaba enferma, recientemente se supo la verdad. \u00c1ngel de Brito\u00a0volvi\u00f3 a\u00a0LAM (Am\u00e9rica TV)\u00a0recargado despu\u00e9s de sus vacaciones y revel\u00f3 [&hellip;]<\/p>\n","protected":false},"author":1,"featured_media":102176,"comment_status":"closed","ping_status":"closed","sticky":false,"template":"","format":"standard","meta":{"_seopress_robots_primary_cat":"","_seopress_titles_title":"","_seopress_titles_desc":"","_seopress_robots_index":"","footnotes":""},"categories":[2],"tags":[38878,38900,38877],"class_list":{"0":"post-102175","1":"post","2":"type-post","3":"status-publish","4":"format-standard","5":"has-post-thumbnail","7":"category-tv","8":"tag-entrevista-de-susana-gimenez-a-javier-milei","9":"tag-por-que-se-cancelo-la-entrevista-de-susana-gimenez-a-javier-milei","10":"tag-susana-gimenez-y-javier-milei"},"_links":{"self":[{"href":"https:\/\/www.cordobatimes.com\/showup\/wp-json\/wp\/v2\/posts\/102175","targetHints":{"allow":["GET"]}}],"collection":[{"href":"https:\/\/www.cordobatimes.com\/showup\/wp-json\/wp\/v2\/posts"}],"about":[{"href":"https:\/\/www.cordobatimes.com\/showup\/wp-json\/wp\/v2\/types\/post"}],"author":[{"embeddable":true,"href":"https:\/\/www.cordobatimes.com\/showup\/wp-json\/wp\/v2\/users\/1"}],"replies":[{"embeddable":true,"href":"https:\/\/www.cordobatimes.com\/showup\/wp-json\/wp\/v2\/comments?post=102175"}],"version-history":[{"count":0,"href":"https:\/\/www.cordobatimes.com\/showup\/wp-json\/wp\/v2\/posts\/102175\/revisions"}],"wp:featuredmedia":[{"embeddable":true,"href":"https:\/\/www.cordobatimes.com\/showup\/wp-json\/wp\/v2\/media\/102176"}],"wp:attachment":[{"href":"https:\/\/www.cordobatimes.com\/showup\/wp-json\/wp\/v2\/media?parent=102175"}],"wp:term":[{"taxonomy":"category","embeddable":true,"href":"https:\/\/www.cordobatimes.com\/showup\/wp-json\/wp\/v2\/categories?post=102175"},{"taxonomy":"post_tag","embeddable":true,"href":"https:\/\/www.cordobatimes.com\/showup\/wp-json\/wp\/v2\/tags?post=102175"}],"curies":[{"name":"wp","href":"https:\/\/api.w.org\/{rel}","templated":true}]}}