{"id":102119,"date":"2024-02-01T10:47:29","date_gmt":"2024-02-01T13:47:29","guid":{"rendered":"https:\/\/www.cordobatimes.com\/showup\/?p=102119"},"modified":"2024-02-01T11:13:32","modified_gmt":"2024-02-01T14:13:32","slug":"empezaron-las-grabaciones-de-michael-la-biopic-del-rey-del-pop","status":"publish","type":"post","link":"https:\/\/www.cordobatimes.com\/showup\/cine-y-series\/2024\/02\/01\/empezaron-las-grabaciones-de-michael-la-biopic-del-rey-del-pop\/","title":{"rendered":"Empezaron las grabaciones de \u00abMichael\u00bb,  la biopic del Rey del Pop"},"content":{"rendered":"<h3><strong>La pel\u00edcula que inmortalizar\u00e1 su vida y legado ser\u00e1 protagonizada por su sobrino, Jaafar Jackson.\u00a0Se estrena\u00a0en todo el mundo el 18 de abril de 2025.<\/strong><\/h3>\n<p>La ic\u00f3nica historia de vida y carrera de Michael Jackson llegar\u00e1n al cine con el tan esperado biopic titulado simplemente\u00a0Michael. Lionsgate, la casa productora detr\u00e1s de la pel\u00edcula, ha revelado recientemente detalles sobre este proyecto que promete sumergir al p\u00fablico en los momentos m\u00e1s trascendentales de la brillante y compleja vida del Rey del Pop llevada a la pantalla grande.<\/p>\n<p>Desde ya, la elecci\u00f3n del protagonista le otorga un significado especial a esta producci\u00f3n, ya que el encargado de encarnar al legendario cantante ser\u00e1 nada menos que su sobrino Jaafar Jackson, hijo del hermano mayor de Michael, Jermaine. Quiz\u00e1s es un nombre poco conocido, pero lo cierto es que el joven de 27 a\u00f1os ya se ha forjado una carrera como artista desde los 12 a\u00f1os, cuando empez\u00f3 a cantar y bailar.<\/p>\n<p>Jaafar fue seleccionado tras dos a\u00f1os de una extensa b\u00fasqueda internacional para encontrar al protagonista. Los factores decisivos fueron su voz, sorprendentemente similar a la del int\u00e9rprete de Billie Jean, sumada a su \u201ccapacidad org\u00e1nica para personificar el esp\u00edritu y la personalidad de Michael\u201d, seg\u00fan palabras del productor Graham King. \u201cEstaba claro que \u00e9l es la \u00fanica persona para asumir este papel\u201d, sentenci\u00f3.<\/p>\n<p><img alt=\"\" loading=\"lazy\" decoding=\"async\" class=\"alignnone wp-image-102121 size-full\" src=\"https:\/\/www.cordobatimes.com\/showup\/wp-content\/uploads\/2024\/02\/Pantallazo-01-02-2024-10.35.31.jpg\" alt=\"\" width=\"727\" height=\"546\" srcset=\"https:\/\/www.cordobatimes.com\/showup\/wp-content\/uploads\/2024\/02\/Pantallazo-01-02-2024-10.35.31.jpg 727w, https:\/\/www.cordobatimes.com\/showup\/wp-content\/uploads\/2024\/02\/Pantallazo-01-02-2024-10.35.31-559x420.jpg 559w, https:\/\/www.cordobatimes.com\/showup\/wp-content\/uploads\/2024\/02\/Pantallazo-01-02-2024-10.35.31-696x523.jpg 696w, https:\/\/www.cordobatimes.com\/showup\/wp-content\/uploads\/2024\/02\/Pantallazo-01-02-2024-10.35.31-80x60.jpg 80w, https:\/\/www.cordobatimes.com\/showup\/wp-content\/uploads\/2024\/02\/Pantallazo-01-02-2024-10.35.31-265x198.jpg 265w\" sizes=\"auto, (max-width: 727px) 100vw, 727px\" \/><\/p>\n<p>\u201cHubo una conexi\u00f3n tan espiritual cuando conoc\u00ed a Jaafar, que tiene una habilidad natural para emular a Michael y una qu\u00edmica tan grande con la c\u00e1mara\u201d, declar\u00f3 a\u00a0Variety\u00a0el director de la pel\u00edcula, Antoine Fuqua. Incluso Katherine, la madre del cantante, ha dicho que su nieto \u201cencarna\u201d a su hijo.<\/p>\n<p>Si bien la participaci\u00f3n de Jaafar ya estaba confirmada desde el a\u00f1o pasado, el actor era el \u00fanico del elenco que Lionsgate hab\u00eda hecho oficial. Este mes, la productora, que ir\u00e1 anunciando el resto del reparto cada jueves, confirm\u00f3 dos personajes m\u00e1s: un joven Michael Jackson y su padre, Joe Jackson.<\/p>\n<p>Juliano Krue Valdi, de 9 a\u00f1os, ser\u00e1 encargado de interpretar al Rey del Pop de ni\u00f1o, durante sus primeros a\u00f1os de ascenso a la fama con los Jackson 5, grupo musical donde cantaba con sus hermanos mayores.<\/p>\n<p><img alt=\"\" loading=\"lazy\" decoding=\"async\" class=\"alignnone size-medium wp-image-102122\" src=\"https:\/\/www.cordobatimes.com\/showup\/wp-content\/uploads\/2024\/02\/Pantallazo-01-02-2024-10.38.50-632x420.jpg\" alt=\"\" width=\"632\" height=\"420\" srcset=\"https:\/\/www.cordobatimes.com\/showup\/wp-content\/uploads\/2024\/02\/Pantallazo-01-02-2024-10.38.50-632x420.jpg 632w, https:\/\/www.cordobatimes.com\/showup\/wp-content\/uploads\/2024\/02\/Pantallazo-01-02-2024-10.38.50-696x463.jpg 696w, https:\/\/www.cordobatimes.com\/showup\/wp-content\/uploads\/2024\/02\/Pantallazo-01-02-2024-10.38.50.jpg 722w\" sizes=\"auto, (max-width: 632px) 100vw, 632px\" \/><\/p>\n<p>\u201cEl casting para el papel del joven Michael fue m\u00e1s dif\u00edcil que el de los adultos, porque \u00bfd\u00f3nde encontrar a un actor infantil con el talento del mayor artista que jam\u00e1s haya existido?\u201d, dijo el director. \u201cEl innegable talento de Juliano le coloc\u00f3 en lo m\u00e1s alto de nuestra lista\u201d.<\/p>\n<p>Por su parte, Colman Domingo, nominado al Oscar este a\u00f1o por\u00a0Rustin, fortalecer\u00e1 el reparto de la pel\u00edcula con su presencia al dar vida al patriarca de la familia Jackson, Joseph \u2018Joe\u2019 Jackson.<\/p>\n<p>Domingo aportar\u00e1 su experiencia al complejo rol del padre y manager de Michael, con quien se sabe que tuvo una relaci\u00f3n complicada. Seg\u00fan el productor King, el actor \u201ctiene un registro incre\u00edble\u201d.<\/p>\n<p><img alt=\"\" loading=\"lazy\" decoding=\"async\" class=\"alignnone size-full wp-image-102123\" src=\"https:\/\/www.cordobatimes.com\/showup\/wp-content\/uploads\/2024\/02\/Pantallazo-01-02-2024-10.41.40.jpg\" alt=\"\" width=\"728\" height=\"406\" srcset=\"https:\/\/www.cordobatimes.com\/showup\/wp-content\/uploads\/2024\/02\/Pantallazo-01-02-2024-10.41.40.jpg 728w, https:\/\/www.cordobatimes.com\/showup\/wp-content\/uploads\/2024\/02\/Pantallazo-01-02-2024-10.41.40-696x388.jpg 696w\" sizes=\"auto, (max-width: 728px) 100vw, 728px\" \/><\/p>\n<p>Aunque la biopic abarcar\u00e1 los principales aspectos de la vida del artista estadounidense, a\u00fan se desconoce si abordar\u00e1 las controversias que rodearon a Jackson, incluyendo las acusaciones de abuso sexual infantil que enfrent\u00f3 desde 1993. La producci\u00f3n, sin embargo, se enfocar\u00e1 en ofrecer un retrato completo y transparente del hombre detr\u00e1s del Rey del Pop.<\/p>\n<p>Escrita por el nominado al Oscar y ganador de un Tony John Logan, dirigida por Antoine Fuqua y producida por Graham King, \u201cMichael ofrecer\u00e1 al p\u00fablico un retrato fascinante y honesto del hombre brillante pero complicado que se convirti\u00f3 en el Rey del Pop\u201d, seg\u00fan la sinopsis.<\/p>\n<p>\u201cLa pel\u00edcula presenta sus triunfos y tragedias a una escala \u00e9pica y cinematogr\u00e1fica: desde su lado humano y sus luchas personales hasta su innegable genio creativo, ejemplificado en sus actuaciones m\u00e1s ic\u00f3nicas\u201d, manifest\u00f3 el comunicado. \u201cComo nunca antes, el p\u00fablico experimentar\u00e1 una mirada al interior de uno de los artistas m\u00e1s influyentes y pioneros que el mundo ha conocido\u201d.<\/p>\n<p><img alt=\"\" loading=\"lazy\" decoding=\"async\" class=\"alignnone wp-image-102124 size-full\" src=\"https:\/\/www.cordobatimes.com\/showup\/wp-content\/uploads\/2024\/02\/Pantallazo-01-02-2024-10.43.31.jpg\" alt=\"\" width=\"998\" height=\"778\" srcset=\"https:\/\/www.cordobatimes.com\/showup\/wp-content\/uploads\/2024\/02\/Pantallazo-01-02-2024-10.43.31.jpg 998w, https:\/\/www.cordobatimes.com\/showup\/wp-content\/uploads\/2024\/02\/Pantallazo-01-02-2024-10.43.31-539x420.jpg 539w, https:\/\/www.cordobatimes.com\/showup\/wp-content\/uploads\/2024\/02\/Pantallazo-01-02-2024-10.43.31-768x599.jpg 768w, https:\/\/www.cordobatimes.com\/showup\/wp-content\/uploads\/2024\/02\/Pantallazo-01-02-2024-10.43.31-696x543.jpg 696w\" sizes=\"auto, (max-width: 998px) 100vw, 998px\" \/><\/p>\n<p>La fase de producci\u00f3n de\u00a0Michael\u00a0inici\u00f3 este lunes 22 de enero con la se\u00f1al verde no solo de Lionsgate, sino tambi\u00e9n con el apoyo de los familiares del int\u00e9rprete de\u00a0Thriller, incluidos su madre Katherine y los coejecutores de la herencia del artista. Este respaldo se considera vital para tejer un relato que honre la memoria del cantante y refleje su legado con fidelidad.<\/p>\n<p>El lanzamiento del musical de Broadway\u00a0MJ: The Musical\u00a0en 2022, su \u00e9xito cr\u00edtico y comercial, as\u00ed como la reciente gira nacional que inici\u00f3 en 2023, han sentado un precedente valioso para la pel\u00edcula, demostrando un inter\u00e9s renovado y persistente por la vida y obra del Rey del Pop.<\/p>\n<p>La pel\u00edcula biogr\u00e1fica de Michael Jackson, un \u00edcono indiscutible del siglo XX que marc\u00f3 un antes y un despu\u00e9s en el mundo de la m\u00fasica y el entretenimiento, se prepara para conquistar una nueva generaci\u00f3n de espectadores y se estrenar\u00e1 en todo el mundo el 18 de abril de 2025.<\/p>\n","protected":false},"excerpt":{"rendered":"<p>La pel\u00edcula que inmortalizar\u00e1 su vida y legado ser\u00e1 protagonizada por su sobrino, Jaafar Jackson.\u00a0Se estrena\u00a0en todo el mundo el 18 de abril de 2025. La ic\u00f3nica historia de vida y carrera de Michael Jackson llegar\u00e1n al cine con el tan esperado biopic titulado simplemente\u00a0Michael. Lionsgate, la casa productora detr\u00e1s de la pel\u00edcula, ha revelado [&hellip;]<\/p>\n","protected":false},"author":1,"featured_media":102120,"comment_status":"closed","ping_status":"closed","sticky":false,"template":"","format":"standard","meta":{"_seopress_robots_primary_cat":"","_seopress_titles_title":"","_seopress_titles_desc":"","_seopress_robots_index":"","footnotes":""},"categories":[3],"tags":[38880,38879,38882,38881],"class_list":{"0":"post-102119","1":"post","2":"type-post","3":"status-publish","4":"format-standard","5":"has-post-thumbnail","7":"category-cine-y-series","8":"tag-michael","9":"tag-michael-la-biopic-del-rey-del-pop","10":"tag-biografia-de-michael-jackson","11":"tag-la-biopic-del-rey-del-pop"},"_links":{"self":[{"href":"https:\/\/www.cordobatimes.com\/showup\/wp-json\/wp\/v2\/posts\/102119","targetHints":{"allow":["GET"]}}],"collection":[{"href":"https:\/\/www.cordobatimes.com\/showup\/wp-json\/wp\/v2\/posts"}],"about":[{"href":"https:\/\/www.cordobatimes.com\/showup\/wp-json\/wp\/v2\/types\/post"}],"author":[{"embeddable":true,"href":"https:\/\/www.cordobatimes.com\/showup\/wp-json\/wp\/v2\/users\/1"}],"replies":[{"embeddable":true,"href":"https:\/\/www.cordobatimes.com\/showup\/wp-json\/wp\/v2\/comments?post=102119"}],"version-history":[{"count":0,"href":"https:\/\/www.cordobatimes.com\/showup\/wp-json\/wp\/v2\/posts\/102119\/revisions"}],"wp:featuredmedia":[{"embeddable":true,"href":"https:\/\/www.cordobatimes.com\/showup\/wp-json\/wp\/v2\/media\/102120"}],"wp:attachment":[{"href":"https:\/\/www.cordobatimes.com\/showup\/wp-json\/wp\/v2\/media?parent=102119"}],"wp:term":[{"taxonomy":"category","embeddable":true,"href":"https:\/\/www.cordobatimes.com\/showup\/wp-json\/wp\/v2\/categories?post=102119"},{"taxonomy":"post_tag","embeddable":true,"href":"https:\/\/www.cordobatimes.com\/showup\/wp-json\/wp\/v2\/tags?post=102119"}],"curies":[{"name":"wp","href":"https:\/\/api.w.org\/{rel}","templated":true}]}}