{"id":102102,"date":"2024-01-29T10:41:26","date_gmt":"2024-01-29T13:41:26","guid":{"rendered":"https:\/\/www.cordobatimes.com\/showup\/?p=102102"},"modified":"2024-01-29T10:41:26","modified_gmt":"2024-01-29T13:41:26","slug":"gru-jr-el-bebe-de-gru-y-lucy-hara-su-aparicion-en-mi-villano-favorito-4","status":"publish","type":"post","link":"https:\/\/www.cordobatimes.com\/showup\/cine-y-series\/2024\/01\/29\/gru-jr-el-bebe-de-gru-y-lucy-hara-su-aparicion-en-mi-villano-favorito-4\/","title":{"rendered":"Gru Jr el beb\u00e9 de Gru y Lucy, har\u00e1 su aparici\u00f3n en Mi Villano Favorito 4"},"content":{"rendered":"<h3><strong>\u00a1Vuelve Gru con toda su familia! Ya se estren\u00f3 el\u00a0tr\u00e1iler de\u00a0Mi Villano Favorito 4,\u00a0una de las\u00a0pel\u00edculas animadas m\u00e1s esperadas de este 2024, y sin duda ver al\u00a0beb\u00e9 de Gru y Lucy\u00a0es lo que de inmediato llam\u00f3 nuestra atenci\u00f3n.<\/strong><\/h3>\n<p>Gru volver\u00e1 a trabajar para detener a un nuevo villano, Maxime Le Mal, que busca venganza y amenaza la felicidad de su hogar. Contar\u00e1 con la ayuda de toda su familia,\u00a0incluido su peque\u00f1o beb\u00e9 Gru J\u00fanior, que no parece tenerle mucho cari\u00f1o que digamos.<\/p>\n<p>Obviamente tambi\u00e9n tendr\u00e1 el apoyo de todos sus\u00a0minions,\u00a0quienes siguen siendo tan graciosos como en la primera pel\u00edcula.<\/p>\n<p>La pel\u00edcula se estrenar\u00e1 el 3 de julio de 2024<\/p>\n<div style=\"width: 640px;\" class=\"wp-video\"><video class=\"wp-video-shortcode\" id=\"video-102102-1\" width=\"640\" height=\"360\" preload=\"metadata\" controls=\"controls\"><source type=\"video\/mp4\" src=\"https:\/\/www.cordobatimes.com\/showup\/wp-content\/uploads\/2024\/01\/videoplayback.mp4?_=1\" \/><a href=\"https:\/\/www.cordobatimes.com\/showup\/wp-content\/uploads\/2024\/01\/videoplayback.mp4\">https:\/\/www.cordobatimes.com\/showup\/wp-content\/uploads\/2024\/01\/videoplayback.mp4<\/a><\/video><\/div>\n","protected":false},"excerpt":{"rendered":"<p>\u00a1Vuelve Gru con toda su familia! Ya se estren\u00f3 el\u00a0tr\u00e1iler de\u00a0Mi Villano Favorito 4,\u00a0una de las\u00a0pel\u00edculas animadas m\u00e1s esperadas de este 2024, y sin duda ver al\u00a0beb\u00e9 de Gru y Lucy\u00a0es lo que de inmediato llam\u00f3 nuestra atenci\u00f3n. Gru volver\u00e1 a trabajar para detener a un nuevo villano, Maxime Le Mal, que busca venganza y [&hellip;]<\/p>\n","protected":false},"author":1,"featured_media":102103,"comment_status":"closed","ping_status":"closed","sticky":false,"template":"","format":"standard","meta":{"_seopress_robots_primary_cat":"","_seopress_titles_title":"","_seopress_titles_desc":"","_seopress_robots_index":"","footnotes":""},"categories":[3],"tags":[38873,38872,38871,38874],"class_list":{"0":"post-102102","1":"post","2":"type-post","3":"status-publish","4":"format-standard","5":"has-post-thumbnail","7":"category-cine-y-series","8":"tag-el-bebe-de-gru-y-lucy","9":"tag-gru-jr-el-bebe-de-gru-y-lucy","10":"tag-mi-villano-favorito-4","11":"tag-trailer-de-mi-villano-favorito-4"},"_links":{"self":[{"href":"https:\/\/www.cordobatimes.com\/showup\/wp-json\/wp\/v2\/posts\/102102","targetHints":{"allow":["GET"]}}],"collection":[{"href":"https:\/\/www.cordobatimes.com\/showup\/wp-json\/wp\/v2\/posts"}],"about":[{"href":"https:\/\/www.cordobatimes.com\/showup\/wp-json\/wp\/v2\/types\/post"}],"author":[{"embeddable":true,"href":"https:\/\/www.cordobatimes.com\/showup\/wp-json\/wp\/v2\/users\/1"}],"replies":[{"embeddable":true,"href":"https:\/\/www.cordobatimes.com\/showup\/wp-json\/wp\/v2\/comments?post=102102"}],"version-history":[{"count":0,"href":"https:\/\/www.cordobatimes.com\/showup\/wp-json\/wp\/v2\/posts\/102102\/revisions"}],"wp:featuredmedia":[{"embeddable":true,"href":"https:\/\/www.cordobatimes.com\/showup\/wp-json\/wp\/v2\/media\/102103"}],"wp:attachment":[{"href":"https:\/\/www.cordobatimes.com\/showup\/wp-json\/wp\/v2\/media?parent=102102"}],"wp:term":[{"taxonomy":"category","embeddable":true,"href":"https:\/\/www.cordobatimes.com\/showup\/wp-json\/wp\/v2\/categories?post=102102"},{"taxonomy":"post_tag","embeddable":true,"href":"https:\/\/www.cordobatimes.com\/showup\/wp-json\/wp\/v2\/tags?post=102102"}],"curies":[{"name":"wp","href":"https:\/\/api.w.org\/{rel}","templated":true}]}}