{"id":10208,"date":"2022-02-26T00:25:33","date_gmt":"2022-02-26T03:25:33","guid":{"rendered":"http:\/\/cordobatimes.com\/showup\/?p=10208"},"modified":"2022-02-26T09:27:17","modified_gmt":"2022-02-26T12:27:17","slug":"menu-de-martes-nuggets-de-pollo-y-verdura","status":"publish","type":"post","link":"https:\/\/www.cordobatimes.com\/showup\/cocina\/2022\/02\/26\/menu-de-martes-nuggets-de-pollo-y-verdura\/","title":{"rendered":"Nuggets de pollo y verdura"},"content":{"rendered":"<p style=\"text-align: justify;\"><span style=\"text-decoration: underline;\"><strong>Ingredientes:<\/strong><\/span><\/p>\n<ul style=\"text-align: justify;\">\n<li>1 paquete de verduras congeladas<\/li>\n<li>1 huevo<\/li>\n<li>250 g de carne de pollo picada<\/li>\n<li>2 tazas de migas de pan<\/li>\n<li>Sal y pimienta al gusto<\/li>\n<\/ul>\n<p style=\"text-align: justify;\"><span style=\"text-decoration: underline;\"><strong>Modo de Preparaci\u00f3n:<\/strong><\/span><\/p>\n<ul>\n<li style=\"text-align: justify;\">Poner las verduras y el huevo en una batidora. Mezclar hasta que se conviertan en pur\u00e9. Echar el pur\u00e9 en un taz\u00f3n grande.<\/li>\n<li style=\"text-align: justify;\">Agregar el pollo picado y la sal de cebolla. Mezclar con un tenedor hasta que est\u00e9n bien unidos.<\/li>\n<li style=\"text-align: justify;\">En una tabla de cortar grandes, extender una capa delgada de migas de pan, sal y pimienta.<\/li>\n<li style=\"text-align: justify;\">Extender la mezcla de pollo sobre el pan y dejarla con 1,5 cm de espesor. Espolvorear m\u00e1s pan, sal y pimienta encima de la mezcla de pollo.<\/li>\n<li style=\"text-align: justify;\">Utilizar un cortador de galletas para cortar el pollo en forma de estrella.<\/li>\n<li style=\"text-align: justify;\">Trasladar a una bandeja de horno ligeramente rociada con aerosol antiadherente para cocinar. Hornear en el horno pre calentado a 200 \u00baC \u00a0durante 14-16 minutos, o hasta que el pollo est\u00e9 bien cocido.<\/li>\n<\/ul>\n<p style=\"text-align: justify;\">\n","protected":false},"excerpt":{"rendered":"<p>Ingredientes: 1 paquete de verduras congeladas 1 huevo 250 g de carne de pollo picada 2 tazas de migas de pan Sal y pimienta al gusto Modo de Preparaci\u00f3n: Poner las verduras y el huevo en una batidora. Mezclar hasta que se conviertan en pur\u00e9. Echar el pur\u00e9 en un taz\u00f3n grande. Agregar el pollo [&hellip;]<\/p>\n","protected":false},"author":9,"featured_media":10219,"comment_status":"closed","ping_status":"closed","sticky":false,"template":"","format":"standard","meta":{"_seopress_robots_primary_cat":"","_seopress_titles_title":"","_seopress_titles_desc":"","_seopress_robots_index":"","footnotes":""},"categories":[1,317],"tags":[3283,34616,34617,8394,2452,12955],"class_list":{"0":"post-10208","1":"post","2":"type-post","3":"status-publish","4":"format-standard","5":"has-post-thumbnail","7":"category-cocina","8":"category-recetas","9":"tag-nuggets","10":"tag-nuggets-de-pollo-y-verdura-receta","11":"tag-receta-de-nuggets-de-pollo-y-verdura","12":"tag-recetas-de-pollo","13":"tag-recetas-de-verano","14":"tag-recetas-saludables"},"_links":{"self":[{"href":"https:\/\/www.cordobatimes.com\/showup\/wp-json\/wp\/v2\/posts\/10208","targetHints":{"allow":["GET"]}}],"collection":[{"href":"https:\/\/www.cordobatimes.com\/showup\/wp-json\/wp\/v2\/posts"}],"about":[{"href":"https:\/\/www.cordobatimes.com\/showup\/wp-json\/wp\/v2\/types\/post"}],"author":[{"embeddable":true,"href":"https:\/\/www.cordobatimes.com\/showup\/wp-json\/wp\/v2\/users\/9"}],"replies":[{"embeddable":true,"href":"https:\/\/www.cordobatimes.com\/showup\/wp-json\/wp\/v2\/comments?post=10208"}],"version-history":[{"count":0,"href":"https:\/\/www.cordobatimes.com\/showup\/wp-json\/wp\/v2\/posts\/10208\/revisions"}],"wp:featuredmedia":[{"embeddable":true,"href":"https:\/\/www.cordobatimes.com\/showup\/wp-json\/wp\/v2\/media\/10219"}],"wp:attachment":[{"href":"https:\/\/www.cordobatimes.com\/showup\/wp-json\/wp\/v2\/media?parent=10208"}],"wp:term":[{"taxonomy":"category","embeddable":true,"href":"https:\/\/www.cordobatimes.com\/showup\/wp-json\/wp\/v2\/categories?post=10208"},{"taxonomy":"post_tag","embeddable":true,"href":"https:\/\/www.cordobatimes.com\/showup\/wp-json\/wp\/v2\/tags?post=10208"}],"curies":[{"name":"wp","href":"https:\/\/api.w.org\/{rel}","templated":true}]}}