{"id":102077,"date":"2024-01-23T09:56:33","date_gmt":"2024-01-23T12:56:33","guid":{"rendered":"https:\/\/www.cordobatimes.com\/showup\/?p=102077"},"modified":"2024-01-23T09:56:33","modified_gmt":"2024-01-23T12:56:33","slug":"oriana-sabatini-y-paulo-dybala-ya-tienen-fecha-confirmada-para-su-casamiento","status":"publish","type":"post","link":"https:\/\/www.cordobatimes.com\/showup\/famosos\/2024\/01\/23\/oriana-sabatini-y-paulo-dybala-ya-tienen-fecha-confirmada-para-su-casamiento\/","title":{"rendered":"Oriana Sabatini y Paulo Dybala ya tienen fecha confirmada para su casamiento"},"content":{"rendered":"<h3><strong>La cantante y el futbolista de la Selecci\u00f3n Argentina oficializar\u00e1n su relaci\u00f3n por el Registro Civil tras cinco a\u00f1os juntos.<\/strong><\/h3>\n<p>Cuando en octubre del 2023,\u00a0Oriana Sabatini\u00a0y\u00a0Paulo Dybala\u00a0confirmaron su pr\u00f3ximo casamiento, la noticia fue recibida con sorpresa y alegr\u00eda por sus seguidores. Es que ambos lo contaron en simult\u00e1neo por sus redes sociales. En un posteo en conjunto y bajo el lema\u00a0\u201cpara siempre\u201d\u00a0junto al emoji de un coraz\u00f3n blanco, Oriana y Paulo\u00a0compartieron una imagen confirmando que pasar\u00e1n a la brevedad por el altar.\u00a0El futbolista, que tiene m\u00e1s de 57 millones de seguidores en Instagram, y la cantante, que supera los seis millones, utilizaron dicha plataforma para dar as\u00ed la noticia, de manera p\u00fablica.<\/p>\n<p>En esta oportunidad, durante este lunes fue\u00a0\u00c1ngel de Brito\u00a0quien dio m\u00e1s detalles de lo que muchos llaman\u00a0\u201cla boda del a\u00f1o\u201d.\u00a0De manera enigm\u00e1tica, el conductor de\u00a0LAM\u00a0(Am\u00e9rica) hab\u00eda anticipado que se ven\u00eda un casamiento durante todo el programa, hasta que promediando el final, dijo: \u201cBueno, voy a revelar el enigm\u00e1tico y contar qui\u00e9n se casa el 20 de julio, en el D\u00eda del Amigo, es nada m\u00e1s y nada menos que Oriana Sabatini y Paulo Dybala\u201d.<\/p>\n<p>Acto seguido, De Brito agreg\u00f3: \u201cFinalmente llega el casamiento, despu\u00e9s de la propuesta y de tantos rumores\u201d. Luego, revel\u00f3 un dato preciso acerca del vestido de novia.\u00a0\u201cElla se casa vestida por Dolce Gabbana,\u00a0un vestido de la casa de Roma\u201d, afirm\u00f3 mientras le ped\u00eda a Oriana que \u201cno me mates porque no me lo cont\u00f3 ella en verdad\u201d. Despu\u00e9s, se refiri\u00f3 al atuendo de la madrina de la novia, su mam\u00e1,\u00a0Cathy Fulop.\u00a0\u201cCathy\u00a0tiene cinco dise\u00f1adores en vista,\u00a0y est\u00e1 eligiendo, as\u00ed le va contando a las amigas y entonces se empieza a correr la bola\u201d, justific\u00f3.<\/p>\n<p>\u201cSe casan ac\u00e1 en Buenos Aires y no en Europa\u201d, continu\u00f3. \u201cYa les digo el lugar porque yo tengo muy mala memoria\u201d, expres\u00f3 leyendo desde su tel\u00e9fono celular.\u00a0\u201cSon trescientos invitados,\u00a0hab\u00edan so\u00f1ado con una cosa chiquitita pero empezaron a estirar. Obviamente van a invitar a todos los jugadores de la Selecci\u00f3n, que son compa\u00f1eros de Dybala, m\u00e1s todos los amigos de Oriana de la m\u00fasica, va a ser el casamiento del a\u00f1o\u201d, afirm\u00f3 \u00c1ngel.<\/p>\n<p>En cuanto al lugar elegido por la pareja para celebrar su uni\u00f3n ante sus seres queridos, De Brito cont\u00f3 que se va a realizar en un campo en la provincia de Buenos Aires. Marina Calabr\u00f3, quien estaba como angelita invitada, pregunt\u00f3: \u201c\u00bfSer\u00e1 en Exaltaci\u00f3n de la Cruz donde se casan todos los famosos?\u201d, y el conductor fue contundente. \u201cNo podemos dar m\u00e1s datos, ya con esto es suficiente\u201d.<\/p>\n<div style=\"width: 696px;\" class=\"wp-video\"><video class=\"wp-video-shortcode\" id=\"video-102077-1\" width=\"696\" height=\"392\" preload=\"metadata\" controls=\"controls\"><source type=\"video\/mp4\" src=\"https:\/\/www.cordobatimes.com\/showup\/wp-content\/uploads\/2024\/01\/UlXkjDU7-34105382.mp4?_=1\" \/><a href=\"https:\/\/www.cordobatimes.com\/showup\/wp-content\/uploads\/2024\/01\/UlXkjDU7-34105382.mp4\">https:\/\/www.cordobatimes.com\/showup\/wp-content\/uploads\/2024\/01\/UlXkjDU7-34105382.mp4<\/a><\/video><\/div>\n","protected":false},"excerpt":{"rendered":"<p>La cantante y el futbolista de la Selecci\u00f3n Argentina oficializar\u00e1n su relaci\u00f3n por el Registro Civil tras cinco a\u00f1os juntos. Cuando en octubre del 2023,\u00a0Oriana Sabatini\u00a0y\u00a0Paulo Dybala\u00a0confirmaron su pr\u00f3ximo casamiento, la noticia fue recibida con sorpresa y alegr\u00eda por sus seguidores. Es que ambos lo contaron en simult\u00e1neo por sus redes sociales. En un posteo [&hellip;]<\/p>\n","protected":false},"author":1,"featured_media":102078,"comment_status":"closed","ping_status":"closed","sticky":false,"template":"","format":"standard","meta":{"_seopress_robots_primary_cat":"","_seopress_titles_title":"","_seopress_titles_desc":"","_seopress_robots_index":"","footnotes":""},"categories":[4],"tags":[38436,38864,22435],"class_list":{"0":"post-102077","1":"post","2":"type-post","3":"status-publish","4":"format-standard","5":"has-post-thumbnail","7":"category-famosos","8":"tag-casamiento-de-oriana-sabatini-y-paulo-dybala","9":"tag-fecha-de-casamiento-de-oriana-sabatini-y-paulo-dybala","10":"tag-oriana-sabatini-y-paulo-dybala"},"_links":{"self":[{"href":"https:\/\/www.cordobatimes.com\/showup\/wp-json\/wp\/v2\/posts\/102077","targetHints":{"allow":["GET"]}}],"collection":[{"href":"https:\/\/www.cordobatimes.com\/showup\/wp-json\/wp\/v2\/posts"}],"about":[{"href":"https:\/\/www.cordobatimes.com\/showup\/wp-json\/wp\/v2\/types\/post"}],"author":[{"embeddable":true,"href":"https:\/\/www.cordobatimes.com\/showup\/wp-json\/wp\/v2\/users\/1"}],"replies":[{"embeddable":true,"href":"https:\/\/www.cordobatimes.com\/showup\/wp-json\/wp\/v2\/comments?post=102077"}],"version-history":[{"count":0,"href":"https:\/\/www.cordobatimes.com\/showup\/wp-json\/wp\/v2\/posts\/102077\/revisions"}],"wp:featuredmedia":[{"embeddable":true,"href":"https:\/\/www.cordobatimes.com\/showup\/wp-json\/wp\/v2\/media\/102078"}],"wp:attachment":[{"href":"https:\/\/www.cordobatimes.com\/showup\/wp-json\/wp\/v2\/media?parent=102077"}],"wp:term":[{"taxonomy":"category","embeddable":true,"href":"https:\/\/www.cordobatimes.com\/showup\/wp-json\/wp\/v2\/categories?post=102077"},{"taxonomy":"post_tag","embeddable":true,"href":"https:\/\/www.cordobatimes.com\/showup\/wp-json\/wp\/v2\/tags?post=102077"}],"curies":[{"name":"wp","href":"https:\/\/api.w.org\/{rel}","templated":true}]}}