{"id":102056,"date":"2024-01-22T10:40:20","date_gmt":"2024-01-22T13:40:20","guid":{"rendered":"https:\/\/www.cordobatimes.com\/showup\/?p=102056"},"modified":"2024-01-22T10:40:20","modified_gmt":"2024-01-22T13:40:20","slug":"llega-la-serie-amia-para-reflejar-segun-se-espera-la-verdad-del-atentado-mas-terrible-que-sufrio-nuestro-pais","status":"publish","type":"post","link":"https:\/\/www.cordobatimes.com\/showup\/cine-y-series\/2024\/01\/22\/llega-la-serie-amia-para-reflejar-segun-se-espera-la-verdad-del-atentado-mas-terrible-que-sufrio-nuestro-pais\/","title":{"rendered":"Llega la serie \u201cAMIA\u201d  para reflejar, seg\u00fan se espera, la verdad del atentado m\u00e1s terrible que sufri\u00f3 nuestro Pa\u00eds"},"content":{"rendered":"<h3><strong>AMIA, el trailer que estremece.<\/strong><\/h3>\n<p>Con el respaldo de\u00a0Dori Media y de Yair Dori\u00a0se film\u00f3 en el Uruguay la serie\u00a0\u201cAMIA\u201d\u00a0que pronto llegar\u00e1 a las plataformas para reflejar, seg\u00fan se espera,\u00a0la verdad del atentado m\u00e1s terrible que sufri\u00f3 en su historia la Rep\u00fablica Argentina.<\/p>\n<p>Malena Sanchez\u00a0en el rol de una periodista y el israel\u00ed\u00a0Michael Aloni\u00a0(Shtisel) son los protagonistas de esta ficci\u00f3n basada en la realidad, que ocurri\u00f3 en 1994 y que se cobr\u00f3 85 v\u00edctimas fatales y m\u00e1s de 300 heridos en el barrio de Once, de la ciudad de Buenos Aires.<\/p>\n<p>Diego (MIchael Aloni), un agente del Mossad cuya hermana muri\u00f3 en el atentado terrorista en Argentina,\u00a0se toma una licencia y se junta con\u00a0Gisela (Malena Sanchez)),\u00a0una periodista local, para encontrar a los responsables del sangriento hecho.<br \/>\nSu viaje para descubrir la verdad los llevar\u00e1 a un\u00a0mundo de espionaje, agencias de inteligencia y traficantes de armas.<\/p>\n<p>Un mundo dudoso en el que las mentiras son verdades y la justicia y la venganza se vuelven indistinguibles.\u00a0El viaje que ambos emprenden eventualmente los llevar\u00e1 a reexaminar su conexi\u00f3n con sus familias e incluso su concepto de identidad propia.<br \/>\nEl elenco de \u201cAMIA\u201d est\u00e1 conformado por\u00a0Michael Aloni, Malena S\u00e1nchez, Alfonso Tort, C\u00e9sar Bord\u00f3n y Jameel Khoury, entre otros.<\/p>\n<p>El idioma principal de la serie es el espa\u00f1ol, combinado con ingl\u00e9s, hebreo y persa.\u00a0\u201cAMIA\u201d\u00a0es una idea original de Nadav Palti y Yair Dori\u00a0y fue creada por Givon Snir y Shuky Gur. Cuenta con la direcci\u00f3n de Guillermo Rocamora, est\u00e1 escrita por Izhar Harley, y\u00a0se estrenar\u00e1 entre febrero y marzo de 2024 en Reshet. 13, canal de televisi\u00f3n abierta de Israel, para exportarse despu\u00e9s al mundo por plataformas.<\/p>\n<p><iframe loading=\"lazy\" width=\"560\" height=\"315\" src=\"https:\/\/www.youtube.com\/embed\/tF2jV-Pk6WE?si=pulOcZtjVf-J-kMS\" title=\"YouTube video player\" frameborder=\"0\" allow=\"accelerometer; autoplay; clipboard-write; encrypted-media; gyroscope; picture-in-picture; web-share\" allowfullscreen><\/iframe><\/p>\n","protected":false},"excerpt":{"rendered":"<p>AMIA, el trailer que estremece. Con el respaldo de\u00a0Dori Media y de Yair Dori\u00a0se film\u00f3 en el Uruguay la serie\u00a0\u201cAMIA\u201d\u00a0que pronto llegar\u00e1 a las plataformas para reflejar, seg\u00fan se espera,\u00a0la verdad del atentado m\u00e1s terrible que sufri\u00f3 en su historia la Rep\u00fablica Argentina. Malena Sanchez\u00a0en el rol de una periodista y el israel\u00ed\u00a0Michael Aloni\u00a0(Shtisel) son [&hellip;]<\/p>\n","protected":false},"author":1,"featured_media":102057,"comment_status":"closed","ping_status":"closed","sticky":false,"template":"","format":"standard","meta":{"_seopress_robots_primary_cat":"","_seopress_titles_title":"","_seopress_titles_desc":"","_seopress_robots_index":"","footnotes":""},"categories":[3],"tags":[38859,24141,17892,38858],"class_list":{"0":"post-102056","1":"post","2":"type-post","3":"status-publish","4":"format-standard","5":"has-post-thumbnail","7":"category-cine-y-series","8":"tag-amia","9":"tag-atentado-a-la-amia","10":"tag-atentado-terrorista","11":"tag-la-serie-amia"},"_links":{"self":[{"href":"https:\/\/www.cordobatimes.com\/showup\/wp-json\/wp\/v2\/posts\/102056","targetHints":{"allow":["GET"]}}],"collection":[{"href":"https:\/\/www.cordobatimes.com\/showup\/wp-json\/wp\/v2\/posts"}],"about":[{"href":"https:\/\/www.cordobatimes.com\/showup\/wp-json\/wp\/v2\/types\/post"}],"author":[{"embeddable":true,"href":"https:\/\/www.cordobatimes.com\/showup\/wp-json\/wp\/v2\/users\/1"}],"replies":[{"embeddable":true,"href":"https:\/\/www.cordobatimes.com\/showup\/wp-json\/wp\/v2\/comments?post=102056"}],"version-history":[{"count":0,"href":"https:\/\/www.cordobatimes.com\/showup\/wp-json\/wp\/v2\/posts\/102056\/revisions"}],"wp:featuredmedia":[{"embeddable":true,"href":"https:\/\/www.cordobatimes.com\/showup\/wp-json\/wp\/v2\/media\/102057"}],"wp:attachment":[{"href":"https:\/\/www.cordobatimes.com\/showup\/wp-json\/wp\/v2\/media?parent=102056"}],"wp:term":[{"taxonomy":"category","embeddable":true,"href":"https:\/\/www.cordobatimes.com\/showup\/wp-json\/wp\/v2\/categories?post=102056"},{"taxonomy":"post_tag","embeddable":true,"href":"https:\/\/www.cordobatimes.com\/showup\/wp-json\/wp\/v2\/tags?post=102056"}],"curies":[{"name":"wp","href":"https:\/\/api.w.org\/{rel}","templated":true}]}}