{"id":101951,"date":"2024-01-16T10:26:24","date_gmt":"2024-01-16T13:26:24","guid":{"rendered":"https:\/\/www.cordobatimes.com\/showup\/?p=101951"},"modified":"2024-01-16T10:26:24","modified_gmt":"2024-01-16T13:26:24","slug":"los-mejores-looks-de-la-red-carpet-de-los-premios-emmy-2024","status":"publish","type":"post","link":"https:\/\/www.cordobatimes.com\/showup\/moda-y-estilos\/2024\/01\/16\/los-mejores-looks-de-la-red-carpet-de-los-premios-emmy-2024\/","title":{"rendered":"Los mejores looks de la red carpet de los Premios Emmy 2024"},"content":{"rendered":"<h3><strong>Las estrellas deslumbraron sobre la alfombra roja a tal punto que se convirti\u00f3 en un verdadero desfile.<\/strong><\/h3>\n<p><strong>Este lunes en el Peacock Theater de Los \u00c1ngeles se llev\u00f3 a cabo la 75\u00aa edici\u00f3n de los premios Emmy conducida por el humorista Anthony Anderson para celebrar lo mejor de la televisi\u00f3n.<\/strong>\u00a0Series como The White Lotus, The Crown, Succession, The Last of Us est\u00e1n entre los m\u00e1s nominados y lo mejor de todo, es que sus actores brillaron tambi\u00e9n sobre la red carpet. Una edici\u00f3n en la que la moda fue claramente otra de las protagonistas.<\/p>\n<div id=\"teads_div\" class=\"ERROR-NO-CLASS\"><\/div>\n<figure class=\"wp-block-image size-full\"><img decoding=\"async\" class=\"wp-image-2962346\" src=\"https:\/\/www.parati.com.ar\/wp-content\/uploads\/2024\/01\/CAMILA-MORRONE.png.webp\" alt=\"Camila Morrone en los Premios Emmy. Foto: Instagram. \" data-tapa-url=\"https:\/\/www.parati.com.ar\/wp-content\/uploads\/2024\/01\/CAMILA-MORRONE.png.webp\" data-loaded=\"true\" data-cargado=\"true\" \/><figcaption class=\"wp-element-caption\">Camila Morrone en los Premios Emmy. Foto: Instagram.<\/figcaption><\/figure>\n<figure class=\"wp-block-image size-full\"><img decoding=\"async\" class=\"wp-image-2962347\" src=\"https:\/\/www.parati.com.ar\/wp-content\/uploads\/2024\/01\/Captura-de-pantalla-2024-01-15-a-las-21.27.05.png.webp\" alt=\"Camila Morrone en los Premios Emmy. Foto: Instagram. \" data-tapa-url=\"https:\/\/www.parati.com.ar\/wp-content\/uploads\/2024\/01\/Captura-de-pantalla-2024-01-15-a-las-21.27.05.png.webp\" data-loaded=\"true\" data-cargado=\"true\" \/><figcaption class=\"wp-element-caption\">Camila Morrone en los Premios Emmy. Foto: Instagram.<\/figcaption><\/figure>\n<figure class=\"wp-block-image size-full\"><img decoding=\"async\" class=\"wp-image-2962350\" src=\"https:\/\/www.parati.com.ar\/wp-content\/uploads\/2024\/01\/Captura-de-pantalla-2024-01-15-a-las-21.33.38-740x426.png.webp\" alt=\"Camila Morrone en los Premios Emmy. Foto: Instagram. \" data-tapa-url=\"https:\/\/www.parati.com.ar\/wp-content\/uploads\/2024\/01\/Captura-de-pantalla-2024-01-15-a-las-21.33.38-740x426.png.webp\" data-loaded=\"true\" data-cargado=\"true\" \/><figcaption class=\"wp-element-caption\">Camila Morrone en los Premios Emmy. Foto: Instagram.<\/figcaption><\/figure>\n<p><strong>Camila Morrone deslumbr\u00f3<\/strong>\u00a0con un vestido rojo de Atelier Versace.<\/p>\n<figure class=\"wp-block-image size-large\"><img decoding=\"async\" class=\"wp-image-2962354\" src=\"https:\/\/www.parati.com.ar\/wp-content\/uploads\/2024\/01\/Emmy-2-740x761.jpg.webp\" alt=\"Selena G\u00f3mez en los Premios Emmy. Foto: Instagram. \" data-tapa-url=\"https:\/\/www.parati.com.ar\/wp-content\/uploads\/2024\/01\/Emmy-2-740x761.jpg.webp\" data-loaded=\"true\" data-cargado=\"true\" \/><figcaption class=\"wp-element-caption\">Selena G\u00f3mez en los Premios Emmy. Foto: Instagram.<\/figcaption><\/figure>\n<p>Selena G\u00f3mez, protagonista de Only Murders in the Building, us\u00f3 un vestido con bordados y transparencias de Oscar de la Renta.<\/p>\n<div id=\"sm-it-main-container-1705411165164\" class=\"sm-it-main-container\" data-it=\"2b451116-ed26-4d77-8da0-6fbd731d3267\" data-device=\"desktop\" data-index=\"0\">\n<div id=\"sm-alternative-1705411165164\" class=\"sm-alternative\" data-it=\"2b451116-ed26-4d77-8da0-6fbd731d3267\" data-index=\"0\" data-device=\"desktop\"><\/div>\n<\/div>\n<figure class=\"wp-block-image size-full is-resized\"><img decoding=\"async\" class=\"wp-image-2962345\" src=\"https:\/\/www.parati.com.ar\/wp-content\/uploads\/2024\/01\/ALI-WONG.png.webp\" alt=\"Ali Wong en los Premios Emmy. Foto: Instagram.\" data-tapa-url=\"https:\/\/www.parati.com.ar\/wp-content\/uploads\/2024\/01\/ALI-WONG.png.webp\" data-loaded=\"true\" data-cargado=\"true\" \/><figcaption class=\"wp-element-caption\">Ali Wong en los Premios Emmy. Foto: Instagram.<\/figcaption><\/figure>\n<p><strong>La actriz Ali Wong llev\u00f3 un dise\u00f1o de Louis Vuitton en el que combin\u00f3 texturas,<\/strong>\u00a0brillos y flores. Un dise\u00f1o muy llamativo.<\/p>\n<figure class=\"wp-block-image size-full\"><img decoding=\"async\" class=\"wp-image-2962344\" src=\"https:\/\/www.parati.com.ar\/wp-content\/uploads\/2024\/01\/Garcelle-Beauvais.png.webp\" alt=\"Garcelle Beauvais en los Premios Emmy. Foto: Instagram.\" data-tapa-url=\"https:\/\/www.parati.com.ar\/wp-content\/uploads\/2024\/01\/Garcelle-Beauvais.png.webp\" data-loaded=\"true\" data-cargado=\"true\" \/><figcaption class=\"wp-element-caption\">Garcelle Beauvais en los Premios Emmy. Foto: Instagram.<\/figcaption><\/figure>\n<p><strong>Garcelle Beauvais us\u00f3 un vestido negro<\/strong>\u00a0de un solo hombro de Bagdley Mishka.<\/p>\n<div id=\"ad-slot-video_outstream\" class=\"ad-slot-video_outstream ad-slot\" data-adzonerun=\"1\" data-adtype=\"video_outstream\" data-google-query-id=\"CIm__9D_4YMDFRaAYQYdKZwPoA\">\n<div id=\"google_ads_iframe_\/22254771232\/parati_nota\/video_outstream_0__container__\"><iframe id=\"google_ads_iframe_\/22254771232\/parati_nota\/video_outstream_0\" tabindex=\"0\" title=\"3rd party ad content\" name=\"google_ads_iframe_\/22254771232\/parati_nota\/video_outstream_0\" width=\"1\" height=\"1\" frameborder=\"0\" marginwidth=\"0\" marginheight=\"0\" scrolling=\"no\" aria-label=\"Advertisement\" data-load-complete=\"true\" data-google-container-id=\"1\" data-mce-fragment=\"1\"><\/iframe><\/div>\n<\/div>\n<figure class=\"wp-block-image size-large\"><img decoding=\"async\" class=\"wp-image-2962364\" src=\"https:\/\/www.parati.com.ar\/wp-content\/uploads\/2024\/01\/Emmy-2-1-740x779.jpg.webp\" alt=\"Meghann Fahy en los Premios Emmy. Foto: Instagram.\" data-tapa-url=\"https:\/\/www.parati.com.ar\/wp-content\/uploads\/2024\/01\/Emmy-2-1-740x779.jpg.webp\" data-loaded=\"true\" data-cargado=\"true\" \/><figcaption class=\"wp-element-caption\">Meghann Fahy en los Premios Emmy. Foto: Instagram.<\/figcaption><\/figure>\n<p><strong>La actriz de The White Lotus Meghann Fahy us\u00f3 un vestido bordo strapless con detalle de flores de terciopelo de la firma Armani Priv\u00e9.\u00a0<\/strong>Un dise\u00f1o que combin\u00f3 con joyas de Bulgari.<\/p>\n<figure class=\"wp-block-image size-large\"><img decoding=\"async\" class=\"wp-image-2962363\" src=\"https:\/\/www.parati.com.ar\/wp-content\/uploads\/2024\/01\/Emmy-3-740x777.jpg.webp\" alt=\"Jessica Chastain en los Premios Emmy. Foto: Instagram.\" data-tapa-url=\"https:\/\/www.parati.com.ar\/wp-content\/uploads\/2024\/01\/Emmy-3-740x777.jpg.webp\" data-loaded=\"true\" data-cargado=\"true\" \/><figcaption class=\"wp-element-caption\">Jessica Chastain en los Premios Emmy. Foto: Instagram.<\/figcaption><\/figure>\n<p><strong>Jessica Chastain deslumbr\u00f3 con un dise\u00f1o a la medida de Gucci en color verde lima.\u00a0<\/strong>Uno de los tonos m\u00e1s usados de la noche.<\/p>\n<figure class=\"wp-block-image size-large\"><img decoding=\"async\" class=\"wp-image-2962362\" src=\"https:\/\/www.parati.com.ar\/wp-content\/uploads\/2024\/01\/Emmy-1-740x739.jpg.webp\" alt=\"Suki Waterhouse en los Premios Emmy. Foto: Instagram.\" data-tapa-url=\"https:\/\/www.parati.com.ar\/wp-content\/uploads\/2024\/01\/Emmy-1-740x739.jpg.webp\" data-loaded=\"true\" data-cargado=\"true\" \/><figcaption class=\"wp-element-caption\">Suki Waterhouse en los Premios Emmy. Foto: Instagram.<\/figcaption><\/figure>\n<p><strong>Suki Waterhouse us\u00f3 un dise\u00f1o de Valentino Couture primavera verano 23<\/strong>, que dejaba ver su panza de embarazada.<\/p>\n<div id=\"ad-slot-wide_2\" class=\"ad-slot-wide_big ad-slot\" data-adzonerun=\"1\" data-adtype=\"wide_big\"><\/div>\n<figure class=\"wp-block-image size-large\"><img decoding=\"async\" class=\"wp-image-2962369\" src=\"https:\/\/www.parati.com.ar\/wp-content\/uploads\/2024\/01\/Emmy-3-1-740x770.jpg.webp\" alt=\"Kathryn Hahn en los Premios Emmy. Foto: Instagram.\" data-tapa-url=\"https:\/\/www.parati.com.ar\/wp-content\/uploads\/2024\/01\/Emmy-3-1-740x770.jpg.webp\" data-loaded=\"true\" data-cargado=\"true\" \/><figcaption class=\"wp-element-caption\">Kathryn Hahn en los Premios Emmy. Foto: Instagram.<\/figcaption><\/figure>\n<p><strong>La actriz us\u00f3 un look black and white que incluy\u00f3 una camisa blanca de organza y<\/strong>\u00a0una falda negra con bordados y transparencias.<\/p>\n<figure class=\"wp-block-image size-large\"><img decoding=\"async\" class=\"wp-image-2962367\" src=\"https:\/\/www.parati.com.ar\/wp-content\/uploads\/2024\/01\/Emmy--740x763.jpg.webp\" alt=\"Jenna Ortega en los Premios Emmy. Foto: Instagram.\" data-tapa-url=\"https:\/\/www.parati.com.ar\/wp-content\/uploads\/2024\/01\/Emmy--740x763.jpg.webp\" data-loaded=\"true\" data-cargado=\"true\" \/><figcaption class=\"wp-element-caption\">Jenna Ortega en los Premios Emmy. Foto: Instagram.<\/figcaption><\/figure>\n<p><strong>Un dise\u00f1o de flores, rom\u00e1ntico y muy femenino, as\u00ed es el modelo que eligi\u00f3 Jenna Ortega<\/strong>\u00a0para caminar por la red carpet de los Emmys.<\/p>\n<figure class=\"wp-block-image size-large\"><img decoding=\"async\" class=\"wp-image-2962371\" src=\"https:\/\/www.parati.com.ar\/wp-content\/uploads\/2024\/01\/Emmy-1-1-740x742.jpg.webp\" alt=\"Beatrice Grann\u00f3 en los Premios Emmy. Foto: Instagram.\" data-tapa-url=\"https:\/\/www.parati.com.ar\/wp-content\/uploads\/2024\/01\/Emmy-1-1-740x742.jpg.webp\" data-loaded=\"true\" data-cargado=\"true\" \/><figcaption class=\"wp-element-caption\">Beatrice Grann\u00f3 en los Premios Emmy. Foto: Instagram.<\/figcaption><\/figure>\n<p><strong>Beatrice Grann\u00f3 llev\u00f3 un dise\u00f1o de pasarela de Armani priv\u00e9 oto\u00f1o invierno 2023<\/strong>\u00a0y zapatos de Christian Loubotin.<\/p>\n<div id=\"ad-slot-wide_3\" class=\"ad-slot-wide ad-slot\" data-adzonerun=\"1\" data-adtype=\"wide\" data-google-query-id=\"CPuXgdH_4YMDFRaAYQYdKZwPoA\">\n<div id=\"google_ads_iframe_\/22254771232\/parati_nota\/wide_3_0__container__\"><\/div>\n<\/div>\n<figure class=\"wp-block-image size-large\"><img decoding=\"async\" class=\"wp-image-2962375\" src=\"https:\/\/www.parati.com.ar\/wp-content\/uploads\/2024\/01\/Emmy-5-740x766.jpg.webp\" alt=\"Sarah Snook en los Premios Emmy. Foto: Instagram.\" data-tapa-url=\"https:\/\/www.parati.com.ar\/wp-content\/uploads\/2024\/01\/Emmy-5-740x766.jpg.webp\" data-loaded=\"true\" data-cargado=\"true\" \/><figcaption class=\"wp-element-caption\">Sarah Snook en los Premios Emmy. Foto: Instagram.<\/figcaption><\/figure>\n<p><strong>Sarah Snook, la actriz que brill\u00f3 en Succession,<\/strong>\u00a0luci\u00f3 un vestido de Vivienne Westwood y hoyas de Cartier.<\/p>\n<figure class=\"wp-block-image size-large\"><img decoding=\"async\" class=\"wp-image-2962374\" src=\"https:\/\/www.parati.com.ar\/wp-content\/uploads\/2024\/01\/Emmy-2-3-740x761.jpg.webp\" alt=\"Taraji P. Henson en los Premios Emmy. Foto: Instagram.\" data-tapa-url=\"https:\/\/www.parati.com.ar\/wp-content\/uploads\/2024\/01\/Emmy-2-3-740x761.jpg.webp\" data-loaded=\"true\" data-cargado=\"true\" \/><figcaption class=\"wp-element-caption\">Taraji P. Henson en los Premios Emmy. Foto: Instagram.<\/figcaption><\/figure>\n<p><strong>Taraji P. Henson us\u00f3 un vestido hecho a la medida<\/strong>\u00a0de Atelier Versace en color morado.<\/p>\n<figure class=\"wp-block-image size-large\"><img decoding=\"async\" class=\"wp-image-2962372\" src=\"https:\/\/www.parati.com.ar\/wp-content\/uploads\/2024\/01\/Emmy-1-2-740x944.jpg.webp\" alt=\"Dominique Fishback en los Premios Emmy. Foto: Instagram.\" data-tapa-url=\"https:\/\/www.parati.com.ar\/wp-content\/uploads\/2024\/01\/Emmy-1-2-740x944.jpg.webp\" data-loaded=\"true\" data-cargado=\"true\" \/><figcaption class=\"wp-element-caption\">Dominique Fishback en los Premios Emmy. Foto: Instagram.<\/figcaption><\/figure>\n<p><strong>Dominique Fishback lleg\u00f3 a la red carpet en modo Cenicienta<\/strong>\u00a0con un vestido a la medida creado por Miu Miu.<\/p>\n<figure class=\"wp-block-image size-large\"><img decoding=\"async\" class=\"wp-image-2962381\" src=\"https:\/\/www.parati.com.ar\/wp-content\/uploads\/2024\/01\/Emmy-1-3-740x777.jpg.webp\" alt=\"Kery Russell en los Premios Emmy. Foto: Instagram.\" data-tapa-url=\"https:\/\/www.parati.com.ar\/wp-content\/uploads\/2024\/01\/Emmy-1-3-740x777.jpg.webp\" data-loaded=\"true\" data-cargado=\"true\" \/><figcaption class=\"wp-element-caption\">Kery Russell en los Premios Emmy. Foto: Instagram.<\/figcaption><\/figure>\n<p><strong>La actriz Keri Russell lleg\u00f3 con sofisticado vestido negro de Alexandre Vauthier<\/strong>\u00a0oto\u00f1o invierno 2023. Un dise\u00f1o de Alta Costura con el que derroch\u00f3 elegancia.<\/p>\n<div id=\"ad-slot-wide_4\" class=\"ad-slot-wide_big ad-slot\" data-adzonerun=\"1\" data-adtype=\"wide_big\"><\/div>\n<figure class=\"wp-block-image size-large\"><img decoding=\"async\" class=\"wp-image-2962379\" src=\"https:\/\/www.parati.com.ar\/wp-content\/uploads\/2024\/01\/Emmy-4-740x713.jpg.webp\" alt=\"Natasha Lyonne en los Premios Emmy. Foto: Instagram.\" data-tapa-url=\"https:\/\/www.parati.com.ar\/wp-content\/uploads\/2024\/01\/Emmy-4-740x713.jpg.webp\" data-loaded=\"true\" data-cargado=\"true\" \/><figcaption class=\"wp-element-caption\">Natasha Lyonne en los Premios Emmy. Foto: Instagram.<\/figcaption><\/figure>\n<p><strong>Natasha Lyonne us\u00f3 un vestido<\/strong>\u00a0metalizado de Schiaparelli.<\/p>\n<figure class=\"wp-block-image size-large\"><img decoding=\"async\" class=\"wp-image-2962383\" src=\"https:\/\/www.parati.com.ar\/wp-content\/uploads\/2024\/01\/Emmy-1-4-740x735.jpg.webp\" alt=\"Riley Keough en los Premios Emmy. Foto: Instagram.\" data-tapa-url=\"https:\/\/www.parati.com.ar\/wp-content\/uploads\/2024\/01\/Emmy-1-4-740x735.jpg.webp\" data-loaded=\"true\" data-cargado=\"true\" \/><figcaption class=\"wp-element-caption\">Riley Keough en los Premios Emmy. Foto: Instagram.<\/figcaption><\/figure>\n<p><strong>Riley Keough lleg\u00f3 con un dise\u00f1o de Chanel<\/strong>\u00a0primavera verano 2023.<\/p>\n<figure class=\"wp-block-image size-large\"><img decoding=\"async\" class=\"wp-image-2962387\" src=\"https:\/\/www.parati.com.ar\/wp-content\/uploads\/2024\/01\/Emmy-6-740x733.jpg.webp\" alt=\"Jeremy Allen White en los Premios Emmy. Foto: Instagram.\" data-tapa-url=\"https:\/\/www.parati.com.ar\/wp-content\/uploads\/2024\/01\/Emmy-6-740x733.jpg.webp\" data-loaded=\"true\" data-cargado=\"true\" \/><figcaption class=\"wp-element-caption\">Jeremy Allen White en los Premios Emmy. Foto: Instagram.<\/figcaption><\/figure>\n<p><strong>Jeremy Allen White us\u00f3 un dise\u00f1o de Giorgi Armani.\u00a0<\/strong>El protagonista de The Bear y flamante nuevo novio de Rosal\u00eda, fue uno de los m\u00e1s elegantes de la noche.<\/p>\n<figure class=\"wp-block-image size-large\"><img decoding=\"async\" class=\"wp-image-2962386\" src=\"https:\/\/www.parati.com.ar\/wp-content\/uploads\/2024\/01\/Emmy-2-4-740x731.jpg.webp\" alt=\"Jennifer Coolidge en los Premios Emmy. Foto: Instagram.\" data-tapa-url=\"https:\/\/www.parati.com.ar\/wp-content\/uploads\/2024\/01\/Emmy-2-4-740x731.jpg.webp\" data-loaded=\"true\" data-cargado=\"true\" \/><figcaption class=\"wp-element-caption\">Jennifer Coolidge en los Premios Emmy. Foto: Instagram.<\/figcaption><\/figure>\n<p><strong>Jennifer Coolidge eligi\u00f3 un dise\u00f1o de Etro<\/strong>\u00a0hecho a la medida exclusivamente para la ocasi\u00f3n.<\/p>\n<div id=\"teads_div2\" class=\"ERROR-NO-CLASS\"><\/div>\n<figure class=\"wp-block-image size-large\"><img decoding=\"async\" class=\"wp-image-2962385\" src=\"https:\/\/www.parati.com.ar\/wp-content\/uploads\/2024\/01\/Emmy-1-5-740x785.jpg.webp\" alt=\"Bella Ramsey en los Premios Emmy. Foto: Instagram.\" data-tapa-url=\"https:\/\/www.parati.com.ar\/wp-content\/uploads\/2024\/01\/Emmy-1-5-740x785.jpg.webp\" data-loaded=\"true\" data-cargado=\"true\" \/><figcaption class=\"wp-element-caption\">Bella Ramsey en los Premios Emmy. Foto: Instagram.<\/figcaption><\/figure>\n<p><strong>Bella Ramsey<\/strong>\u00a0us\u00f3 un traje de Prada.<\/p>\n<figure class=\"wp-block-image size-large is-resized\"><img decoding=\"async\" class=\"wp-image-2962368\" src=\"https:\/\/www.parati.com.ar\/wp-content\/uploads\/2024\/01\/Emmy-2-2-740x728.jpg.webp\" alt=\"Elizabeth Debicki en los Premios Emmy. Foto: Instagram.\" data-tapa-url=\"https:\/\/www.parati.com.ar\/wp-content\/uploads\/2024\/01\/Emmy-2-2-740x728.jpg.webp\" data-loaded=\"true\" data-cargado=\"true\" \/><figcaption class=\"wp-element-caption\">Elizabeth Debicki en los Premios Emmy. Foto: Instagram.<\/figcaption><\/figure>\n<p><strong>Elizabeth Debicki con un look total black cl\u00e1sico<\/strong>\u00a0y muy sofisticado de Christian Dior Haute Couture.<\/p>\n<figure class=\"wp-block-image size-large\"><img decoding=\"async\" class=\"wp-image-2962389\" src=\"https:\/\/www.parati.com.ar\/wp-content\/uploads\/2024\/01\/Emmy-1-6-740x748.jpg.webp\" alt=\"Christina Applegate en los Premios Emmy. Foto: Instagram.\" data-tapa-url=\"https:\/\/www.parati.com.ar\/wp-content\/uploads\/2024\/01\/Emmy-1-6-740x748.jpg.webp\" data-loaded=\"true\" data-cargado=\"true\" \/><figcaption class=\"wp-element-caption\">Christina Applegate en los Premios Emmy. Foto: Instagram.<\/figcaption><\/figure>\n<p><strong>Christina Applegate<\/strong>\u00a0eligi\u00f3 un dise\u00f1o de terciopelo bordo de Christian Siriano.<\/p>\n<figure class=\"wp-block-image size-large\"><img alt=\"\" decoding=\"async\" class=\"wp-image-2962390\" src=\"https:\/\/www.parati.com.ar\/wp-content\/uploads\/2024\/01\/Emmy-1-7-740x724.jpg.webp\" alt=\"\" data-tapa-url=\"https:\/\/www.parati.com.ar\/wp-content\/uploads\/2024\/01\/Emmy-1-7-740x724.jpg.webp\" data-loaded=\"true\" data-cargado=\"true\" \/><figcaption class=\"wp-element-caption\">Ellen Pompeo en los Premios Emmy. Foto: Instagram.<\/figcaption><\/figure>\n<p><strong>Ellen Pompeo\u00a0<\/strong>apost\u00f3 por un dise\u00f1o de Monique Lhuillier.<\/p>\n<figure class=\"wp-block-image size-large\"><img decoding=\"async\" class=\"wp-image-2962334\" src=\"https:\/\/www.parati.com.ar\/wp-content\/uploads\/2024\/01\/Emmy.-1-740x721.jpg.webp\" alt=\"Emmy.\" data-tapa-url=\"https:\/\/www.parati.com.ar\/wp-content\/uploads\/2024\/01\/Emmy.-1-740x721.jpg.webp\" data-loaded=\"true\" data-cargado=\"true\" \/><figcaption class=\"wp-element-caption\"><\/figcaption><\/figure>\n<p><strong>La actriz Claire Danes eligi\u00f3\u00a0<\/strong>un vestido vintage de Balmain.<\/p>\n<figure class=\"wp-block-image size-large\"><img decoding=\"async\" class=\"wp-image-2962335\" src=\"https:\/\/www.parati.com.ar\/wp-content\/uploads\/2024\/01\/Emmy.-2-740x761.jpg.webp\" alt=\"Katherine Heigl en los Premios Emmy. Foto: Instagram. \" data-tapa-url=\"https:\/\/www.parati.com.ar\/wp-content\/uploads\/2024\/01\/Emmy.-2-740x761.jpg.webp\" data-loaded=\"true\" data-cargado=\"true\" \/><figcaption class=\"wp-element-caption\">Katherine Heigl en los Premios Emmy. Foto: Instagram.<\/figcaption><\/figure>\n<figure class=\"wp-block-image size-full\"><img decoding=\"async\" class=\"wp-image-2962338\" src=\"https:\/\/www.parati.com.ar\/wp-content\/uploads\/2024\/01\/Katherine-Heigl.png.webp\" alt=\"Katherine Heigl en los Premios Emmy. Foto: Instagram. \" data-tapa-url=\"https:\/\/www.parati.com.ar\/wp-content\/uploads\/2024\/01\/Katherine-Heigl.png.webp\" data-loaded=\"true\" data-cargado=\"true\" \/><figcaption class=\"wp-element-caption\">Katherine Heigl en los Premios Emmy. Foto: Instagram.<\/figcaption><\/figure>\n<p><strong>Katherine Heigl us\u00f3 un vestido rojo strapless<\/strong>\u00a0hecho a la medida de Reem Acra.<\/p>\n<div id=\"ad-slot-wide_5_position_2\" class=\"ad-slot-wide ad-slot\" data-adzonerun=\"1\" data-adtype=\"wide\" data-google-query-id=\"CIu__9D_4YMDFRaAYQYdKZwPoA\">\n<div id=\"google_ads_iframe_\/22254771232\/parati_nota\/wide_5_0__container__\"><\/div>\n<\/div>\n<figure class=\"wp-block-image size-large\"><img decoding=\"async\" class=\"wp-image-2962336\" src=\"https:\/\/www.parati.com.ar\/wp-content\/uploads\/2024\/01\/Emmy-740x761.jpg.webp\" alt=\"Ayo Edeberi en los Premios Emmy. Foto: Instagram. \" data-tapa-url=\"https:\/\/www.parati.com.ar\/wp-content\/uploads\/2024\/01\/Emmy-740x761.jpg.webp\" data-loaded=\"true\" data-cargado=\"true\" \/><figcaption class=\"wp-element-caption\">Ayo Edeberi en los Premios Emmy. Foto: Instagram.<\/figcaption><\/figure>\n<p><strong>La actriz de The Bear Ayo Edebiri eligi\u00f3 un vestido de cuero negro strapless con volumen y largo midi.\u00a0<\/strong>Un dise\u00f1o creado por Louis Vuitton.<\/p>\n<figure class=\"wp-block-image size-large\"><img decoding=\"async\" class=\"wp-image-2962313\" src=\"https:\/\/www.parati.com.ar\/wp-content\/uploads\/2024\/01\/Premios-Emmy-7-740x754.jpg.webp\" alt=\"Rhea Seehorn en los Premios Emmy. Foto: Instagram. \" data-tapa-url=\"https:\/\/www.parati.com.ar\/wp-content\/uploads\/2024\/01\/Premios-Emmy-7-740x754.jpg.webp\" data-loaded=\"true\" data-cargado=\"true\" \/><figcaption class=\"wp-element-caption\">Rhea Seehorn en los Premios Emmy. Foto: Instagram.<\/figcaption><\/figure>\n<p><strong>La actriz de Better Call Saul tiene un vestido de transparencias todo bordado con canutillos que forman arabescos en color lima.<\/strong>\u00a0Un dise\u00f1o de la colecci\u00f3n primavera verano 2024 de Naeem Khan.<\/p>\n<figure class=\"wp-block-image size-large\"><img decoding=\"async\" class=\"wp-image-2962306\" src=\"https:\/\/www.parati.com.ar\/wp-content\/uploads\/2024\/01\/Premios-Emmy-1-740x783.jpg.webp\" alt=\"Premios Emmy\" data-tapa-url=\"https:\/\/www.parati.com.ar\/wp-content\/uploads\/2024\/01\/Premios-Emmy-1-740x783.jpg.webp\" data-loaded=\"true\" data-cargado=\"true\" \/><figcaption class=\"wp-element-caption\">Laverne Cox en los premios Emmy. Foto: Instagram.<\/figcaption><\/figure>\n<figure class=\"wp-block-image size-full\"><img decoding=\"async\" class=\"wp-image-2962301\" src=\"https:\/\/www.parati.com.ar\/wp-content\/uploads\/2024\/01\/LAVERNE-COX-740x621.png.webp\" alt=\"Laverne Cox en los premio Emmy. Foto: Instagram. \" data-tapa-url=\"https:\/\/www.parati.com.ar\/wp-content\/uploads\/2024\/01\/LAVERNE-COX-740x621.png.webp\" data-loaded=\"true\" data-cargado=\"true\" \/><figcaption class=\"wp-element-caption\">Laverne Cox en los premios Emmy. Foto: Instagram.<\/figcaption><\/figure>\n<p><strong>Laverne Cox tiene un vestido vintage de Thierry Mugler Couture de 1989.\u00a0<\/strong>Una pieza \u00fanica con la que deslumbr\u00f3.<\/p>\n<div id=\"ad-slot-wide_5_position_3\" class=\"ad-slot-wide ad-slot\" data-adzonerun=\"1\" data-adtype=\"wide\" data-google-query-id=\"CIy__9D_4YMDFRaAYQYdKZwPoA\">\n<div id=\"google_ads_iframe_\/22254771232\/parati_nota\/wide_5_1__container__\"><\/div>\n<\/div>\n<figure class=\"wp-block-image size-large\"><img decoding=\"async\" class=\"wp-image-2962307\" src=\"https:\/\/www.parati.com.ar\/wp-content\/uploads\/2024\/01\/Premios-Emmy-2-740x947.jpg.webp\" alt=\"Premios Emmy\" data-tapa-url=\"https:\/\/www.parati.com.ar\/wp-content\/uploads\/2024\/01\/Premios-Emmy-2-740x947.jpg.webp\" data-loaded=\"true\" data-cargado=\"true\" \/><figcaption class=\"wp-element-caption\">Reece Feldman en los premios Emmy. Foto: Instagram.<\/figcaption><\/figure>\n<p><strong>El influencer Reece Feldman llev\u00f3 un traje de Saint Laurent\u00a0<\/strong>y joyas de LAGOS.<\/p>\n<figure class=\"wp-block-image size-large\"><img decoding=\"async\" class=\"wp-image-2962309\" src=\"https:\/\/www.parati.com.ar\/wp-content\/uploads\/2024\/01\/Premios-Emmy-4-740x776.jpg.webp\" alt=\"Caitlin Thompson en los premios Emmy. Foto: Instagram. \" data-tapa-url=\"https:\/\/www.parati.com.ar\/wp-content\/uploads\/2024\/01\/Premios-Emmy-4-740x776.jpg.webp\" data-loaded=\"true\" data-cargado=\"true\" \/><figcaption class=\"wp-element-caption\">Caitlin Thompson en los premios Emmy. Foto: Instagram.<\/figcaption><\/figure>\n<p><strong>Caitlin Thompson us\u00f3 un vestido vintage<\/strong>\u00a0con reminiscencias rom\u00e1nticas de John Galliano.<\/p>\n<figure class=\"wp-block-image size-large\"><img decoding=\"async\" class=\"wp-image-2962311\" src=\"https:\/\/www.parati.com.ar\/wp-content\/uploads\/2024\/01\/Premios-Emmy-5-740x937.jpg.webp\" alt=\"Emma Brooks en los premios Emmy. Foto: Instagram. \" data-tapa-url=\"https:\/\/www.parati.com.ar\/wp-content\/uploads\/2024\/01\/Premios-Emmy-5-740x937.jpg.webp\" data-loaded=\"true\" data-cargado=\"true\" \/><figcaption class=\"wp-element-caption\">Emma Brooks en los premios Emmy. Foto: Instagram.<\/figcaption><\/figure>\n<p>&nbsp;<\/p>\n","protected":false},"excerpt":{"rendered":"<p>Las estrellas deslumbraron sobre la alfombra roja a tal punto que se convirti\u00f3 en un verdadero desfile. Este lunes en el Peacock Theater de Los \u00c1ngeles se llev\u00f3 a cabo la 75\u00aa edici\u00f3n de los premios Emmy conducida por el humorista Anthony Anderson para celebrar lo mejor de la televisi\u00f3n.\u00a0Series como The White Lotus, The [&hellip;]<\/p>\n","protected":false},"author":1,"featured_media":101952,"comment_status":"closed","ping_status":"closed","sticky":false,"template":"","format":"standard","meta":{"_seopress_robots_primary_cat":"","_seopress_titles_title":"","_seopress_titles_desc":"","_seopress_robots_index":"","footnotes":""},"categories":[228],"tags":[38839,38838],"class_list":{"0":"post-101951","1":"post","2":"type-post","3":"status-publish","4":"format-standard","5":"has-post-thumbnail","7":"category-moda-y-estilos","8":"tag-premios-emmy-2024","9":"tag-red-carpet-de-los-premios-emmy-2024"},"_links":{"self":[{"href":"https:\/\/www.cordobatimes.com\/showup\/wp-json\/wp\/v2\/posts\/101951","targetHints":{"allow":["GET"]}}],"collection":[{"href":"https:\/\/www.cordobatimes.com\/showup\/wp-json\/wp\/v2\/posts"}],"about":[{"href":"https:\/\/www.cordobatimes.com\/showup\/wp-json\/wp\/v2\/types\/post"}],"author":[{"embeddable":true,"href":"https:\/\/www.cordobatimes.com\/showup\/wp-json\/wp\/v2\/users\/1"}],"replies":[{"embeddable":true,"href":"https:\/\/www.cordobatimes.com\/showup\/wp-json\/wp\/v2\/comments?post=101951"}],"version-history":[{"count":0,"href":"https:\/\/www.cordobatimes.com\/showup\/wp-json\/wp\/v2\/posts\/101951\/revisions"}],"wp:featuredmedia":[{"embeddable":true,"href":"https:\/\/www.cordobatimes.com\/showup\/wp-json\/wp\/v2\/media\/101952"}],"wp:attachment":[{"href":"https:\/\/www.cordobatimes.com\/showup\/wp-json\/wp\/v2\/media?parent=101951"}],"wp:term":[{"taxonomy":"category","embeddable":true,"href":"https:\/\/www.cordobatimes.com\/showup\/wp-json\/wp\/v2\/categories?post=101951"},{"taxonomy":"post_tag","embeddable":true,"href":"https:\/\/www.cordobatimes.com\/showup\/wp-json\/wp\/v2\/tags?post=101951"}],"curies":[{"name":"wp","href":"https:\/\/api.w.org\/{rel}","templated":true}]}}