{"id":101778,"date":"2024-01-05T11:30:06","date_gmt":"2024-01-05T14:30:06","guid":{"rendered":"https:\/\/www.cordobatimes.com\/showup\/?p=101778"},"modified":"2024-01-05T11:30:06","modified_gmt":"2024-01-05T14:30:06","slug":"angel-de-brito-anuncio-un-cambio-para-lam-por-la-llegada-de-un-nuevo-programa-a-america","status":"publish","type":"post","link":"https:\/\/www.cordobatimes.com\/showup\/tv\/2024\/01\/05\/angel-de-brito-anuncio-un-cambio-para-lam-por-la-llegada-de-un-nuevo-programa-a-america\/","title":{"rendered":"\u00c1ngel de Brito anunci\u00f3 un cambio para LAM por la llegada de un nuevo programa a Am\u00e9rica"},"content":{"rendered":"<h3><strong>El conductor adelant\u00f3 que a partir del 5 de febrero su ciclo sufrir\u00e1 una modificaci\u00f3n de horario.<\/strong><\/h3>\n<p>\u00c1ngel de Brito\u00a0anunci\u00f3 que LAM (Am\u00e9rica TV) sufrir\u00e1 un cambio a partir de febrero a ra\u00edz de la llegada de un nuevo ciclo a Am\u00e9rica TV, conducido por\u00a0Cris Vanad\u00eda.<\/p>\n<p>En la emisi\u00f3n del 4 de enero, el conductor le pregunt\u00f3 a Vanad\u00eda, invitado al piso, si pod\u00eda adelantar algo del programa que har\u00e1 a la medianoche, como sol\u00eda hacer en Am\u00e9rica a\u00f1os atr\u00e1s cuando estaba al mando de\u00a0Instalate.<\/p>\n<p>Si bien el locutor no quiso contar nada porque a\u00fan no firm\u00f3 el contrato,\u00a0\u00c1ngel de Brito\u00a0detall\u00f3: \u00abEn febrero vamos a ir hasta las 22:30 con LAM, despu\u00e9s viene Fernando Dente con la nueva temporada de\u00a0Noche al Dente\u00a0y despu\u00e9s va a venir Cris con un programa nuevo, con un gran personaje, super talentoso\u00bb.<\/p>\n<p>Adem\u00e1s revelaron que dicha modificaci\u00f3n se dar\u00e1 a partir del 5 de febrero, y que el programa ser\u00e1 producido por\u00a0LaFlia, la compa\u00f1\u00eda de\u00a0Marcelo Tinelli.<\/p>\n","protected":false},"excerpt":{"rendered":"<p>El conductor adelant\u00f3 que a partir del 5 de febrero su ciclo sufrir\u00e1 una modificaci\u00f3n de horario. \u00c1ngel de Brito\u00a0anunci\u00f3 que LAM (Am\u00e9rica TV) sufrir\u00e1 un cambio a partir de febrero a ra\u00edz de la llegada de un nuevo ciclo a Am\u00e9rica TV, conducido por\u00a0Cris Vanad\u00eda. En la emisi\u00f3n del 4 de enero, el conductor [&hellip;]<\/p>\n","protected":false},"author":1,"featured_media":101779,"comment_status":"closed","ping_status":"closed","sticky":false,"template":"","format":"standard","meta":{"_seopress_robots_primary_cat":"","_seopress_titles_title":"","_seopress_titles_desc":"","_seopress_robots_index":"","footnotes":""},"categories":[2],"tags":[38783,38784],"class_list":{"0":"post-101778","1":"post","2":"type-post","3":"status-publish","4":"format-standard","5":"has-post-thumbnail","7":"category-tv","8":"tag-angel-de-brito-anuncio-un-cambio-para-lam","9":"tag-cambio-para-lam"},"_links":{"self":[{"href":"https:\/\/www.cordobatimes.com\/showup\/wp-json\/wp\/v2\/posts\/101778","targetHints":{"allow":["GET"]}}],"collection":[{"href":"https:\/\/www.cordobatimes.com\/showup\/wp-json\/wp\/v2\/posts"}],"about":[{"href":"https:\/\/www.cordobatimes.com\/showup\/wp-json\/wp\/v2\/types\/post"}],"author":[{"embeddable":true,"href":"https:\/\/www.cordobatimes.com\/showup\/wp-json\/wp\/v2\/users\/1"}],"replies":[{"embeddable":true,"href":"https:\/\/www.cordobatimes.com\/showup\/wp-json\/wp\/v2\/comments?post=101778"}],"version-history":[{"count":0,"href":"https:\/\/www.cordobatimes.com\/showup\/wp-json\/wp\/v2\/posts\/101778\/revisions"}],"wp:featuredmedia":[{"embeddable":true,"href":"https:\/\/www.cordobatimes.com\/showup\/wp-json\/wp\/v2\/media\/101779"}],"wp:attachment":[{"href":"https:\/\/www.cordobatimes.com\/showup\/wp-json\/wp\/v2\/media?parent=101778"}],"wp:term":[{"taxonomy":"category","embeddable":true,"href":"https:\/\/www.cordobatimes.com\/showup\/wp-json\/wp\/v2\/categories?post=101778"},{"taxonomy":"post_tag","embeddable":true,"href":"https:\/\/www.cordobatimes.com\/showup\/wp-json\/wp\/v2\/tags?post=101778"}],"curies":[{"name":"wp","href":"https:\/\/api.w.org\/{rel}","templated":true}]}}