{"id":101658,"date":"2023-12-28T20:52:00","date_gmt":"2023-12-28T23:52:00","guid":{"rendered":"https:\/\/www.cordobatimes.com\/showup\/?p=101658"},"modified":"2023-12-28T20:52:00","modified_gmt":"2023-12-28T23:52:00","slug":"flor-bertotti-anuncio-un-show-en-el-movistar-arena-a-20-anos-de-floricienta","status":"publish","type":"post","link":"https:\/\/www.cordobatimes.com\/showup\/agenda\/2023\/12\/28\/flor-bertotti-anuncio-un-show-en-el-movistar-arena-a-20-anos-de-floricienta\/","title":{"rendered":"Flor Bertotti anunci\u00f3 un show en el Movistar Arena a 20 a\u00f1os de Floricienta"},"content":{"rendered":"<h3><strong>cu\u00e1ndo es y c\u00f3mo comprar las entradas<\/strong><\/h3>\n<p>Flor Bertotti, protagonista de\u00a0Floricienta, una de las ficciones m\u00e1s exitosas en la televisi\u00f3n argentina, anunci\u00f3 que dar\u00e1 un show en el\u00a0Movistar Arena de Buenos Aires\u00a0en el 2024, a 20 a\u00f1os del estreno de la telenovela.<\/p>\n<p>A trav\u00e9s de su cuenta de Instagram, la actriz confirm\u00f3 que volver\u00e1 a subirse arriba de un escenario para revivir las canciones m\u00e1s populares de Floricienta.\u00a0\u00ab\u00a1Tanto lo quisimos, que ac\u00e1 lo estamos haciendo realidad!\u00bb,\u00a0escribi\u00f3 en la publicaci\u00f3n, junto a un recopilado de videos de ella cantando.<\/p>\n<p>\u00abBueno, no s\u00e9 bien qu\u00e9 decir. Agarrate primavera. \u00a1Me vuelvo loca! \u00bfQui\u00e9n viene?\u00bb, continu\u00f3 diciendo con mucha felicidad por volver a reencontrarse muy pronto con los seguidores de la telenovela. Adem\u00e1s, acompa\u00f1\u00f3 el posteo con flores amarillas, en referencia a la famosa canci\u00f3n de\u00a0Floricienta.<\/p>\n<div style=\"width: 696px;\" class=\"wp-video\"><video class=\"wp-video-shortcode\" id=\"video-101658-1\" width=\"696\" height=\"1237\" preload=\"metadata\" controls=\"controls\"><source type=\"video\/mp4\" src=\"https:\/\/www.cordobatimes.com\/showup\/wp-content\/uploads\/2023\/12\/Video-by-florbertottiok.mp4?_=1\" \/><a href=\"https:\/\/www.cordobatimes.com\/showup\/wp-content\/uploads\/2023\/12\/Video-by-florbertottiok.mp4\">https:\/\/www.cordobatimes.com\/showup\/wp-content\/uploads\/2023\/12\/Video-by-florbertottiok.mp4<\/a><\/video><\/div>\n<h3><strong>\u00bfCu\u00e1ndo ser\u00e1 el show de Flor Bertotti?<\/strong><\/h3>\n<p>El recital ser\u00e1 el 21 de septiembre de 2024 en el Movistar Arena, Buenos Aires.<\/p>\n<h3><strong>\u00bfC\u00f3mo comprar las entradas del show de Flor Bertotti?<\/strong><\/h3>\n<p>A partir del 5 de enero a las 13:00,\u00a0a trav\u00e9s del sitio web\u00a0Tickets Movistar Arena, se podr\u00e1n adquirir las entradas para el show de la protagonista. Por el momento, no se filtraron cu\u00e1ntas ser\u00e1n y cu\u00e1les ser\u00e1n su precio.<\/p>\n","protected":false},"excerpt":{"rendered":"<p>cu\u00e1ndo es y c\u00f3mo comprar las entradas Flor Bertotti, protagonista de\u00a0Floricienta, una de las ficciones m\u00e1s exitosas en la televisi\u00f3n argentina, anunci\u00f3 que dar\u00e1 un show en el\u00a0Movistar Arena de Buenos Aires\u00a0en el 2024, a 20 a\u00f1os del estreno de la telenovela. A trav\u00e9s de su cuenta de Instagram, la actriz confirm\u00f3 que volver\u00e1 a [&hellip;]<\/p>\n","protected":false},"author":1,"featured_media":101659,"comment_status":"closed","ping_status":"closed","sticky":false,"template":"","format":"standard","meta":{"_seopress_robots_primary_cat":"","_seopress_titles_title":"","_seopress_titles_desc":"","_seopress_robots_index":"","footnotes":""},"categories":[6],"tags":[38761,38762],"class_list":{"0":"post-101658","1":"post","2":"type-post","3":"status-publish","4":"format-standard","5":"has-post-thumbnail","7":"category-agenda","8":"tag-flor-bertotti-movistar-arena","9":"tag-movistar-arena-floricienta"},"_links":{"self":[{"href":"https:\/\/www.cordobatimes.com\/showup\/wp-json\/wp\/v2\/posts\/101658","targetHints":{"allow":["GET"]}}],"collection":[{"href":"https:\/\/www.cordobatimes.com\/showup\/wp-json\/wp\/v2\/posts"}],"about":[{"href":"https:\/\/www.cordobatimes.com\/showup\/wp-json\/wp\/v2\/types\/post"}],"author":[{"embeddable":true,"href":"https:\/\/www.cordobatimes.com\/showup\/wp-json\/wp\/v2\/users\/1"}],"replies":[{"embeddable":true,"href":"https:\/\/www.cordobatimes.com\/showup\/wp-json\/wp\/v2\/comments?post=101658"}],"version-history":[{"count":0,"href":"https:\/\/www.cordobatimes.com\/showup\/wp-json\/wp\/v2\/posts\/101658\/revisions"}],"wp:featuredmedia":[{"embeddable":true,"href":"https:\/\/www.cordobatimes.com\/showup\/wp-json\/wp\/v2\/media\/101659"}],"wp:attachment":[{"href":"https:\/\/www.cordobatimes.com\/showup\/wp-json\/wp\/v2\/media?parent=101658"}],"wp:term":[{"taxonomy":"category","embeddable":true,"href":"https:\/\/www.cordobatimes.com\/showup\/wp-json\/wp\/v2\/categories?post=101658"},{"taxonomy":"post_tag","embeddable":true,"href":"https:\/\/www.cordobatimes.com\/showup\/wp-json\/wp\/v2\/tags?post=101658"}],"curies":[{"name":"wp","href":"https:\/\/api.w.org\/{rel}","templated":true}]}}