{"id":101625,"date":"2023-12-27T10:05:24","date_gmt":"2023-12-27T13:05:24","guid":{"rendered":"https:\/\/www.cordobatimes.com\/showup\/?p=101625"},"modified":"2023-12-27T10:05:24","modified_gmt":"2023-12-27T13:05:24","slug":"shakira-se-emociono-con-la-estatua-de-mas-de-6-metros-que-le-hicieron-en-su-honor-en-colombia","status":"publish","type":"post","link":"https:\/\/www.cordobatimes.com\/showup\/famosos\/2023\/12\/27\/shakira-se-emociono-con-la-estatua-de-mas-de-6-metros-que-le-hicieron-en-su-honor-en-colombia\/","title":{"rendered":"Shakira se emocion\u00f3 con la estatua de m\u00e1s de 6 metros que le hicieron en su honor en Colombia"},"content":{"rendered":"<h3><strong>La cantautora fue homenajeada con una escultura en la ciudad de Barranquilla justo el d\u00eda del cumplea\u00f1os de su mam\u00e1, quien estuvo presente en la inauguraci\u00f3n junto a su padre.<\/strong><\/h3>\n<p>Despu\u00e9s de tantos a\u00f1os de \u00e9xitos musicales,<b>\u00a0Shakira<\/b>\u00a0tiene su estatua en la ciudad de Barranquilla, en Colombia, de donde es oriunda la artista. Dise\u00f1ada completamente en bronce, con una altura que supera los 6 metros de altura, el monumento se luce en el emblem\u00e1tico\u00a0Malec\u00f3n del R\u00edo<b>\u00a0<\/b>y fue descubierta en la ma\u00f1ana de este martes 26 de diciembre. La representaci\u00f3n art\u00edstica fue creada por el escultor\u00a0<b>Yino M\u00e1rquez\u00a0<\/b>y pesa seis toneladas.<\/p>\n<p>Si bien la cantautora no pudo estar presente en su homenaje, s<b>\u00ed estuvieron sus padres, William Mebarak y Nidia Ripoll,\u00a0<\/b>en el lugar. La alegr\u00eda fue por partida doble ya que este martes adem\u00e1s es<b>\u00a0la fecha de cumplea\u00f1os de la mam\u00e1 de Shakira<\/b>. La artista dej\u00f3 plasmada su emoci\u00f3n en sus historias de Instagram y tambi\u00e9n con varias fotos en su feed. Con un carrete de cuatro fotos, la exmujer de Gerard Piqu\u00e9 detall\u00f3 sus sentimientos ante este especial homenaje.<\/p>\n<p><img alt=\"\" loading=\"lazy\" decoding=\"async\" class=\"alignnone wp-image-101627 size-full\" src=\"https:\/\/www.cordobatimes.com\/showup\/wp-content\/uploads\/2023\/12\/Pantallazo-27-12-2023-09.44.43.jpg\" alt=\"\" width=\"1242\" height=\"825\" srcset=\"https:\/\/www.cordobatimes.com\/showup\/wp-content\/uploads\/2023\/12\/Pantallazo-27-12-2023-09.44.43.jpg 1242w, https:\/\/www.cordobatimes.com\/showup\/wp-content\/uploads\/2023\/12\/Pantallazo-27-12-2023-09.44.43-632x420.jpg 632w, https:\/\/www.cordobatimes.com\/showup\/wp-content\/uploads\/2023\/12\/Pantallazo-27-12-2023-09.44.43-1024x680.jpg 1024w, https:\/\/www.cordobatimes.com\/showup\/wp-content\/uploads\/2023\/12\/Pantallazo-27-12-2023-09.44.43-768x510.jpg 768w, https:\/\/www.cordobatimes.com\/showup\/wp-content\/uploads\/2023\/12\/Pantallazo-27-12-2023-09.44.43-696x462.jpg 696w, https:\/\/www.cordobatimes.com\/showup\/wp-content\/uploads\/2023\/12\/Pantallazo-27-12-2023-09.44.43-1068x709.jpg 1068w\" sizes=\"auto, (max-width: 1242px) 100vw, 1242px\" \/><\/p>\n<p>\u201c1-<b>\u00a0Hace feliz compartir esto con mis padres\u00a0<\/b>y en especial con mi madre en el d\u00eda de su cumplea\u00f1os. 2 &#8211; Emojis de chispitas de alegr\u00eda. 3 &#8211; Mis padres, el alcalde y yo \u00a1all\u00ed atr\u00e1s vigilando! 4- Ay, y esta dedicatoria.\u00a0<b>Esto es demasiado para mi corazoncito<\/b>. 5 &#8211; Mis papitos y mis hermanos con nuestro alcalde\u201d, expres\u00f3 Shakira. La emotiva dedicatoria que tanto la conmovi\u00f3 dice: \u201cUn 2 de febrero de 1977 nace en Barranquilla para el mundo: un coraz\u00f3n que compone, unas caderas que no mienten, un talento inigualable, una voz que mueve masas y unos pies descalzos que marchan por el bien de la ni\u00f1ez y de la humanidad\u201d.<\/p>\n<p>M\u00e1s adelante, sobre el m\u00e1rmol contin\u00faa un detalle del significado de la obra, que representa el afecto y el agradecimiento del pueblo colombiano hacia la artista. \u201cEscultura de Shakira fundida en bronce de 6,50 metros de alto realizando su ic\u00f3nica danza del vientre. El final de su falda en aluminio simboliza las olas del mar y el r\u00edo. Sus brazos elevados y manos entrelazadas de forma vertical representan el alcance de la trascendencia\u201d.<\/p>\n<p><img alt=\"\" loading=\"lazy\" decoding=\"async\" class=\"alignnone wp-image-101628 size-full\" src=\"https:\/\/www.cordobatimes.com\/showup\/wp-content\/uploads\/2023\/12\/Pantallazo-27-12-2023-09.48.05.jpg\" alt=\"\" width=\"651\" height=\"880\" srcset=\"https:\/\/www.cordobatimes.com\/showup\/wp-content\/uploads\/2023\/12\/Pantallazo-27-12-2023-09.48.05.jpg 651w, https:\/\/www.cordobatimes.com\/showup\/wp-content\/uploads\/2023\/12\/Pantallazo-27-12-2023-09.48.05-311x420.jpg 311w\" sizes=\"auto, (max-width: 651px) 100vw, 651px\" \/><\/p>\n<p><img alt=\"\" loading=\"lazy\" decoding=\"async\" class=\"alignnone wp-image-101629 size-full\" src=\"https:\/\/www.cordobatimes.com\/showup\/wp-content\/uploads\/2023\/12\/Pantallazo-27-12-2023-09.49.20.jpg\" alt=\"\" width=\"652\" height=\"871\" srcset=\"https:\/\/www.cordobatimes.com\/showup\/wp-content\/uploads\/2023\/12\/Pantallazo-27-12-2023-09.49.20.jpg 652w, https:\/\/www.cordobatimes.com\/showup\/wp-content\/uploads\/2023\/12\/Pantallazo-27-12-2023-09.49.20-314x420.jpg 314w\" sizes=\"auto, (max-width: 652px) 100vw, 652px\" \/><\/p>\n<p class=\"paragraph\" data-mrf-recirculation=\"Links inline\">El alcalde de la ciudad,\u00a0<b>Jaime Pumarejo<\/b>, destac\u00f3 a trav\u00e9s de un video publicado en redes sociales, la importancia de la cantante colombiana como fuente de inspiraci\u00f3n\u00a0<b>para las mujeres y ni\u00f1as del Caribe: \u201c<\/b>Un coraz\u00f3n que compone, unas caderas que no mienten,<b>\u00a0un talento inigualable, una voz que mueve masas\u00a0<\/b>y unos pies que marchan por el bien de la ni\u00f1ez y la humanidad. Que sigas siendo inspiraci\u00f3n para las mujeres y ni\u00f1as del Caribe, Shakira\u201d.<\/p>\n<div style=\"width: 696px;\" class=\"wp-video\"><video class=\"wp-video-shortcode\" id=\"video-101625-1\" width=\"696\" height=\"1237\" preload=\"metadata\" controls=\"controls\"><source type=\"video\/mp4\" src=\"https:\/\/www.cordobatimes.com\/showup\/wp-content\/uploads\/2023\/12\/P2PwXAz2-34105382.mp4?_=1\" \/><a href=\"https:\/\/www.cordobatimes.com\/showup\/wp-content\/uploads\/2023\/12\/P2PwXAz2-34105382.mp4\">https:\/\/www.cordobatimes.com\/showup\/wp-content\/uploads\/2023\/12\/P2PwXAz2-34105382.mp4<\/a><\/video><\/div>\n<p><img alt=\"\" loading=\"lazy\" decoding=\"async\" class=\"alignnone wp-image-101631 size-full\" src=\"https:\/\/www.cordobatimes.com\/showup\/wp-content\/uploads\/2023\/12\/Pantallazo-27-12-2023-10.01.50.jpg\" alt=\"\" width=\"663\" height=\"877\" srcset=\"https:\/\/www.cordobatimes.com\/showup\/wp-content\/uploads\/2023\/12\/Pantallazo-27-12-2023-10.01.50.jpg 663w, https:\/\/www.cordobatimes.com\/showup\/wp-content\/uploads\/2023\/12\/Pantallazo-27-12-2023-10.01.50-318x420.jpg 318w\" sizes=\"auto, (max-width: 663px) 100vw, 663px\" \/><\/p>\n","protected":false},"excerpt":{"rendered":"<p>La cantautora fue homenajeada con una escultura en la ciudad de Barranquilla justo el d\u00eda del cumplea\u00f1os de su mam\u00e1, quien estuvo presente en la inauguraci\u00f3n junto a su padre. Despu\u00e9s de tantos a\u00f1os de \u00e9xitos musicales,\u00a0Shakira\u00a0tiene su estatua en la ciudad de Barranquilla, en Colombia, de donde es oriunda la artista. Dise\u00f1ada completamente en [&hellip;]<\/p>\n","protected":false},"author":1,"featured_media":101626,"comment_status":"closed","ping_status":"closed","sticky":false,"template":"","format":"standard","meta":{"_seopress_robots_primary_cat":"","_seopress_titles_title":"","_seopress_titles_desc":"","_seopress_robots_index":"","footnotes":""},"categories":[4],"tags":[38749,38750],"class_list":{"0":"post-101625","1":"post","2":"type-post","3":"status-publish","4":"format-standard","5":"has-post-thumbnail","7":"category-famosos","8":"tag-estatua-de-shakira","9":"tag-estatua-de-shakira-en-colombia"},"_links":{"self":[{"href":"https:\/\/www.cordobatimes.com\/showup\/wp-json\/wp\/v2\/posts\/101625","targetHints":{"allow":["GET"]}}],"collection":[{"href":"https:\/\/www.cordobatimes.com\/showup\/wp-json\/wp\/v2\/posts"}],"about":[{"href":"https:\/\/www.cordobatimes.com\/showup\/wp-json\/wp\/v2\/types\/post"}],"author":[{"embeddable":true,"href":"https:\/\/www.cordobatimes.com\/showup\/wp-json\/wp\/v2\/users\/1"}],"replies":[{"embeddable":true,"href":"https:\/\/www.cordobatimes.com\/showup\/wp-json\/wp\/v2\/comments?post=101625"}],"version-history":[{"count":0,"href":"https:\/\/www.cordobatimes.com\/showup\/wp-json\/wp\/v2\/posts\/101625\/revisions"}],"wp:featuredmedia":[{"embeddable":true,"href":"https:\/\/www.cordobatimes.com\/showup\/wp-json\/wp\/v2\/media\/101626"}],"wp:attachment":[{"href":"https:\/\/www.cordobatimes.com\/showup\/wp-json\/wp\/v2\/media?parent=101625"}],"wp:term":[{"taxonomy":"category","embeddable":true,"href":"https:\/\/www.cordobatimes.com\/showup\/wp-json\/wp\/v2\/categories?post=101625"},{"taxonomy":"post_tag","embeddable":true,"href":"https:\/\/www.cordobatimes.com\/showup\/wp-json\/wp\/v2\/tags?post=101625"}],"curies":[{"name":"wp","href":"https:\/\/api.w.org\/{rel}","templated":true}]}}