{"id":101570,"date":"2023-12-21T13:29:48","date_gmt":"2023-12-21T16:29:48","guid":{"rendered":"https:\/\/www.cordobatimes.com\/showup\/?p=101570"},"modified":"2023-12-21T13:29:48","modified_gmt":"2023-12-21T16:29:48","slug":"gran-hermano-isabel-de-negri-hizo-un-indignante-comentario-sobre-el-aumento-de-peso-acuerdense-de-como-salio-silvina-luna","status":"publish","type":"post","link":"https:\/\/www.cordobatimes.com\/showup\/tv\/2023\/12\/21\/gran-hermano-isabel-de-negri-hizo-un-indignante-comentario-sobre-el-aumento-de-peso-acuerdense-de-como-salio-silvina-luna\/","title":{"rendered":"Gran Hermano: Isabel De Negri hizo un indignante comentario sobre el aumento de peso \u00abAcu\u00e9rdense de como sali\u00f3 Silvina Luna\u00bb"},"content":{"rendered":"<h3 class=\"headline\"><strong>La hermanita gener\u00f3 rechazo en las redes por su filoso comentario sobre la fallecida modelo.\u00a0<\/strong><\/h3>\n<p><strong>Isabel\u00a0De Negri\u00a0<\/strong>lanz\u00f3 un pol\u00e9mico comentario sobre el aumento de peso que se podr\u00eda tener dentro de la casa de\u00a0<strong><em>Gran Hermano 2023<\/em><\/strong>\u00a0(Telefe) y lo vincul\u00f3 a<strong>\u00a0Silvina Luna<\/strong>.<\/p>\n<p>La cuenta de X\u00a0@aarontsuarez expuso un video en el que se pod\u00eda ver que<strong>\u00a0Zoe, Flor, Agostina y Catalina<\/strong>\u00a0se preparaban unos panqueques en la cocina y comentaban sobre los\u00a0excesos que estaban cometiendo con su alimentaci\u00f3n desde que est\u00e1n en el reality,\u00a0<strong>Isabel<\/strong>\u00a0se encontraba sirvi\u00e9ndose agua caliente y no dud\u00f3 en hacerles una\u00a0recomendaci\u00f3n a las chicas, pero caus\u00f3 indignaci\u00f3n en las redes que usara como\u00a0referencia al aumento de peso que tuvo<strong>\u00a0Silvina Luna\u00a0<\/strong>en su a\u00f1o en la casa.<\/p>\n<div style=\"width: 628px;\" class=\"wp-video\"><video class=\"wp-video-shortcode\" id=\"video-101570-1\" width=\"628\" height=\"360\" preload=\"metadata\" controls=\"controls\"><source type=\"video\/mp4\" src=\"https:\/\/www.cordobatimes.com\/showup\/wp-content\/uploads\/2023\/12\/ssstwitter.com_1703161763906.mp4?_=1\" \/><a href=\"https:\/\/www.cordobatimes.com\/showup\/wp-content\/uploads\/2023\/12\/ssstwitter.com_1703161763906.mp4\">https:\/\/www.cordobatimes.com\/showup\/wp-content\/uploads\/2023\/12\/ssstwitter.com_1703161763906.mp4<\/a><\/video><\/div>\n<p>\u00ab<strong>Yo les digo: m\u00e1s vale chupen mate, acu\u00e9rdense de como sali\u00f3 Silvina Luna<\/strong>\u00ab, lanz\u00f3\u00a0<strong>Isabel<\/strong>. Eso gener\u00f3 un mont\u00f3n de comentarios en las redes, a continuaci\u00f3n un compilado.<\/p>\n","protected":false},"excerpt":{"rendered":"<p>La hermanita gener\u00f3 rechazo en las redes por su filoso comentario sobre la fallecida modelo.\u00a0 Isabel\u00a0De Negri\u00a0lanz\u00f3 un pol\u00e9mico comentario sobre el aumento de peso que se podr\u00eda tener dentro de la casa de\u00a0Gran Hermano 2023\u00a0(Telefe) y lo vincul\u00f3 a\u00a0Silvina Luna. La cuenta de X\u00a0@aarontsuarez expuso un video en el que se pod\u00eda ver que\u00a0Zoe, [&hellip;]<\/p>\n","protected":false},"author":1,"featured_media":101571,"comment_status":"closed","ping_status":"closed","sticky":false,"template":"","format":"standard","meta":{"_seopress_robots_primary_cat":"","_seopress_titles_title":"","_seopress_titles_desc":"","_seopress_robots_index":"","footnotes":""},"categories":[2],"tags":[38736,38735],"class_list":{"0":"post-101570","1":"post","2":"type-post","3":"status-publish","4":"format-standard","5":"has-post-thumbnail","7":"category-tv","8":"tag-sabel-de-negri-silvina-luna","9":"tag-gran-hermano-isabel-de-negri"},"_links":{"self":[{"href":"https:\/\/www.cordobatimes.com\/showup\/wp-json\/wp\/v2\/posts\/101570","targetHints":{"allow":["GET"]}}],"collection":[{"href":"https:\/\/www.cordobatimes.com\/showup\/wp-json\/wp\/v2\/posts"}],"about":[{"href":"https:\/\/www.cordobatimes.com\/showup\/wp-json\/wp\/v2\/types\/post"}],"author":[{"embeddable":true,"href":"https:\/\/www.cordobatimes.com\/showup\/wp-json\/wp\/v2\/users\/1"}],"replies":[{"embeddable":true,"href":"https:\/\/www.cordobatimes.com\/showup\/wp-json\/wp\/v2\/comments?post=101570"}],"version-history":[{"count":0,"href":"https:\/\/www.cordobatimes.com\/showup\/wp-json\/wp\/v2\/posts\/101570\/revisions"}],"wp:featuredmedia":[{"embeddable":true,"href":"https:\/\/www.cordobatimes.com\/showup\/wp-json\/wp\/v2\/media\/101571"}],"wp:attachment":[{"href":"https:\/\/www.cordobatimes.com\/showup\/wp-json\/wp\/v2\/media?parent=101570"}],"wp:term":[{"taxonomy":"category","embeddable":true,"href":"https:\/\/www.cordobatimes.com\/showup\/wp-json\/wp\/v2\/categories?post=101570"},{"taxonomy":"post_tag","embeddable":true,"href":"https:\/\/www.cordobatimes.com\/showup\/wp-json\/wp\/v2\/tags?post=101570"}],"curies":[{"name":"wp","href":"https:\/\/api.w.org\/{rel}","templated":true}]}}