{"id":101296,"date":"2023-11-30T10:42:28","date_gmt":"2023-11-30T13:42:28","guid":{"rendered":"https:\/\/www.cordobatimes.com\/showup\/?p=101296"},"modified":"2023-11-30T10:42:28","modified_gmt":"2023-11-30T13:42:28","slug":"claudia-schiffer-ya-tiene-su-muneca-barbie","status":"publish","type":"post","link":"https:\/\/www.cordobatimes.com\/showup\/moda-y-estilos\/2023\/11\/30\/claudia-schiffer-ya-tiene-su-muneca-barbie\/","title":{"rendered":"Claudia Schiffer ya tiene su mu\u00f1eca Barbie"},"content":{"rendered":"<h3><strong>La modelo alemana que se apoder\u00f3 de las pasarelas en los 90, tiene su propia mu\u00f1eca vestida con un ic\u00f3nico vestido que marc\u00f3 su carrera de modelo.\u00a0<\/strong><\/h3>\n<p>Al igual que con Marilyn Monroe, Audrey Hepburn, Frida Kahlo, Farrah Fawcett, entre otras,\u00a0Mattel le rindi\u00f3 tributo a\u00a0Claudia Schiffer\u00a0convirti\u00e9ndola en una mu\u00f1eca.<\/p>\n<p>En Agosto del 2020, la alemana cumpli\u00f3 50 a\u00f1os y para celebrarlo, se asoci\u00f3 con Barbie para transformarse en una versi\u00f3n de la ic\u00f3nica mu\u00f1eca de pl\u00e1stico.\u00a0La idea era que la mu\u00f1eca representar\u00e1 dos de los momentos m\u00e1s memorables de la carrera de la modelo a trav\u00e9s de dos conjuntos:\u00a0el ic\u00f3nico vestido largo y azul que us\u00f3 para abrir la pasarela de Versace en Oto\u00f1o de 1994 y el conjunto negro con aplicaciones que llev\u00f3 en la campa\u00f1a de verano de 2016 de Balmain.<\/p>\n<p>\u00a1Feliz de anunciar una de las primeras mu\u00f1ecas Barbie supermodelo originales de los 90! Me lo pas\u00e9 incre\u00edble trabajando con Mattel para crear mi Barbie, con mi estilo favorito de pasarela de todos los tiempos. Gracias a todos los equipos involucrados. Mi Barbie de edici\u00f3n limitada est\u00e1 disponible ahora\u00bb, adjunt\u00f3.<\/p>\n<p>La mu\u00f1eca representa uno de los momentos m\u00e1s memorables de la carrera de la modelo a trav\u00e9s de el ic\u00f3nico\u00a0vestido largo y azul que us\u00f3 para abrir la pasarela de Versace en Oto\u00f1o de 1994.<\/p>\n<p><img alt=\"\" loading=\"lazy\" decoding=\"async\" class=\"alignnone wp-image-101298 size-full\" src=\"https:\/\/www.cordobatimes.com\/showup\/wp-content\/uploads\/2023\/11\/Pantallazo-30-11-2023-10.18.14.jpg\" alt=\"\" width=\"711\" height=\"883\" srcset=\"https:\/\/www.cordobatimes.com\/showup\/wp-content\/uploads\/2023\/11\/Pantallazo-30-11-2023-10.18.14.jpg 711w, https:\/\/www.cordobatimes.com\/showup\/wp-content\/uploads\/2023\/11\/Pantallazo-30-11-2023-10.18.14-338x420.jpg 338w, https:\/\/www.cordobatimes.com\/showup\/wp-content\/uploads\/2023\/11\/Pantallazo-30-11-2023-10.18.14-696x864.jpg 696w\" sizes=\"auto, (max-width: 711px) 100vw, 711px\" \/> <img alt=\"\" loading=\"lazy\" decoding=\"async\" class=\"alignnone wp-image-101299 size-full\" src=\"https:\/\/www.cordobatimes.com\/showup\/wp-content\/uploads\/2023\/11\/Pantallazo-30-11-2023-10.19.32.jpg\" alt=\"\" width=\"709\" height=\"883\" srcset=\"https:\/\/www.cordobatimes.com\/showup\/wp-content\/uploads\/2023\/11\/Pantallazo-30-11-2023-10.19.32.jpg 709w, https:\/\/www.cordobatimes.com\/showup\/wp-content\/uploads\/2023\/11\/Pantallazo-30-11-2023-10.19.32-337x420.jpg 337w, https:\/\/www.cordobatimes.com\/showup\/wp-content\/uploads\/2023\/11\/Pantallazo-30-11-2023-10.19.32-696x867.jpg 696w\" sizes=\"auto, (max-width: 709px) 100vw, 709px\" \/> <img alt=\"\" loading=\"lazy\" decoding=\"async\" class=\"alignnone wp-image-101300 size-full\" src=\"https:\/\/www.cordobatimes.com\/showup\/wp-content\/uploads\/2023\/11\/Pantallazo-30-11-2023-10.21.34.jpg\" alt=\"\" width=\"916\" height=\"617\" srcset=\"https:\/\/www.cordobatimes.com\/showup\/wp-content\/uploads\/2023\/11\/Pantallazo-30-11-2023-10.21.34.jpg 916w, https:\/\/www.cordobatimes.com\/showup\/wp-content\/uploads\/2023\/11\/Pantallazo-30-11-2023-10.21.34-624x420.jpg 624w, https:\/\/www.cordobatimes.com\/showup\/wp-content\/uploads\/2023\/11\/Pantallazo-30-11-2023-10.21.34-768x517.jpg 768w, https:\/\/www.cordobatimes.com\/showup\/wp-content\/uploads\/2023\/11\/Pantallazo-30-11-2023-10.21.34-696x469.jpg 696w\" sizes=\"auto, (max-width: 916px) 100vw, 916px\" \/><\/p>\n<p>Para lograr esta mu\u00f1eca, Mattel cont\u00f3 con la ayuda de\u00a0Donatella Versace para hacer este vestido tan especial que marc\u00f3 la carrera de la top. La dise\u00f1adora se encarg\u00f3 de hacer una versi\u00f3n mini de esta pieza tan recordada.<\/p>\n<p><img alt=\"\" loading=\"lazy\" decoding=\"async\" class=\"alignnone wp-image-101301 size-full\" src=\"https:\/\/www.cordobatimes.com\/showup\/wp-content\/uploads\/2023\/11\/Pantallazo-30-11-2023-10.26.49.jpg\" alt=\"\" width=\"707\" height=\"862\" srcset=\"https:\/\/www.cordobatimes.com\/showup\/wp-content\/uploads\/2023\/11\/Pantallazo-30-11-2023-10.26.49.jpg 707w, https:\/\/www.cordobatimes.com\/showup\/wp-content\/uploads\/2023\/11\/Pantallazo-30-11-2023-10.26.49-344x420.jpg 344w, https:\/\/www.cordobatimes.com\/showup\/wp-content\/uploads\/2023\/11\/Pantallazo-30-11-2023-10.26.49-696x849.jpg 696w\" sizes=\"auto, (max-width: 707px) 100vw, 707px\" \/><\/p>\n<p>&nbsp;<\/p>\n<p><img alt=\"\" loading=\"lazy\" decoding=\"async\" class=\"alignnone wp-image-101302 size-full\" src=\"https:\/\/www.cordobatimes.com\/showup\/wp-content\/uploads\/2023\/11\/Pantallazo-30-11-2023-10.28.28.jpg\" alt=\"\" width=\"701\" height=\"856\" srcset=\"https:\/\/www.cordobatimes.com\/showup\/wp-content\/uploads\/2023\/11\/Pantallazo-30-11-2023-10.28.28.jpg 701w, https:\/\/www.cordobatimes.com\/showup\/wp-content\/uploads\/2023\/11\/Pantallazo-30-11-2023-10.28.28-344x420.jpg 344w, https:\/\/www.cordobatimes.com\/showup\/wp-content\/uploads\/2023\/11\/Pantallazo-30-11-2023-10.28.28-696x850.jpg 696w\" sizes=\"auto, (max-width: 701px) 100vw, 701px\" \/><\/p>\n<p>El dise\u00f1o es un\u00a0vestido azul muy vaporoso, con cors\u00e9 con escote pronunciado y falda plisada, que cre\u00f3 Gianni Versace para su colecci\u00f3n oto\u00f1o-invierno 1994\/95. La mu\u00f1eca, que guarda un gran parecido f\u00edsico con Claudia,\u00a0lleva exactamente la misma prenda, en el mismo tono, y el mismo peinado que luci\u00f3 ella en el desfile.<\/p>\n<p><img alt=\"\" loading=\"lazy\" decoding=\"async\" class=\"alignnone wp-image-101303 size-full\" src=\"https:\/\/www.cordobatimes.com\/showup\/wp-content\/uploads\/2023\/11\/Pantallazo-30-11-2023-10.33.32.jpg\" alt=\"\" width=\"707\" height=\"870\" srcset=\"https:\/\/www.cordobatimes.com\/showup\/wp-content\/uploads\/2023\/11\/Pantallazo-30-11-2023-10.33.32.jpg 707w, https:\/\/www.cordobatimes.com\/showup\/wp-content\/uploads\/2023\/11\/Pantallazo-30-11-2023-10.33.32-341x420.jpg 341w, https:\/\/www.cordobatimes.com\/showup\/wp-content\/uploads\/2023\/11\/Pantallazo-30-11-2023-10.33.32-324x400.jpg 324w, https:\/\/www.cordobatimes.com\/showup\/wp-content\/uploads\/2023\/11\/Pantallazo-30-11-2023-10.33.32-696x856.jpg 696w\" sizes=\"auto, (max-width: 707px) 100vw, 707px\" \/><\/p>\n<p>Donatella Versace habl\u00f3 de la modelo y de su mu\u00f1eca de la mano de Barbie. \u00abCuando Claudia entr\u00f3 por primera vez en la pasarela, con su pelo rubio y largo y rostro angelical, el mundo entero la vio de inmediato como la personificaci\u00f3n de Barbie.\u00a0Estoy tan orgullosa de poder celebrar los 50 a\u00f1os de Claudia , el vestido azul del desfile de 1994 fue elegido como su outfit. Femenino y glamoroso, realmente personifica el estilo de ambas\u00bb.<\/p>\n<p>&nbsp;<\/p>\n<p><img alt=\"\" loading=\"lazy\" decoding=\"async\" class=\"alignnone wp-image-101304 size-full\" src=\"https:\/\/www.cordobatimes.com\/showup\/wp-content\/uploads\/2023\/11\/Pantallazo-30-11-2023-10.36.10.jpg\" alt=\"\" width=\"688\" height=\"858\" srcset=\"https:\/\/www.cordobatimes.com\/showup\/wp-content\/uploads\/2023\/11\/Pantallazo-30-11-2023-10.36.10.jpg 688w, https:\/\/www.cordobatimes.com\/showup\/wp-content\/uploads\/2023\/11\/Pantallazo-30-11-2023-10.36.10-337x420.jpg 337w\" sizes=\"auto, (max-width: 688px) 100vw, 688px\" \/><\/p>\n<p>Claudia y Barbie son\u00a0dos mujeres fuertes que no necesitan ser empoderadas\u00a0por cualquiera, porque siempre han sido las creadores de su destino.\u201d, afirm\u00f3.<\/p>\n","protected":false},"excerpt":{"rendered":"<p>La modelo alemana que se apoder\u00f3 de las pasarelas en los 90, tiene su propia mu\u00f1eca vestida con un ic\u00f3nico vestido que marc\u00f3 su carrera de modelo.\u00a0 Al igual que con Marilyn Monroe, Audrey Hepburn, Frida Kahlo, Farrah Fawcett, entre otras,\u00a0Mattel le rindi\u00f3 tributo a\u00a0Claudia Schiffer\u00a0convirti\u00e9ndola en una mu\u00f1eca. En Agosto del 2020, la alemana [&hellip;]<\/p>\n","protected":false},"author":1,"featured_media":101297,"comment_status":"closed","ping_status":"closed","sticky":false,"template":"","format":"standard","meta":{"_seopress_robots_primary_cat":"","_seopress_titles_title":"","_seopress_titles_desc":"","_seopress_robots_index":"","footnotes":""},"categories":[228],"tags":[38625,38624,38626],"class_list":{"0":"post-101296","1":"post","2":"type-post","3":"status-publish","4":"format-standard","5":"has-post-thumbnail","7":"category-moda-y-estilos","8":"tag-claudia-schiffer-barbie","9":"tag-claudia-schiffer-muneca-barbie","10":"tag-claudia-schiffer-versace"},"_links":{"self":[{"href":"https:\/\/www.cordobatimes.com\/showup\/wp-json\/wp\/v2\/posts\/101296","targetHints":{"allow":["GET"]}}],"collection":[{"href":"https:\/\/www.cordobatimes.com\/showup\/wp-json\/wp\/v2\/posts"}],"about":[{"href":"https:\/\/www.cordobatimes.com\/showup\/wp-json\/wp\/v2\/types\/post"}],"author":[{"embeddable":true,"href":"https:\/\/www.cordobatimes.com\/showup\/wp-json\/wp\/v2\/users\/1"}],"replies":[{"embeddable":true,"href":"https:\/\/www.cordobatimes.com\/showup\/wp-json\/wp\/v2\/comments?post=101296"}],"version-history":[{"count":0,"href":"https:\/\/www.cordobatimes.com\/showup\/wp-json\/wp\/v2\/posts\/101296\/revisions"}],"wp:featuredmedia":[{"embeddable":true,"href":"https:\/\/www.cordobatimes.com\/showup\/wp-json\/wp\/v2\/media\/101297"}],"wp:attachment":[{"href":"https:\/\/www.cordobatimes.com\/showup\/wp-json\/wp\/v2\/media?parent=101296"}],"wp:term":[{"taxonomy":"category","embeddable":true,"href":"https:\/\/www.cordobatimes.com\/showup\/wp-json\/wp\/v2\/categories?post=101296"},{"taxonomy":"post_tag","embeddable":true,"href":"https:\/\/www.cordobatimes.com\/showup\/wp-json\/wp\/v2\/tags?post=101296"}],"curies":[{"name":"wp","href":"https:\/\/api.w.org\/{rel}","templated":true}]}}