{"id":101288,"date":"2023-11-28T11:16:31","date_gmt":"2023-11-28T14:16:31","guid":{"rendered":"https:\/\/www.cordobatimes.com\/showup\/?p=101288"},"modified":"2023-11-28T11:16:31","modified_gmt":"2023-11-28T14:16:31","slug":"charly-garcia-fue-homenajeado-en-la-legislatura-portena","status":"publish","type":"post","link":"https:\/\/www.cordobatimes.com\/showup\/famosos\/2023\/11\/28\/charly-garcia-fue-homenajeado-en-la-legislatura-portena\/","title":{"rendered":"Charly Garc\u00eda fue homenajeado en la Legislatura Porte\u00f1a"},"content":{"rendered":"<h3><strong>La iniciativa del legislador Juan Manuel Vald\u00e9s, del bloque Frente de Todos, se realiz\u00f3 este lunes y adem\u00e1s hubo un show musicalizado por Zorrito Von Quintiero, Fernando Samalea y Cucuza Castiello<\/strong><\/h3>\n<p>Este lunes 27 en el Sal\u00f3n Dorado de la Legislatura Porte\u00f1a se celebr\u00f3 a la figura y la obra de\u00a0Charly Garc\u00eda. Por iniciativa del legislador porte\u00f1o\u00a0Juan Manuel Vald\u00e9s, del bloque de\u00a0Frente de Todos, se realiz\u00f3 un homenaje por el aniversario de dos de los m\u00e1s emblem\u00e1ticos discos del genial artista,\u00a0Clics Modernos\u00a0y\u00a0Confesiones de invierno\u00a0(Sui Generis), que cumplen respectivamente 40 y 50 a\u00f1os.<\/p>\n<p>Del acto, que cont\u00f3 con un show con versiones de Charly, participaron\u00a0Fernando Samalea\u00a0y\u00a0Fabi\u00e1n\u00a0Zorrito Von\u00a0Quintiero, m\u00fasicos que acompa\u00f1aron a Garc\u00eda en distintas etapas de su recorrido. As\u00edmismo, ambos fueron distinguidos como ciudadanos ilustres de la Ciudad de Buenos Aires. Entre los presentes se destac\u00f3\u00a0Taty Almeida, de\u00a0Madres de Plaza de Mayo L\u00ednea Fundadora.<\/p>\n<p>\u201cSurgi\u00f3 presentar esta iniciativa por el aniversario de un disco tan importante para todos los argentinos como\u00a0Clics Modernos. Y adem\u00e1s,\u00a0Confesiones de invierno, que es un disco emblem\u00e1tico de la fundaci\u00f3n de un estilo. Pensemos que ese disco contiene \u2018Rasgu\u00f1a las piedras\u2019, \u2018Cuando ya me empiece a quedar solo\u2019&#8230; Es la banda de sonido de la sensibilidad de todos nosotros. Charly es un gran conocedor de la sensibilidad de este pueblo y tiene la capacidad de formular himnos que sensibilizan y movilizan en cada uno de nosotros. Este aniversario cre\u00eda que no pod\u00eda pasar al olvido, pasar desapercibido.\u00a0Y realmente en tiempos como los que estamos viviendo ahora creo que es muy importante tener presente la obra de Charly\u201d, destac\u00f3 el legislador Vald\u00e9s.<\/p>\n<p>La iniciativa est\u00e1 en l\u00ednea con los homenajes en vida que viene recibiendo Garc\u00eda. Primero,\u00a0la reciente inauguraci\u00f3n de la \u201cCharly Garc\u00eda Corner\u201d en la ciudad estadounidense de Nueva York\u00a0-durante este acto se mostr\u00f3 un video de esa celebraci\u00f3n- y tambi\u00e9n con algo m\u00e1s cotidiano y musical, como los recientes tributos de parte de\u00a0Dillom\u00a0y\u00a0Milo J\u00a0en el festival\u00a0Primavera Sound Buenos Aires:\u00a0durante sus sendos shows, los raperos interpretaron de manera sorpresiva \u201cNos siguen pegando abajo\u201d y \u201cLos dinosaurios\u201d, respectivamente. \u201cLa ley de nomenclatura urbana nos impide hacer homenaje a los artistas y a las grandes figuras p\u00fablicas en vida. Realmente ser\u00eda algo para cambiar, porque esperar a que alguien no est\u00e9 entre nosotros para ser homenajeado es algo triste. Lo mejor que puede haber es celebrar a las personas en vida, cuando nos puedan escuchar. Este acto es para homenajearlo en vida porque estamos muy felices de tener a Charly Garc\u00eda entre nosotros\u201d, destac\u00f3 Vald\u00e9s.<\/p>\n<p><img alt=\"\" loading=\"lazy\" decoding=\"async\" class=\"alignnone size-medium wp-image-101290\" src=\"https:\/\/www.cordobatimes.com\/showup\/wp-content\/uploads\/2023\/11\/Pantallazo-28-11-2023-11.13.11-686x420.jpg\" alt=\"\" width=\"686\" height=\"420\" srcset=\"https:\/\/www.cordobatimes.com\/showup\/wp-content\/uploads\/2023\/11\/Pantallazo-28-11-2023-11.13.11-686x420.jpg 686w, https:\/\/www.cordobatimes.com\/showup\/wp-content\/uploads\/2023\/11\/Pantallazo-28-11-2023-11.13.11-1024x627.jpg 1024w, https:\/\/www.cordobatimes.com\/showup\/wp-content\/uploads\/2023\/11\/Pantallazo-28-11-2023-11.13.11-768x470.jpg 768w, https:\/\/www.cordobatimes.com\/showup\/wp-content\/uploads\/2023\/11\/Pantallazo-28-11-2023-11.13.11-696x426.jpg 696w, https:\/\/www.cordobatimes.com\/showup\/wp-content\/uploads\/2023\/11\/Pantallazo-28-11-2023-11.13.11.jpg 1063w\" sizes=\"auto, (max-width: 686px) 100vw, 686px\" \/><\/p>\n<p>Minutos antes de que comenzara la m\u00fasica, apareci\u00f3 Nito Mestre en forma de video para agradecer el recuerdo a\u00a0Confesiones de Invierno. \u201cEstoy muy contento, muy orgulloso y les quer\u00eda mandar un enorme abrazo a todos los que han votado a favor de este reconocimiento y a los que han escuchado en todos estos a\u00f1os este maravilloso disco\u201d, dijo el m\u00fasico y socio de Charly en los d\u00edas de Sui Generis.<\/p>\n<p>\u201cPor sobre todo quiero agradecer a Carlos Alberto Garc\u00eda Moreno, alias Charly Garc\u00eda. Que esto sea una gran celebraci\u00f3n por nuestra cultura argentina, de rock argentino y por nuestro querido jefe, Charly Garc\u00eda\u201d, dijo el Zorrito antes de que largara la m\u00fasica. Junto a Samalea, Michelle Bliman, Joaco Burgos, Luna y Dinamita Pereda conformaron una banda que reversion\u00f3 un repertorio de distintas \u00e9pocas de Charly. Las primeras dos fueron \u201cRap del exilio\u201d y \u201cCerca de la revoluci\u00f3n\u201d, ambas del \u00e1lbum\u00a0Piano Bar\u00a0(1984). Luego son\u00f3 \u201cBienvenidos al tren\u201d, en la voz pop de Burgos.<\/p>\n<p>A continuaci\u00f3n, el tanguero Hern\u00e1n Cucuza Castiello sali\u00f3 a escena con una remera negra con el rostro de Roberto Goyeneche impreso en el pecho y subi\u00f3 para cantar \u201cNo soy un extra\u00f1o\u201d, la cual mezcl\u00f3 con \u201cInfluencia\u201d. Despu\u00e9s, y a pedido del Zorrito, se qued\u00f3 para hacer \u201cConfesiones de invierno\u201d. Por \u00faltimo, subi\u00f3 la intensidad pop y Burgos y Luna intercambiaron sus voces para hacer \u201cOjos de videotape\u201d, \u201cPromesas sobre el bidet\u201d, \u201cBuscando un s\u00edmbolo de paz\u201d, \u201cFanky\u201d y \u201cNos siguen pegando abajo\u201d, con la que finaliz\u00f3 la ceremonia.<\/p>\n","protected":false},"excerpt":{"rendered":"<p>La iniciativa del legislador Juan Manuel Vald\u00e9s, del bloque Frente de Todos, se realiz\u00f3 este lunes y adem\u00e1s hubo un show musicalizado por Zorrito Von Quintiero, Fernando Samalea y Cucuza Castiello Este lunes 27 en el Sal\u00f3n Dorado de la Legislatura Porte\u00f1a se celebr\u00f3 a la figura y la obra de\u00a0Charly Garc\u00eda. Por iniciativa del [&hellip;]<\/p>\n","protected":false},"author":1,"featured_media":101289,"comment_status":"closed","ping_status":"closed","sticky":false,"template":"","format":"standard","meta":{"_seopress_robots_primary_cat":"","_seopress_titles_title":"","_seopress_titles_desc":"","_seopress_robots_index":"","footnotes":""},"categories":[4],"tags":[38620,38621],"class_list":{"0":"post-101288","1":"post","2":"type-post","3":"status-publish","4":"format-standard","5":"has-post-thumbnail","7":"category-famosos","8":"tag-charly-garcia-legislatura-portena","9":"tag-homenaje-a-charly-garcia"},"_links":{"self":[{"href":"https:\/\/www.cordobatimes.com\/showup\/wp-json\/wp\/v2\/posts\/101288","targetHints":{"allow":["GET"]}}],"collection":[{"href":"https:\/\/www.cordobatimes.com\/showup\/wp-json\/wp\/v2\/posts"}],"about":[{"href":"https:\/\/www.cordobatimes.com\/showup\/wp-json\/wp\/v2\/types\/post"}],"author":[{"embeddable":true,"href":"https:\/\/www.cordobatimes.com\/showup\/wp-json\/wp\/v2\/users\/1"}],"replies":[{"embeddable":true,"href":"https:\/\/www.cordobatimes.com\/showup\/wp-json\/wp\/v2\/comments?post=101288"}],"version-history":[{"count":0,"href":"https:\/\/www.cordobatimes.com\/showup\/wp-json\/wp\/v2\/posts\/101288\/revisions"}],"wp:featuredmedia":[{"embeddable":true,"href":"https:\/\/www.cordobatimes.com\/showup\/wp-json\/wp\/v2\/media\/101289"}],"wp:attachment":[{"href":"https:\/\/www.cordobatimes.com\/showup\/wp-json\/wp\/v2\/media?parent=101288"}],"wp:term":[{"taxonomy":"category","embeddable":true,"href":"https:\/\/www.cordobatimes.com\/showup\/wp-json\/wp\/v2\/categories?post=101288"},{"taxonomy":"post_tag","embeddable":true,"href":"https:\/\/www.cordobatimes.com\/showup\/wp-json\/wp\/v2\/tags?post=101288"}],"curies":[{"name":"wp","href":"https:\/\/api.w.org\/{rel}","templated":true}]}}