{"id":101205,"date":"2023-11-21T11:26:59","date_gmt":"2023-11-21T14:26:59","guid":{"rendered":"https:\/\/www.cordobatimes.com\/showup\/?p=101205"},"modified":"2023-11-21T11:26:59","modified_gmt":"2023-11-21T14:26:59","slug":"tinelli-felicito-a-javier-milei-y-se-refirio-al-rol-de-primera-dama-de-fatima-florez","status":"publish","type":"post","link":"https:\/\/www.cordobatimes.com\/showup\/tv\/2023\/11\/21\/tinelli-felicito-a-javier-milei-y-se-refirio-al-rol-de-primera-dama-de-fatima-florez\/","title":{"rendered":"Tinelli felicit\u00f3 a Javier Milei y se refiri\u00f3 al rol de primera dama de F\u00e1tima Fl\u00f3rez"},"content":{"rendered":"<h3><strong>El conductor del Bailando 2023 destac\u00f3 la victoria del nuevo presidente y se mostr\u00f3 optimista con respecto al futuro de la humorista en el programa de Am\u00e9rica<\/strong><\/h3>\n<p>Tras una jornada electoral hist\u00f3rica,\u00a0Marcelo Tinelli\u00a0abri\u00f3 un nuevo programa del\u00a0Bailando 2023\u00a0felicitando a\u00a0Javier Milei\u00a0por su triunfo. Adem\u00e1s, mostr\u00f3 su alegr\u00eda por\u00a0F\u00e1tima Fl\u00f3rez\u00a0y dej\u00f3 ver su optimismo por el futuro de la actriz en el ciclo. \u201c\u00bfVa a seguir trabajando la primera dama? Esperemos que s\u00ed\u201d, se pregunt\u00f3 el conductor.<\/p>\n<p>Corr\u00edan los primeros minutos del programa cuando, en medio de la pista y acompa\u00f1ado por las bailarinas del staff, Tinelli habl\u00f3 sobre el proceso electoral que vivi\u00f3 la Argentina y le dedic\u00f3 unas palabras al pr\u00f3ximo mandatario nacional<\/p>\n<div style=\"width: 696px;\" class=\"wp-video\"><video class=\"wp-video-shortcode\" id=\"video-101205-1\" width=\"696\" height=\"392\" preload=\"metadata\" controls=\"controls\"><source type=\"video\/mp4\" src=\"https:\/\/www.cordobatimes.com\/showup\/wp-content\/uploads\/2023\/11\/CO1loeCH-34105382.mp4?_=1\" \/><a href=\"https:\/\/www.cordobatimes.com\/showup\/wp-content\/uploads\/2023\/11\/CO1loeCH-34105382.mp4\">https:\/\/www.cordobatimes.com\/showup\/wp-content\/uploads\/2023\/11\/CO1loeCH-34105382.mp4<\/a><\/video><\/div>\n","protected":false},"excerpt":{"rendered":"<p>El conductor del Bailando 2023 destac\u00f3 la victoria del nuevo presidente y se mostr\u00f3 optimista con respecto al futuro de la humorista en el programa de Am\u00e9rica Tras una jornada electoral hist\u00f3rica,\u00a0Marcelo Tinelli\u00a0abri\u00f3 un nuevo programa del\u00a0Bailando 2023\u00a0felicitando a\u00a0Javier Milei\u00a0por su triunfo. Adem\u00e1s, mostr\u00f3 su alegr\u00eda por\u00a0F\u00e1tima Fl\u00f3rez\u00a0y dej\u00f3 ver su optimismo por el futuro [&hellip;]<\/p>\n","protected":false},"author":1,"featured_media":101206,"comment_status":"closed","ping_status":"closed","sticky":false,"template":"","format":"standard","meta":{"_seopress_robots_primary_cat":"","_seopress_titles_title":"","_seopress_titles_desc":"","_seopress_robots_index":"","footnotes":""},"categories":[2],"tags":[38571,38581,38582],"class_list":{"0":"post-101205","1":"post","2":"type-post","3":"status-publish","4":"format-standard","5":"has-post-thumbnail","7":"category-tv","8":"tag-presidente-javier-milei","9":"tag-tinelli-felicito-a-javier-milei","10":"tag-tinelli-javier-milei"},"_links":{"self":[{"href":"https:\/\/www.cordobatimes.com\/showup\/wp-json\/wp\/v2\/posts\/101205","targetHints":{"allow":["GET"]}}],"collection":[{"href":"https:\/\/www.cordobatimes.com\/showup\/wp-json\/wp\/v2\/posts"}],"about":[{"href":"https:\/\/www.cordobatimes.com\/showup\/wp-json\/wp\/v2\/types\/post"}],"author":[{"embeddable":true,"href":"https:\/\/www.cordobatimes.com\/showup\/wp-json\/wp\/v2\/users\/1"}],"replies":[{"embeddable":true,"href":"https:\/\/www.cordobatimes.com\/showup\/wp-json\/wp\/v2\/comments?post=101205"}],"version-history":[{"count":0,"href":"https:\/\/www.cordobatimes.com\/showup\/wp-json\/wp\/v2\/posts\/101205\/revisions"}],"wp:featuredmedia":[{"embeddable":true,"href":"https:\/\/www.cordobatimes.com\/showup\/wp-json\/wp\/v2\/media\/101206"}],"wp:attachment":[{"href":"https:\/\/www.cordobatimes.com\/showup\/wp-json\/wp\/v2\/media?parent=101205"}],"wp:term":[{"taxonomy":"category","embeddable":true,"href":"https:\/\/www.cordobatimes.com\/showup\/wp-json\/wp\/v2\/categories?post=101205"},{"taxonomy":"post_tag","embeddable":true,"href":"https:\/\/www.cordobatimes.com\/showup\/wp-json\/wp\/v2\/tags?post=101205"}],"curies":[{"name":"wp","href":"https:\/\/api.w.org\/{rel}","templated":true}]}}