{"id":101190,"date":"2023-11-20T10:25:39","date_gmt":"2023-11-20T13:25:39","guid":{"rendered":"https:\/\/www.cordobatimes.com\/showup\/?p=101190"},"modified":"2023-11-20T10:25:39","modified_gmt":"2023-11-20T13:25:39","slug":"la-reaccion-de-los-famosos-tras-conocer-los-resultados-del-balotaje-2023","status":"publish","type":"post","link":"https:\/\/www.cordobatimes.com\/showup\/famosos\/2023\/11\/20\/la-reaccion-de-los-famosos-tras-conocer-los-resultados-del-balotaje-2023\/","title":{"rendered":"La reacci\u00f3n de los famosos tras conocer los  resultados del Balotaje 2023"},"content":{"rendered":"<h3><strong>Despu\u00e9s del triunfo de Javier Milei sobre Sergio Massa, muchas figuras del mundo del espect\u00e1culo mostraron su alegr\u00eda, apoyo y hasta indignaci\u00f3n con el resultado.<\/strong><\/h3>\n<p class=\"paragraph\" data-mrf-recirculation=\"Links inline\">Tras conocerse la victoria de\u00a0<b>Javier Milei<\/b>\u00a0por sobre\u00a0<b>Sergio Massa<\/b>, con el 55,80% de los votos, muchos famosos se pronunciaron en las redes sociales. Una de las primeras en manifestarse, a favor del libertario, fue\u00a0<b>Connie Ansaldi<\/b>. A trav\u00e9s de X (anteriormente conocida como Twitter) ella escribi\u00f3: \u201cParece que la gente se hart\u00f3 del kirchnerismo. De la patota. De los negociados. Del hambre y las soluciones paliativas. De estar fuera del mundo. De que no haya libre comercio. Del resentimiento instalado sobre los que generan dinero y les va bien. De las alianzas con los dictadores de este mundo. A todo eso, se le dijo BASTA\u201d.<\/p>\n<div class=\"visual__image\"><img loading=\"lazy\" decoding=\"async\" class=\" lazyload\" src=\"https:\/\/www.infobae.com\/new-resizer\/XkYl_pe6p3fg3dAjuOT6nbggcmk=\/992x606\/filters:format(webp):quality(85)\/cloudfront-us-east-1.images.arcpublishing.com\/infobae\/3LD7IBGAEBHVHIJVV4ANJJX4GU.jpg%20992w\" sizes=\"auto, (min-width: 1560px) 856px, (min-width: 1000px) calc(74.63vw - 293px), (min-width: 780px) calc(100vw - 376px), (min-width: 580px) calc(100vw - 32px), 100vw\" srcset=\"https:\/\/www.infobae.com\/new-resizer\/XkYl_pe6p3fg3dAjuOT6nbggcmk=\/992x606\/filters:format(webp):quality(85)\/cloudfront-us-east-1.images.arcpublishing.com\/infobae\/3LD7IBGAEBHVHIJVV4ANJJX4GU.jpg 992w\" alt=\"El comentario de Connie Ansaldi en X (ex Twitter)\" width=\"1080\" height=\"634\" data-src=\"https:\/\/www.infobae.com\/new-resizer\/XkYl_pe6p3fg3dAjuOT6nbggcmk=\/992x606\/filters:format(webp):quality(85)\/cloudfront-us-east-1.images.arcpublishing.com\/infobae\/3LD7IBGAEBHVHIJVV4ANJJX4GU.jpg 992w\" \/>El comentario de Connie Ansaldi en X (ex Twitter)<\/div>\n<p class=\"paragraph\" data-mrf-recirculation=\"Links inline\">Sin embargo, la medi\u00e1tica tambi\u00e9n se dirigi\u00f3 hacia el nuevo presidente de la Argentina y dej\u00f3 en claro sus esperanzas con su decisi\u00f3n electoral: \u201cY vos Milei, ojal\u00e1 sepas lo que estamos depositando en tus manos. Esperanza. Futuro. Progreso. Justicia. Educaci\u00f3n. Salud. Y consenso para este pueblo argentino tan golpeado. Espero que le hagas honor a esta oportunidad\u201d.<\/p>\n<div class=\"teads-inread sm-screen\">\n<div class=\"teads-ui-components-adchoices\"><\/div>\n<div class=\"teads-ui-components-label\"><\/div>\n<\/div>\n<div class=\"visual__image\"><img loading=\"lazy\" decoding=\"async\" class=\" lazyload\" src=\"https:\/\/www.infobae.com\/new-resizer\/ERBVLO9td6sGQSnxpvuf_bXiTMg=\/420x187\/filters:format(webp):quality(85)\/cloudfront-us-east-1.images.arcpublishing.com\/infobae\/O25KOJQX5ZAA7M5CR4QQ3FTG3A.jpg%20420w\" sizes=\"auto, (min-width: 1560px) 856px, (min-width: 1000px) calc(74.63vw - 293px), (min-width: 780px) calc(100vw - 376px), (min-width: 580px) calc(100vw - 32px), 100vw\" srcset=\"https:\/\/www.infobae.com\/new-resizer\/ERBVLO9td6sGQSnxpvuf_bXiTMg=\/420x187\/filters:format(webp):quality(85)\/cloudfront-us-east-1.images.arcpublishing.com\/infobae\/O25KOJQX5ZAA7M5CR4QQ3FTG3A.jpg 420w,https:\/\/www.infobae.com\/new-resizer\/pd701LP90cNTpQj-28O8vv2uGIQ=\/768x341\/filters:format(webp):quality(85)\/cloudfront-us-east-1.images.arcpublishing.com\/infobae\/O25KOJQX5ZAA7M5CR4QQ3FTG3A.jpg 768w,https:\/\/www.infobae.com\/new-resizer\/7ixE_SvmQN9M9KWpi8JX2VqizUw=\/992x441\/filters:format(webp):quality(85)\/cloudfront-us-east-1.images.arcpublishing.com\/infobae\/O25KOJQX5ZAA7M5CR4QQ3FTG3A.jpg 992w,https:\/\/www.infobae.com\/new-resizer\/TX2SJopLdVioMR_tMk3czrMAHHY=\/1200x533\/filters:format(webp):quality(85)\/cloudfront-us-east-1.images.arcpublishing.com\/infobae\/O25KOJQX5ZAA7M5CR4QQ3FTG3A.jpg 1200w\" alt=\"El posteo de Amalia Granata\" width=\"1920\" height=\"897\" data-src=\"https:\/\/www.infobae.com\/new-resizer\/ERBVLO9td6sGQSnxpvuf_bXiTMg=\/420x187\/filters:format(webp):quality(85)\/cloudfront-us-east-1.images.arcpublishing.com\/infobae\/O25KOJQX5ZAA7M5CR4QQ3FTG3A.jpg 420w\" \/><\/div>\n<div class=\"inline ad-wrapper\">\n<div class=\"dfpAd ad-inline\">\n<div id=\"infobae\/teleshow\/nota\/inline\" class=\"infobae\/teleshow\/nota\/inline arcad\" data-google-query-id=\"CL6i_r3T0oIDFSGJlQIdeWIG4Q\">\n<div id=\"google_ads_iframe_\/1058609\/infobae\/teleshow\/nota\/inline_0__container__\"><iframe id=\"google_ads_iframe_\/1058609\/infobae\/teleshow\/nota\/inline_0\" tabindex=\"0\" title=\"3rd party ad content\" role=\"region\" name=\"google_ads_iframe_\/1058609\/infobae\/teleshow\/nota\/inline_0\" width=\"1\" height=\"1\" frameborder=\"0\" marginwidth=\"0\" marginheight=\"0\" scrolling=\"no\" aria-label=\"Advertisement\" data-load-complete=\"true\" data-google-container-id=\"5\" data-mce-fragment=\"1\"><\/iframe><\/div>\n<\/div>\n<\/div>\n<\/div>\n<p class=\"paragraph\" data-mrf-recirculation=\"Links inline\">En la misma l\u00ednea se pronunci\u00f3\u00a0<b>Amalia Granata<\/b>, quien celebr\u00f3 el triunfo de La Libertad Avanza en redes sociales: \u201cFelicitaciones a Javier Milei y Victoria Villarruel el pueblo argentino puso en ustedes la esperanza del cambio, gran elecci\u00f3n\u201d. Horas antes, la actual legisladora de Santa Fe dej\u00f3 ver c\u00f3mo viv\u00eda la previa de la elecci\u00f3n. \u201cAl final putearon tanto y el voto en blanco favoreci\u00f3 a Milei. Las caras de C5N estar\u00edan dando ganador al (Le\u00f3n)\u201d, escribi\u00f3 junto a un emoji del animal que representa a Milei.<\/p>\n<div class=\"visual__image\"><img loading=\"lazy\" decoding=\"async\" class=\" lazyload\" src=\"https:\/\/www.infobae.com\/new-resizer\/0f9jvPOmhywwlvhEgN21C0pWf_w=\/420x420\/filters:format(webp):quality(85)\/cloudfront-us-east-1.images.arcpublishing.com\/infobae\/C36X24ZSAZABTKKXTBVMBLACM4.jpg%20420w\" sizes=\"auto, (min-width: 1560px) 856px, (min-width: 1000px) calc(74.63vw - 293px), (min-width: 780px) calc(100vw - 376px), (min-width: 580px) calc(100vw - 32px), 100vw\" srcset=\"https:\/\/www.infobae.com\/new-resizer\/0f9jvPOmhywwlvhEgN21C0pWf_w=\/420x420\/filters:format(webp):quality(85)\/cloudfront-us-east-1.images.arcpublishing.com\/infobae\/C36X24ZSAZABTKKXTBVMBLACM4.jpg 420w,https:\/\/www.infobae.com\/new-resizer\/xFnDh00p9p60TaWAOkMrelbMy5I=\/768x768\/filters:format(webp):quality(85)\/cloudfront-us-east-1.images.arcpublishing.com\/infobae\/C36X24ZSAZABTKKXTBVMBLACM4.jpg 768w,https:\/\/www.infobae.com\/new-resizer\/io_e-PJeOqgD2tKVOE5NLIV0_Fk=\/992x992\/filters:format(webp):quality(85)\/cloudfront-us-east-1.images.arcpublishing.com\/infobae\/C36X24ZSAZABTKKXTBVMBLACM4.jpg 992w,https:\/\/www.infobae.com\/new-resizer\/Pv4EsuP_j5evw3AfpuTVJ9rEuB0=\/1200x1200\/filters:format(webp):quality(85)\/cloudfront-us-east-1.images.arcpublishing.com\/infobae\/C36X24ZSAZABTKKXTBVMBLACM4.jpg 1200w,https:\/\/www.infobae.com\/new-resizer\/-P4F3a0zJXvSa4wZwUMnSYTBf1Q=\/1440x1440\/filters:format(webp):quality(85)\/cloudfront-us-east-1.images.arcpublishing.com\/infobae\/C36X24ZSAZABTKKXTBVMBLACM4.jpg 1440w\" alt=\"La publicaci\u00f3n de \u00c1ngel de Brito\" width=\"1920\" height=\"1812\" data-src=\"https:\/\/www.infobae.com\/new-resizer\/0f9jvPOmhywwlvhEgN21C0pWf_w=\/420x420\/filters:format(webp):quality(85)\/cloudfront-us-east-1.images.arcpublishing.com\/infobae\/C36X24ZSAZABTKKXTBVMBLACM4.jpg 420w\" \/>La publicaci\u00f3n de \u00c1ngel de Brito<\/div>\n<p class=\"paragraph\" data-mrf-recirculation=\"Links inline\"><b>\u00c1ngel de Brito<\/b>, en tanto, escribi\u00f3: \u201dTenemos nuevo Presidente Javier Milei, #MileiPresidente2023\u2033. Y comparti\u00f3 una foto de Milei con el pu\u00f1o en alto. Horas antes de la elecci\u00f3n, el conductor de LAM hab\u00eda manifestado en su Instagram su hartazgo con los famosos que buscaban \u2018adoctrinar\u2019 a la gente y desliz\u00f3 que ni Massa ni el libertario lo convenc\u00edan. \u201c\u00bfPiensan que importan sus opiniones o que alguien cambiar\u00e1 su voto?. Pero siempre hay que elegir. No me gustan los candidatos\u201d.<\/p>\n<div class=\"visual__image\"><img loading=\"lazy\" decoding=\"async\" class=\" lazyload\" src=\"https:\/\/www.infobae.com\/new-resizer\/20LlR51lgwEL053-bJGr3mtxr_g=\/420x747\/filters:format(webp):quality(85)\/cloudfront-us-east-1.images.arcpublishing.com\/infobae\/LKIGOSQ4PFH2RMQGJWJETJLBGA.jpg%20420w\" sizes=\"auto, (min-width: 1560px) 856px, (min-width: 1000px) calc(74.63vw - 293px), (min-width: 780px) calc(100vw - 376px), (min-width: 580px) calc(100vw - 32px), 100vw\" srcset=\"https:\/\/www.infobae.com\/new-resizer\/20LlR51lgwEL053-bJGr3mtxr_g=\/420x747\/filters:format(webp):quality(85)\/cloudfront-us-east-1.images.arcpublishing.com\/infobae\/LKIGOSQ4PFH2RMQGJWJETJLBGA.jpg 420w,https:\/\/www.infobae.com\/new-resizer\/xrW2jOeBEldHBFFbRfDfLMC82yQ=\/768x1365\/filters:format(webp):quality(85)\/cloudfront-us-east-1.images.arcpublishing.com\/infobae\/LKIGOSQ4PFH2RMQGJWJETJLBGA.jpg 768w,https:\/\/www.infobae.com\/new-resizer\/aysQPX0dBcSX6KG0TRKtj5oBcHY=\/992x1764\/filters:format(webp):quality(85)\/cloudfront-us-east-1.images.arcpublishing.com\/infobae\/LKIGOSQ4PFH2RMQGJWJETJLBGA.jpg 992w,https:\/\/www.infobae.com\/new-resizer\/tZydYg7cKbS1y3xJtYZDgHMb5Hc=\/1200x2133\/filters:format(webp):quality(85)\/cloudfront-us-east-1.images.arcpublishing.com\/infobae\/LKIGOSQ4PFH2RMQGJWJETJLBGA.jpg 1200w\" alt=\"La historia de Instagram de el Negro Oro\" width=\"1920\" height=\"3296\" data-src=\"https:\/\/www.infobae.com\/new-resizer\/20LlR51lgwEL053-bJGr3mtxr_g=\/420x747\/filters:format(webp):quality(85)\/cloudfront-us-east-1.images.arcpublishing.com\/infobae\/LKIGOSQ4PFH2RMQGJWJETJLBGA.jpg 420w\" \/><\/div>\n<p class=\"paragraph\" data-mrf-recirculation=\"Links inline\">Desde Uruguay, donde se encuentra radicado desde el a\u00f1o 2020, el\u00a0<b>Negro Oscar Gonz\u00e1lez Oro\u00a0<\/b>comparti\u00f3 en sus historias de Instagram una publicaci\u00f3n de Gaturro que dec\u00eda: \u201cConfirmado. Ya hay nuevo Presidente. Se acab\u00f3 para siempre una etapa de la Argentina\u201d.<\/p>\n<div class=\"visual__image\"><img loading=\"lazy\" decoding=\"async\" class=\" lazyload\" src=\"https:\/\/www.infobae.com\/new-resizer\/SWszWzsCoJlGCsCzUyKW8pf7U-g=\/420x747\/filters:format(webp):quality(85)\/cloudfront-us-east-1.images.arcpublishing.com\/infobae\/DMFOFLIHJZDBPO7ELYAMEFZJ5Q.jpg%20420w\" sizes=\"auto, (min-width: 1560px) 856px, (min-width: 1000px) calc(74.63vw - 293px), (min-width: 780px) calc(100vw - 376px), (min-width: 580px) calc(100vw - 32px), 100vw\" srcset=\"https:\/\/www.infobae.com\/new-resizer\/SWszWzsCoJlGCsCzUyKW8pf7U-g=\/420x747\/filters:format(webp):quality(85)\/cloudfront-us-east-1.images.arcpublishing.com\/infobae\/DMFOFLIHJZDBPO7ELYAMEFZJ5Q.jpg 420w,https:\/\/www.infobae.com\/new-resizer\/6wg-l4yudSJi4GNe7jFE4ifl44w=\/768x1365\/filters:format(webp):quality(85)\/cloudfront-us-east-1.images.arcpublishing.com\/infobae\/DMFOFLIHJZDBPO7ELYAMEFZJ5Q.jpg 768w,https:\/\/www.infobae.com\/new-resizer\/4U7PmpvIKTRxecJsUYica-F9Tp8=\/992x1764\/filters:format(webp):quality(85)\/cloudfront-us-east-1.images.arcpublishing.com\/infobae\/DMFOFLIHJZDBPO7ELYAMEFZJ5Q.jpg 992w,https:\/\/www.infobae.com\/new-resizer\/IP3gCKUDqJFSuxKhbtHAvldqPxA=\/1200x2133\/filters:format(webp):quality(85)\/cloudfront-us-east-1.images.arcpublishing.com\/infobae\/DMFOFLIHJZDBPO7ELYAMEFZJ5Q.jpg 1200w\" alt=\"La historia de Patricio Gim\u00e9nez\" width=\"1920\" height=\"3452\" data-src=\"https:\/\/www.infobae.com\/new-resizer\/SWszWzsCoJlGCsCzUyKW8pf7U-g=\/420x747\/filters:format(webp):quality(85)\/cloudfront-us-east-1.images.arcpublishing.com\/infobae\/DMFOFLIHJZDBPO7ELYAMEFZJ5Q.jpg 420w\" \/><\/div>\n<p class=\"paragraph\" data-mrf-recirculation=\"Links inline\">Tambi\u00e9n desde el otro lado del R\u00edo de La Plata,\u00a0<b>Patricio Gim\u00e9nez<\/b>\u00a0le envi\u00f3 un gui\u00f1o al nuevo presidente. \u201cQu\u00e9 dios te bendiga Javi\u00e9r Milei\u201d, escribi\u00f3 junto a una bandera argentina y el hastag #argentinadespierta.<\/p>\n<div class=\"visual__image\"><img loading=\"lazy\" decoding=\"async\" class=\" lazyload\" src=\"https:\/\/www.infobae.com\/new-resizer\/qNkn3kjFol7ziQ_ZmMhE7N8jgeQ=\/420x560\/filters:format(webp):quality(85)\/cloudfront-us-east-1.images.arcpublishing.com\/infobae\/JOSSCGQJHBFENF66R2RIUOQ47Y.jpg%20420w\" sizes=\"auto, (min-width: 1560px) 856px, (min-width: 1000px) calc(74.63vw - 293px), (min-width: 780px) calc(100vw - 376px), (min-width: 580px) calc(100vw - 32px), 100vw\" srcset=\"https:\/\/www.infobae.com\/new-resizer\/qNkn3kjFol7ziQ_ZmMhE7N8jgeQ=\/420x560\/filters:format(webp):quality(85)\/cloudfront-us-east-1.images.arcpublishing.com\/infobae\/JOSSCGQJHBFENF66R2RIUOQ47Y.jpg 420w,https:\/\/www.infobae.com\/new-resizer\/jh0xn7bJOUX3fY8-6bV7hRTJ4Bs=\/768x1024\/filters:format(webp):quality(85)\/cloudfront-us-east-1.images.arcpublishing.com\/infobae\/JOSSCGQJHBFENF66R2RIUOQ47Y.jpg 768w,https:\/\/www.infobae.com\/new-resizer\/Q8tKVUTN4A-giIfuHT7t3UQHvHg=\/992x1323\/filters:format(webp):quality(85)\/cloudfront-us-east-1.images.arcpublishing.com\/infobae\/JOSSCGQJHBFENF66R2RIUOQ47Y.jpg 992w,https:\/\/www.infobae.com\/new-resizer\/SBtMJbCdrKMrSvXNA2SWwI2YLf8=\/1200x1600\/filters:format(webp):quality(85)\/cloudfront-us-east-1.images.arcpublishing.com\/infobae\/JOSSCGQJHBFENF66R2RIUOQ47Y.jpg 1200w\" alt=\"La reflexi\u00f3n de Benjam\u00edn Vicu\u00f1a\" width=\"1920\" height=\"2467\" data-src=\"https:\/\/www.infobae.com\/new-resizer\/qNkn3kjFol7ziQ_ZmMhE7N8jgeQ=\/420x560\/filters:format(webp):quality(85)\/cloudfront-us-east-1.images.arcpublishing.com\/infobae\/JOSSCGQJHBFENF66R2RIUOQ47Y.jpg 420w\" \/><\/div>\n<p class=\"paragraph\" data-mrf-recirculation=\"Links inline\">Por su parte\u00a0<b>Benjam\u00edn Vicu\u00f1a<\/b>, chileno de nacimiento y argentino por adopci\u00f3n, comparti\u00f3 una profunda reflexi\u00f3n. \u201cAm\u00e9rica Latina entera en los \u00faltimos 40 a\u00f1os ha oscilado en la pol\u00edtica como un p\u00e9ndulo entre derecha e izquierda buscando lo b\u00e1sico, lo esencial, mejor calidad de vida, seguridad y respuestas a los problemas de la gente. Espero de coraz\u00f3n, como un ciudadano m\u00e1s, que se pueda trabajar por superar la pobreza, que la bronca quede como slogan de campa\u00f1a y que reine el sentido com\u00fan. Que gobierne quien gobierne podamos vivir en paz y respeto. El pueblo de Argentina se merece un l\u00edder a la altura de sus demandas y que juntos podamos enfrentar los desaf\u00edos y celebrar los avances\u201d.<\/p>\n<div class=\"visual__image\"><img loading=\"lazy\" decoding=\"async\" class=\" lazyload\" src=\"https:\/\/www.infobae.com\/new-resizer\/XZAFdJXDHfBY4XHwwhMESmwmy3E=\/arc-anglerfish-arc2-prod-infobae\/public\/MGL4IJVMAJDJLOO3FM3KD7YHP4.jpg\" alt=\"El posteo de Dalia Gutmann\" width=\"1920\" height=\"422\" data-src=\"https:\/\/www.infobae.com\/new-resizer\/XZAFdJXDHfBY4XHwwhMESmwmy3E=\/arc-anglerfish-arc2-prod-infobae\/public\/MGL4IJVMAJDJLOO3FM3KD7YHP4.jpg\" \/><\/div>\n<p class=\"paragraph\" data-mrf-recirculation=\"Links inline\"><b>Dalia Gutmann<\/b>\u00a0escribi\u00f3: \u201cEstoy en la etapa de la negaci\u00f3n\u201d. Previamente, la humorista hab\u00eda publicado: \u201c\u00bfQu\u00e9 es el Banco Central, ma? \u00bfHay alg\u00fan pa\u00eds que no tenga Banco Central? -acaba de preguntar hija-. \u00a1Ady\u00fadenme a responderle!\u201d.<\/p>\n<div class=\"visual__image\"><img loading=\"lazy\" decoding=\"async\" class=\" lazyload\" src=\"https:\/\/www.infobae.com\/new-resizer\/vhOkwDGwiT41OwK-uva1sdfdsNY=\/420x747\/filters:format(webp):quality(85)\/cloudfront-us-east-1.images.arcpublishing.com\/infobae\/SHRYXDPWWNDKLAJE7CINGBCNWI.jpg%20420w\" sizes=\"auto, (min-width: 1560px) 856px, (min-width: 1000px) calc(74.63vw - 293px), (min-width: 780px) calc(100vw - 376px), (min-width: 580px) calc(100vw - 32px), 100vw\" srcset=\"https:\/\/www.infobae.com\/new-resizer\/vhOkwDGwiT41OwK-uva1sdfdsNY=\/420x747\/filters:format(webp):quality(85)\/cloudfront-us-east-1.images.arcpublishing.com\/infobae\/SHRYXDPWWNDKLAJE7CINGBCNWI.jpg 420w,https:\/\/www.infobae.com\/new-resizer\/MCt14J6tnPusrGLtSvFwEz9w1OA=\/768x1365\/filters:format(webp):quality(85)\/cloudfront-us-east-1.images.arcpublishing.com\/infobae\/SHRYXDPWWNDKLAJE7CINGBCNWI.jpg 768w,https:\/\/www.infobae.com\/new-resizer\/rkeYaDFPbUkdIooLd8f2Yq4XH1g=\/992x1764\/filters:format(webp):quality(85)\/cloudfront-us-east-1.images.arcpublishing.com\/infobae\/SHRYXDPWWNDKLAJE7CINGBCNWI.jpg 992w,https:\/\/www.infobae.com\/new-resizer\/Slggaxx64OmTJGTXFnLRzk9CIWE=\/1200x2133\/filters:format(webp):quality(85)\/cloudfront-us-east-1.images.arcpublishing.com\/infobae\/SHRYXDPWWNDKLAJE7CINGBCNWI.jpg 1200w\" alt=\"La historia de Alex Caniggia\" width=\"1920\" height=\"3305\" data-src=\"https:\/\/www.infobae.com\/new-resizer\/vhOkwDGwiT41OwK-uva1sdfdsNY=\/420x747\/filters:format(webp):quality(85)\/cloudfront-us-east-1.images.arcpublishing.com\/infobae\/SHRYXDPWWNDKLAJE7CINGBCNWI.jpg 420w\" \/><\/div>\n<div class=\"visual__image\"><img loading=\"lazy\" decoding=\"async\" class=\" lazyload\" src=\"https:\/\/www.infobae.com\/new-resizer\/z_hRX-rHv1X9w4IrgPixgsMNFDE=\/420x747\/filters:format(webp):quality(85)\/cloudfront-us-east-1.images.arcpublishing.com\/infobae\/C3I7VXVUENC4JGN6SDKSP7AN3E.jpg%20420w\" sizes=\"auto, (min-width: 1560px) 856px, (min-width: 1000px) calc(74.63vw - 293px), (min-width: 780px) calc(100vw - 376px), (min-width: 580px) calc(100vw - 32px), 100vw\" srcset=\"https:\/\/www.infobae.com\/new-resizer\/z_hRX-rHv1X9w4IrgPixgsMNFDE=\/420x747\/filters:format(webp):quality(85)\/cloudfront-us-east-1.images.arcpublishing.com\/infobae\/C3I7VXVUENC4JGN6SDKSP7AN3E.jpg 420w,https:\/\/www.infobae.com\/new-resizer\/HIOWkA9PD8DaeoEL6Z_ezdp7Rbo=\/768x1365\/filters:format(webp):quality(85)\/cloudfront-us-east-1.images.arcpublishing.com\/infobae\/C3I7VXVUENC4JGN6SDKSP7AN3E.jpg 768w,https:\/\/www.infobae.com\/new-resizer\/YAD4dEi8leC8aMUEciYg4vyGIyc=\/992x1764\/filters:format(webp):quality(85)\/cloudfront-us-east-1.images.arcpublishing.com\/infobae\/C3I7VXVUENC4JGN6SDKSP7AN3E.jpg 992w,https:\/\/www.infobae.com\/new-resizer\/YzZ6nYdERdYsiy5Fa-JjGKG-9d8=\/1200x2133\/filters:format(webp):quality(85)\/cloudfront-us-east-1.images.arcpublishing.com\/infobae\/C3I7VXVUENC4JGN6SDKSP7AN3E.jpg 1200w\" alt=\"Los famosos se manifestaron en redes sociales tras el triunfo de Javier Milei\" width=\"1170\" height=\"1995\" data-src=\"https:\/\/www.infobae.com\/new-resizer\/z_hRX-rHv1X9w4IrgPixgsMNFDE=\/420x747\/filters:format(webp):quality(85)\/cloudfront-us-east-1.images.arcpublishing.com\/infobae\/C3I7VXVUENC4JGN6SDKSP7AN3E.jpg 420w\" \/><\/div>\n<p class=\"paragraph\" data-mrf-recirculation=\"Links inline\">En sus historias de Instagram,\u00a0<b>Alex Caniggia<\/b>\u00a0public\u00f3 la imagen de un caj\u00f3n de muerto con un chorip\u00e1n adentro y escribi\u00f3: \u201cSe acab\u00f3 el kirchnerismo. R.I.P.\u201d. En la siguiente story, el hijo de Claudio Paul Caniggia continu\u00f3 con su festejo y se mostr\u00f3 sonriendo y haciendo un gesto con el dedo medio de su mano: \u201cKirchneristas est\u00e1n (junto al emoji de un ata\u00fad). Viva la libertad, mierda, carajo\u201d.<\/p>\n<div class=\"visual__image\"><img loading=\"lazy\" decoding=\"async\" class=\" lazyload\" src=\"https:\/\/www.infobae.com\/new-resizer\/cAD-pijrMohPqi_VbT7uVKOwu9U=\/420x560\/filters:format(webp):quality(85)\/cloudfront-us-east-1.images.arcpublishing.com\/infobae\/TBQURBCINZGWJHRBXN5SQB62L4.jpg%20420w\" sizes=\"auto, (min-width: 1560px) 856px, (min-width: 1000px) calc(74.63vw - 293px), (min-width: 780px) calc(100vw - 376px), (min-width: 580px) calc(100vw - 32px), 100vw\" srcset=\"https:\/\/www.infobae.com\/new-resizer\/cAD-pijrMohPqi_VbT7uVKOwu9U=\/420x560\/filters:format(webp):quality(85)\/cloudfront-us-east-1.images.arcpublishing.com\/infobae\/TBQURBCINZGWJHRBXN5SQB62L4.jpg 420w,https:\/\/www.infobae.com\/new-resizer\/cRRLd_vuyD2bBJasSYI_x50cHYw=\/768x1024\/filters:format(webp):quality(85)\/cloudfront-us-east-1.images.arcpublishing.com\/infobae\/TBQURBCINZGWJHRBXN5SQB62L4.jpg 768w,https:\/\/www.infobae.com\/new-resizer\/uCpa3amwTRK8cN7bi5bjXXibLj0=\/992x1323\/filters:format(webp):quality(85)\/cloudfront-us-east-1.images.arcpublishing.com\/infobae\/TBQURBCINZGWJHRBXN5SQB62L4.jpg 992w,https:\/\/www.infobae.com\/new-resizer\/dsEYi9IGZGTWicKOKdeZplQ4MHY=\/1200x1600\/filters:format(webp):quality(85)\/cloudfront-us-east-1.images.arcpublishing.com\/infobae\/TBQURBCINZGWJHRBXN5SQB62L4.jpg 1200w\" alt=\"Los famosos se manifestaron en redes sociales tras el triunfo de Javier Milei\" width=\"1170\" height=\"1559\" data-src=\"https:\/\/www.infobae.com\/new-resizer\/cAD-pijrMohPqi_VbT7uVKOwu9U=\/420x560\/filters:format(webp):quality(85)\/cloudfront-us-east-1.images.arcpublishing.com\/infobae\/TBQURBCINZGWJHRBXN5SQB62L4.jpg 420w\" \/><\/div>\n<p class=\"paragraph\" data-mrf-recirculation=\"Links inline\">En esa misma red social,\u00a0<b>Pamela David<\/b>\u00a0se expres\u00f3 al conocer el triunfo del economista: \u201cDeseo con el coraz\u00f3n que sea el m\u00e1s mentiroso de los presidentes electos y no cumpla con nada de lo que prometi\u00f3\u201d.<\/p>\n<div class=\"visual__image\"><img loading=\"lazy\" decoding=\"async\" class=\" lazyload\" src=\"https:\/\/www.infobae.com\/new-resizer\/te2cnkW29GxoR5BEAFAKXxK1yeM=\/420x747\/filters:format(webp):quality(85)\/cloudfront-us-east-1.images.arcpublishing.com\/infobae\/QAKVD4YAZVBWZEEEDSGCCGDHO4.jpeg%20420w\" sizes=\"auto, (min-width: 1560px) 856px, (min-width: 1000px) calc(74.63vw - 293px), (min-width: 780px) calc(100vw - 376px), (min-width: 580px) calc(100vw - 32px), 100vw\" srcset=\"https:\/\/www.infobae.com\/new-resizer\/te2cnkW29GxoR5BEAFAKXxK1yeM=\/420x747\/filters:format(webp):quality(85)\/cloudfront-us-east-1.images.arcpublishing.com\/infobae\/QAKVD4YAZVBWZEEEDSGCCGDHO4.jpeg 420w,https:\/\/www.infobae.com\/new-resizer\/Y9S7TbEQN_6DqLBaRy5JQzm8jZY=\/768x1365\/filters:format(webp):quality(85)\/cloudfront-us-east-1.images.arcpublishing.com\/infobae\/QAKVD4YAZVBWZEEEDSGCCGDHO4.jpeg 768w,https:\/\/www.infobae.com\/new-resizer\/9mlAJpnm2A2YGGJC5hFPwn17e0Q=\/992x1764\/filters:format(webp):quality(85)\/cloudfront-us-east-1.images.arcpublishing.com\/infobae\/QAKVD4YAZVBWZEEEDSGCCGDHO4.jpeg 992w,https:\/\/www.infobae.com\/new-resizer\/67fyBzSs8YmDMYWROFNzm7YzOCo=\/1200x2133\/filters:format(webp):quality(85)\/cloudfront-us-east-1.images.arcpublishing.com\/infobae\/QAKVD4YAZVBWZEEEDSGCCGDHO4.jpeg 1200w\" alt=\"Los famosos se manifestaron en redes sociales tras el triunfo de Javier Milei\" width=\"935\" height=\"1600\" data-src=\"https:\/\/www.infobae.com\/new-resizer\/te2cnkW29GxoR5BEAFAKXxK1yeM=\/420x747\/filters:format(webp):quality(85)\/cloudfront-us-east-1.images.arcpublishing.com\/infobae\/QAKVD4YAZVBWZEEEDSGCCGDHO4.jpeg 420w\" \/><\/div>\n<p class=\"paragraph\" data-mrf-recirculation=\"Links inline\">En un \u00e1nimo de festejo,\u00a0<b>Eugenia China Su\u00e1rez\u00a0<\/b>escribi\u00f3 junto al emoji de una bandera argentina: \u201cNos deseo lo mejor. Nos lo merecemos. Tenemos el pa\u00eds m\u00e1s lindo. Por favor, que sea para mejor. Que la gente no pase hambre, que haya trabajo para todos, y que podamos vivir todos tranquilos y en paz\u201d.<\/p>\n<div class=\"visual__image\"><img loading=\"lazy\" decoding=\"async\" class=\" lazyload\" src=\"https:\/\/www.infobae.com\/new-resizer\/2Y_ShgtJk2TUndjIr5NeHH3JqW4=\/420x747\/filters:format(webp):quality(85)\/cloudfront-us-east-1.images.arcpublishing.com\/infobae\/XF5TWSV5F5FPNLU2NG5U7R6IIA.jpeg%20420w\" sizes=\"auto, (min-width: 1560px) 856px, (min-width: 1000px) calc(74.63vw - 293px), (min-width: 780px) calc(100vw - 376px), (min-width: 580px) calc(100vw - 32px), 100vw\" srcset=\"https:\/\/www.infobae.com\/new-resizer\/2Y_ShgtJk2TUndjIr5NeHH3JqW4=\/420x747\/filters:format(webp):quality(85)\/cloudfront-us-east-1.images.arcpublishing.com\/infobae\/XF5TWSV5F5FPNLU2NG5U7R6IIA.jpeg 420w,https:\/\/www.infobae.com\/new-resizer\/GcKxtwcR-NTRc0WgzfVBpNbmwD8=\/768x1365\/filters:format(webp):quality(85)\/cloudfront-us-east-1.images.arcpublishing.com\/infobae\/XF5TWSV5F5FPNLU2NG5U7R6IIA.jpeg 768w,https:\/\/www.infobae.com\/new-resizer\/uL-TmStVjBTjjxgK52WpANdqC-4=\/992x1764\/filters:format(webp):quality(85)\/cloudfront-us-east-1.images.arcpublishing.com\/infobae\/XF5TWSV5F5FPNLU2NG5U7R6IIA.jpeg 992w,https:\/\/www.infobae.com\/new-resizer\/cA8V_psAeK2znE6gWQiYXgOAVfY=\/1200x2133\/filters:format(webp):quality(85)\/cloudfront-us-east-1.images.arcpublishing.com\/infobae\/XF5TWSV5F5FPNLU2NG5U7R6IIA.jpeg 1200w\" alt=\"La China Suarez se pronunci\u00f3 tras el triunfo de Javier Milei\" width=\"820\" height=\"1600\" data-src=\"https:\/\/www.infobae.com\/new-resizer\/2Y_ShgtJk2TUndjIr5NeHH3JqW4=\/420x747\/filters:format(webp):quality(85)\/cloudfront-us-east-1.images.arcpublishing.com\/infobae\/XF5TWSV5F5FPNLU2NG5U7R6IIA.jpeg 420w\" \/><\/div>\n<p class=\"paragraph\" data-mrf-recirculation=\"Links inline\">\u201cEl pueblo tom\u00f3 la decisi\u00f3n, una vez m\u00e1s en democracia, y eso siempre debe celebrarse m\u00e1s all\u00e1 y por encima de todo\u201d, dijo\u00a0<b>Gast\u00f3n Soffriti<\/b>.<\/p>\n<div class=\"visual__image\"><img loading=\"lazy\" decoding=\"async\" class=\" lazyload\" src=\"https:\/\/www.infobae.com\/new-resizer\/fzp84Vh47BAkhuoKam6KPaRRHNY=\/420x747\/filters:format(webp):quality(85)\/cloudfront-us-east-1.images.arcpublishing.com\/infobae\/3ZCZRLJRBNHZJBJ3CAOLVYQDLI.jpeg%20420w\" sizes=\"auto, (min-width: 1560px) 856px, (min-width: 1000px) calc(74.63vw - 293px), (min-width: 780px) calc(100vw - 376px), (min-width: 580px) calc(100vw - 32px), 100vw\" srcset=\"https:\/\/www.infobae.com\/new-resizer\/fzp84Vh47BAkhuoKam6KPaRRHNY=\/420x747\/filters:format(webp):quality(85)\/cloudfront-us-east-1.images.arcpublishing.com\/infobae\/3ZCZRLJRBNHZJBJ3CAOLVYQDLI.jpeg 420w,https:\/\/www.infobae.com\/new-resizer\/Mv4_yWiEOopVr5vkXgVDgT6KRk8=\/768x1365\/filters:format(webp):quality(85)\/cloudfront-us-east-1.images.arcpublishing.com\/infobae\/3ZCZRLJRBNHZJBJ3CAOLVYQDLI.jpeg 768w,https:\/\/www.infobae.com\/new-resizer\/oQ-3WrxXMa7GPHrl_1XEdNYKIDU=\/992x1764\/filters:format(webp):quality(85)\/cloudfront-us-east-1.images.arcpublishing.com\/infobae\/3ZCZRLJRBNHZJBJ3CAOLVYQDLI.jpeg 992w,https:\/\/www.infobae.com\/new-resizer\/X_nB2rwz9LLLm2uRUlms_5oIbNs=\/1200x2133\/filters:format(webp):quality(85)\/cloudfront-us-east-1.images.arcpublishing.com\/infobae\/3ZCZRLJRBNHZJBJ3CAOLVYQDLI.jpeg 1200w\" alt=\"Gast\u00f3n Soffriti sobre el triunfo de Milei\" width=\"897\" height=\"1600\" data-src=\"https:\/\/www.infobae.com\/new-resizer\/fzp84Vh47BAkhuoKam6KPaRRHNY=\/420x747\/filters:format(webp):quality(85)\/cloudfront-us-east-1.images.arcpublishing.com\/infobae\/3ZCZRLJRBNHZJBJ3CAOLVYQDLI.jpeg 420w\" \/><\/div>\n<p class=\"paragraph\" data-mrf-recirculation=\"Links inline\">El periodista\u00a0<b>Baby Etchecopar<\/b>, que d\u00edas atr\u00e1s se hab\u00eda manifestado a favor de Massa, celebr\u00f3 que la gente se haya manifestado en democracia: \u201cHay un nuevo presidente, hay alegr\u00eda, y hay festejos. Ma\u00f1ana feriado, el martes la realidad de un pa\u00eds que han dejado devastado, destruido, saqueado, endeudado, inundado, quemado, y de rodillas. Todos juntos sin banderitas, apoyando al presidente Javier Milei. \u00a1\u00a1Viva la patria!!\u201d.<\/p>\n<div class=\"visual__image\"><img loading=\"lazy\" decoding=\"async\" class=\" lazyload\" src=\"https:\/\/www.infobae.com\/new-resizer\/WImvKTqMvO9g3Mdu06SOGy0HnEY=\/420x280\/filters:format(webp):quality(85)\/cloudfront-us-east-1.images.arcpublishing.com\/infobae\/UGRSJL2A7BAPTLTZ4VZGGRYQH4.jpg%20420w\" sizes=\"auto, (min-width: 1560px) 856px, (min-width: 1000px) calc(74.63vw - 293px), (min-width: 780px) calc(100vw - 376px), (min-width: 580px) calc(100vw - 32px), 100vw\" srcset=\"https:\/\/www.infobae.com\/new-resizer\/WImvKTqMvO9g3Mdu06SOGy0HnEY=\/420x280\/filters:format(webp):quality(85)\/cloudfront-us-east-1.images.arcpublishing.com\/infobae\/UGRSJL2A7BAPTLTZ4VZGGRYQH4.jpg 420w,https:\/\/www.infobae.com\/new-resizer\/W9Za1-TBrxFFcn5I-QAfWbvvIZk=\/768x512\/filters:format(webp):quality(85)\/cloudfront-us-east-1.images.arcpublishing.com\/infobae\/UGRSJL2A7BAPTLTZ4VZGGRYQH4.jpg 768w,https:\/\/www.infobae.com\/new-resizer\/l1wUhqwtfDCr_jc6sAOMk5CpdSw=\/992x661\/filters:format(webp):quality(85)\/cloudfront-us-east-1.images.arcpublishing.com\/infobae\/UGRSJL2A7BAPTLTZ4VZGGRYQH4.jpg 992w,https:\/\/www.infobae.com\/new-resizer\/Z7jV7J9dtBV4yuubz1M_lGr31ss=\/1200x800\/filters:format(webp):quality(85)\/cloudfront-us-east-1.images.arcpublishing.com\/infobae\/UGRSJL2A7BAPTLTZ4VZGGRYQH4.jpg 1200w,https:\/\/www.infobae.com\/new-resizer\/NbMopsPfVxdZlAWdVZbzhOKA9mM=\/1440x960\/filters:format(webp):quality(85)\/cloudfront-us-east-1.images.arcpublishing.com\/infobae\/UGRSJL2A7BAPTLTZ4VZGGRYQH4.jpg 1440w\" alt=\"Cinthia Fern\u00e1ndez mostr\u00f3 su optimismo tras la victoria de Milei\" width=\"1170\" height=\"797\" data-src=\"https:\/\/www.infobae.com\/new-resizer\/WImvKTqMvO9g3Mdu06SOGy0HnEY=\/420x280\/filters:format(webp):quality(85)\/cloudfront-us-east-1.images.arcpublishing.com\/infobae\/UGRSJL2A7BAPTLTZ4VZGGRYQH4.jpg 420w\" \/><\/div>\n<p class=\"paragraph\" data-mrf-recirculation=\"Links inline\">Tal como en otras oportunidades,\u00a0<b>Cinthia Fern\u00e1ndez\u00a0<\/b>se expres\u00f3 a favor de Javier Milei y mostr\u00f3 optimismo por el futuro de la Argentina: \u201cQue nos llegue el pa\u00eds que merecemos . Ojal\u00e1 todo cambie para nosotros y que lo nuevo, no se convierta en la basura de gente que se fue! Volver a empezar pa\u00eds hermoso una vez m\u00e1s , ojal\u00e1 esta vez salgamos adelante\u201d.<\/p>\n<div class=\"visual__image\"><img loading=\"lazy\" decoding=\"async\" class=\" lazyload\" src=\"https:\/\/www.infobae.com\/new-resizer\/wi5Yh2tFOOuoPgDPFFI9xkWZruo=\/420x747\/filters:format(webp):quality(85)\/cloudfront-us-east-1.images.arcpublishing.com\/infobae\/RO4MUFYPRRH2TEKOHAR777PUCE.jpg%20420w\" sizes=\"auto, (min-width: 1560px) 856px, (min-width: 1000px) calc(74.63vw - 293px), (min-width: 780px) calc(100vw - 376px), (min-width: 580px) calc(100vw - 32px), 100vw\" srcset=\"https:\/\/www.infobae.com\/new-resizer\/wi5Yh2tFOOuoPgDPFFI9xkWZruo=\/420x747\/filters:format(webp):quality(85)\/cloudfront-us-east-1.images.arcpublishing.com\/infobae\/RO4MUFYPRRH2TEKOHAR777PUCE.jpg 420w,https:\/\/www.infobae.com\/new-resizer\/9av0wwChL0sBl3TmauBcFeDcX0E=\/768x1365\/filters:format(webp):quality(85)\/cloudfront-us-east-1.images.arcpublishing.com\/infobae\/RO4MUFYPRRH2TEKOHAR777PUCE.jpg 768w,https:\/\/www.infobae.com\/new-resizer\/QVPe1jb_hh1zdmtw_nkKak4gV0w=\/992x1764\/filters:format(webp):quality(85)\/cloudfront-us-east-1.images.arcpublishing.com\/infobae\/RO4MUFYPRRH2TEKOHAR777PUCE.jpg 992w,https:\/\/www.infobae.com\/new-resizer\/7TOCN5SAgjc_KkYu6A5I3qqtn9M=\/1200x2133\/filters:format(webp):quality(85)\/cloudfront-us-east-1.images.arcpublishing.com\/infobae\/RO4MUFYPRRH2TEKOHAR777PUCE.jpg 1200w\" alt=\"Andr\u00e9s Calamaro pronunci\u00f3 tras conocerse los resultados de la elecci\u00f3n\" width=\"1170\" height=\"2012\" data-src=\"https:\/\/www.infobae.com\/new-resizer\/wi5Yh2tFOOuoPgDPFFI9xkWZruo=\/420x747\/filters:format(webp):quality(85)\/cloudfront-us-east-1.images.arcpublishing.com\/infobae\/RO4MUFYPRRH2TEKOHAR777PUCE.jpg 420w\" \/><\/div>\n<p class=\"paragraph\" data-mrf-recirculation=\"Links inline\">En el mundo de la m\u00fasica,\u00a0<b>Andr\u00e9s Calamaro<\/b>\u00a0hizo una publicaci\u00f3n luego de que se conociera el resultado electoral: \u201cPugliese Argentina. Vamos al futuro con alegr\u00eda y las ilusiones intactas. Eligieron los humildes y los trabajadores en todo el pa\u00eds. Basta de ingenuidad y cinismo, de hipocres\u00eda y demagogia. Ni yanquis ni marxistas, ni fascistas ni meados. Somos tantos hermanos que no los puedo contar y la chica m\u00e1s hermosa que se llama libertad. Music is the best.Argentina somos todos. Argentina soy yo\u201d.<\/p>\n<div class=\"visual__image\"><img loading=\"lazy\" decoding=\"async\" class=\" lazyload\" src=\"https:\/\/www.infobae.com\/new-resizer\/Iu39tjCriIGIiJP4lnc8WqZ-IsE=\/420x236\/filters:format(webp):quality(85)\/cloudfront-us-east-1.images.arcpublishing.com\/infobae\/S5EH7QY6IFF6NB4ZUICNSUBAPQ.jpg%20420w\" sizes=\"auto, (min-width: 1560px) 856px, (min-width: 1000px) calc(74.63vw - 293px), (min-width: 780px) calc(100vw - 376px), (min-width: 580px) calc(100vw - 32px), 100vw\" srcset=\"https:\/\/www.infobae.com\/new-resizer\/Iu39tjCriIGIiJP4lnc8WqZ-IsE=\/420x236\/filters:format(webp):quality(85)\/cloudfront-us-east-1.images.arcpublishing.com\/infobae\/S5EH7QY6IFF6NB4ZUICNSUBAPQ.jpg 420w,https:\/\/www.infobae.com\/new-resizer\/2B8yuUxlCiop0yktSu_pofDXz7Y=\/768x432\/filters:format(webp):quality(85)\/cloudfront-us-east-1.images.arcpublishing.com\/infobae\/S5EH7QY6IFF6NB4ZUICNSUBAPQ.jpg 768w,https:\/\/www.infobae.com\/new-resizer\/3mEvyNLwRIrTN1k4hPcwwnZ5RIM=\/992x558\/filters:format(webp):quality(85)\/cloudfront-us-east-1.images.arcpublishing.com\/infobae\/S5EH7QY6IFF6NB4ZUICNSUBAPQ.jpg 992w,https:\/\/www.infobae.com\/new-resizer\/FH19aC-Io5gjw6LCCHvcAfzmLyo=\/1200x675\/filters:format(webp):quality(85)\/cloudfront-us-east-1.images.arcpublishing.com\/infobae\/S5EH7QY6IFF6NB4ZUICNSUBAPQ.jpg 1200w,https:\/\/www.infobae.com\/new-resizer\/Bpd2NZtb21lCqMTEOt7NAyblK78=\/1440x810\/filters:format(webp):quality(85)\/cloudfront-us-east-1.images.arcpublishing.com\/infobae\/S5EH7QY6IFF6NB4ZUICNSUBAPQ.jpg 1440w\" alt=\"Cristina P\u00e9rez festej\u00f3 la victoria de Milei\" width=\"1170\" height=\"622\" data-src=\"https:\/\/www.infobae.com\/new-resizer\/Iu39tjCriIGIiJP4lnc8WqZ-IsE=\/420x236\/filters:format(webp):quality(85)\/cloudfront-us-east-1.images.arcpublishing.com\/infobae\/S5EH7QY6IFF6NB4ZUICNSUBAPQ.jpg 420w\" \/><\/div>\n<p class=\"paragraph\" data-mrf-recirculation=\"Links inline\">En la misma l\u00ednea que el m\u00fasico se pronunci\u00f3 la conductora\u00a0<b>Cristina P\u00e9rez<\/b>, quien a trav\u00e9s de la red social X sostuvo: \u201cLibertad: 1. Miedo: 0\u201d. Al mismo tiempo,\u00a0<b>Marcela Tinayre\u00a0<\/b>comparti\u00f3 una imagen de una mano con los colores de la bandera argentina, acompa\u00f1ada de la frase: \u201cViva la patria\u201d. En el lado opuesto,\u00a0<b>Nancy Dupl\u00e1a\u00a0<\/b>comparti\u00f3 una foto de Ra\u00fal Alfons\u00edn junto a su vicepresidente, V\u00edctor Mart\u00ednez.<\/p>\n<div class=\"visual__image\"><img loading=\"lazy\" decoding=\"async\" class=\" lazyload\" src=\"https:\/\/www.infobae.com\/new-resizer\/pTMBvAGggiiLWlpZIXSpd3ikWnA=\/420x747\/filters:format(webp):quality(85)\/cloudfront-us-east-1.images.arcpublishing.com\/infobae\/6T6IDRVLYRFNVJSKO7WB4C7RUY.jpeg%20420w\" sizes=\"auto, (min-width: 1560px) 856px, (min-width: 1000px) calc(74.63vw - 293px), (min-width: 780px) calc(100vw - 376px), (min-width: 580px) calc(100vw - 32px), 100vw\" srcset=\"https:\/\/www.infobae.com\/new-resizer\/pTMBvAGggiiLWlpZIXSpd3ikWnA=\/420x747\/filters:format(webp):quality(85)\/cloudfront-us-east-1.images.arcpublishing.com\/infobae\/6T6IDRVLYRFNVJSKO7WB4C7RUY.jpeg 420w,https:\/\/www.infobae.com\/new-resizer\/xM4sAzG0leIrgEZV9KimpkLwbZA=\/768x1365\/filters:format(webp):quality(85)\/cloudfront-us-east-1.images.arcpublishing.com\/infobae\/6T6IDRVLYRFNVJSKO7WB4C7RUY.jpeg 768w,https:\/\/www.infobae.com\/new-resizer\/au1mCMObCmpOXB__3Db3sTKKbTM=\/992x1764\/filters:format(webp):quality(85)\/cloudfront-us-east-1.images.arcpublishing.com\/infobae\/6T6IDRVLYRFNVJSKO7WB4C7RUY.jpeg 992w,https:\/\/www.infobae.com\/new-resizer\/nr5gGpIws7hRPOJNT3UO9b8I68o=\/1200x2133\/filters:format(webp):quality(85)\/cloudfront-us-east-1.images.arcpublishing.com\/infobae\/6T6IDRVLYRFNVJSKO7WB4C7RUY.jpeg 1200w\" alt=\"Los famosos se pronunciaron tras conocerse los resultados de la elecci\u00f3n\" width=\"929\" height=\"1600\" data-src=\"https:\/\/www.infobae.com\/new-resizer\/pTMBvAGggiiLWlpZIXSpd3ikWnA=\/420x747\/filters:format(webp):quality(85)\/cloudfront-us-east-1.images.arcpublishing.com\/infobae\/6T6IDRVLYRFNVJSKO7WB4C7RUY.jpeg 420w\" \/><\/div>\n<p class=\"paragraph\" data-mrf-recirculation=\"Links inline\">Lejos de Argentina,\u00a0<b>Flavio Mendoza\u00a0<\/b>opin\u00f3 sobre el resultado electoral y le dese\u00f3 lo mejor al pa\u00eds desde Estados Unidos: \u201cNew York, desde lejos pero muy cerca, que nuestro pa\u00eds logre salir adelante, que nuestro presidente Javier Milei gobierne con sabidur\u00eda, honestidad y amor\u201d.<\/p>\n<div class=\"visual__image\"><img loading=\"lazy\" decoding=\"async\" class=\" lazyload\" src=\"https:\/\/www.infobae.com\/new-resizer\/qUipBmZMQXR524yU1pP8U4HnMB8=\/420x747\/filters:format(webp):quality(85)\/cloudfront-us-east-1.images.arcpublishing.com\/infobae\/WSHZYDFQ3ND5VKHW3NELFRYO3A.jpg%20420w\" sizes=\"auto, (min-width: 1560px) 856px, (min-width: 1000px) calc(74.63vw - 293px), (min-width: 780px) calc(100vw - 376px), (min-width: 580px) calc(100vw - 32px), 100vw\" srcset=\"https:\/\/www.infobae.com\/new-resizer\/qUipBmZMQXR524yU1pP8U4HnMB8=\/420x747\/filters:format(webp):quality(85)\/cloudfront-us-east-1.images.arcpublishing.com\/infobae\/WSHZYDFQ3ND5VKHW3NELFRYO3A.jpg 420w,https:\/\/www.infobae.com\/new-resizer\/22Iicr6-ooIx9rC9sr52KDTkbrE=\/768x1365\/filters:format(webp):quality(85)\/cloudfront-us-east-1.images.arcpublishing.com\/infobae\/WSHZYDFQ3ND5VKHW3NELFRYO3A.jpg 768w,https:\/\/www.infobae.com\/new-resizer\/ee5aVF2kre6p4PQAhRWhlyS7UCg=\/992x1764\/filters:format(webp):quality(85)\/cloudfront-us-east-1.images.arcpublishing.com\/infobae\/WSHZYDFQ3ND5VKHW3NELFRYO3A.jpg 992w,https:\/\/www.infobae.com\/new-resizer\/e9VUxYJjeb9EHjMwpuXytthNJs4=\/1200x2133\/filters:format(webp):quality(85)\/cloudfront-us-east-1.images.arcpublishing.com\/infobae\/WSHZYDFQ3ND5VKHW3NELFRYO3A.jpg 1200w\" alt=\"Desde Estados Unidos, Flavio Mendoza opin\u00f3 sobre el resultado electoral\" width=\"675\" height=\"1200\" data-src=\"https:\/\/www.infobae.com\/new-resizer\/qUipBmZMQXR524yU1pP8U4HnMB8=\/420x747\/filters:format(webp):quality(85)\/cloudfront-us-east-1.images.arcpublishing.com\/infobae\/WSHZYDFQ3ND5VKHW3NELFRYO3A.jpg 420w\" \/><\/div>\n","protected":false},"excerpt":{"rendered":"<p>Despu\u00e9s del triunfo de Javier Milei sobre Sergio Massa, muchas figuras del mundo del espect\u00e1culo mostraron su alegr\u00eda, apoyo y hasta indignaci\u00f3n con el resultado. Tras conocerse la victoria de\u00a0Javier Milei\u00a0por sobre\u00a0Sergio Massa, con el 55,80% de los votos, muchos famosos se pronunciaron en las redes sociales. Una de las primeras en manifestarse, a favor [&hellip;]<\/p>\n","protected":false},"author":1,"featured_media":101191,"comment_status":"closed","ping_status":"closed","sticky":false,"template":"","format":"standard","meta":{"_seopress_robots_primary_cat":"","_seopress_titles_title":"","_seopress_titles_desc":"","_seopress_robots_index":"","footnotes":""},"categories":[4],"tags":[38566,38572,38571,38570],"class_list":{"0":"post-101190","1":"post","2":"type-post","3":"status-publish","4":"format-standard","5":"has-post-thumbnail","7":"category-famosos","8":"tag-balotaje-2023","9":"tag-presidente-argentino-2024","10":"tag-presidente-javier-milei","11":"tag-resultados-del-balotaje-2023"},"_links":{"self":[{"href":"https:\/\/www.cordobatimes.com\/showup\/wp-json\/wp\/v2\/posts\/101190","targetHints":{"allow":["GET"]}}],"collection":[{"href":"https:\/\/www.cordobatimes.com\/showup\/wp-json\/wp\/v2\/posts"}],"about":[{"href":"https:\/\/www.cordobatimes.com\/showup\/wp-json\/wp\/v2\/types\/post"}],"author":[{"embeddable":true,"href":"https:\/\/www.cordobatimes.com\/showup\/wp-json\/wp\/v2\/users\/1"}],"replies":[{"embeddable":true,"href":"https:\/\/www.cordobatimes.com\/showup\/wp-json\/wp\/v2\/comments?post=101190"}],"version-history":[{"count":0,"href":"https:\/\/www.cordobatimes.com\/showup\/wp-json\/wp\/v2\/posts\/101190\/revisions"}],"wp:featuredmedia":[{"embeddable":true,"href":"https:\/\/www.cordobatimes.com\/showup\/wp-json\/wp\/v2\/media\/101191"}],"wp:attachment":[{"href":"https:\/\/www.cordobatimes.com\/showup\/wp-json\/wp\/v2\/media?parent=101190"}],"wp:term":[{"taxonomy":"category","embeddable":true,"href":"https:\/\/www.cordobatimes.com\/showup\/wp-json\/wp\/v2\/categories?post=101190"},{"taxonomy":"post_tag","embeddable":true,"href":"https:\/\/www.cordobatimes.com\/showup\/wp-json\/wp\/v2\/tags?post=101190"}],"curies":[{"name":"wp","href":"https:\/\/api.w.org\/{rel}","templated":true}]}}