{"id":101180,"date":"2023-11-19T18:29:52","date_gmt":"2023-11-19T21:29:52","guid":{"rendered":"https:\/\/www.cordobatimes.com\/showup\/?p=101180"},"modified":"2023-11-19T18:29:52","modified_gmt":"2023-11-19T21:29:52","slug":"susana-gimenez-elecciones-2023-ya-tenia-decidido-mi-voto","status":"publish","type":"post","link":"https:\/\/www.cordobatimes.com\/showup\/famosos\/2023\/11\/19\/susana-gimenez-elecciones-2023-ya-tenia-decidido-mi-voto\/","title":{"rendered":"Susana Gim\u00e9nez Elecciones 2023: \u201cYa ten\u00eda decidido mi voto\u201d"},"content":{"rendered":"<h3>I<strong>nstalada en la Argentina desde hace unos d\u00edas, la diva se dirigi\u00f3 a la escuela de Palermo para optar por su candidato presidencial.<\/strong><\/h3>\n<p>Aunque se encuentra residiendo en Uruguay,\u00a0Susana Gim\u00e9nez\u00a0regres\u00f3 al pa\u00eds hace unos d\u00edas. Luego de asistir a la fiesta de una reconocida revista para engalanar con su presencia la tapa de dicha publicaci\u00f3n, junto a muchas celebridades,\u00a0este domingo la diva concurri\u00f3 a las urnas en esta jornada electoral y asegur\u00f3 que \u201ctiene decidido su voto\u201d.<\/p>\n<p>Casi llegando a las cuatro de la tarde, la gran diva argentina se present\u00f3 en el colegio que le toc\u00f3 votar en Palermo y con un look s\u00faper elegante, formal y acorde a la ocasi\u00f3n, Susana ingres\u00f3 al cuarto oscuro para ejercer su deber c\u00edvico.\u00a0Se tom\u00f3 fotos colocando el sobre en la urna y lo hizo muy r\u00e1pidamente sin tener que esperar ni hacer fila.<\/p>\n<p>Al ingresar a la instituci\u00f3n, Susana interactu\u00f3 con la prensa:\u00a0\u201cEstoy nerviosa, hoy es una elecci\u00f3n diferente a las dem\u00e1s, muy decisiva. Espero que cada cual cumpla lo que desea y que no nos equivoquemos al votar,\u00a0y si no, bueno, pasan cosas peores en el mundo, ayer se muri\u00f3 una chica en el recital de Taylor Swift\u201d, reconoci\u00f3 con indignaci\u00f3n.<\/p>\n<p>Adem\u00e1s, Gim\u00e9nez explic\u00f3:\u00a0\u201cS\u00ed, estoy expectante como todos los argentinos, gane quien gana hay cosas que tienen cambiar, la gente no puede no tener cloaca en el 2023. Hoy es el d\u00eda de la patria, veremos qu\u00e9 pasa\u201d,\u00a0asegur\u00f3 y ante el pedido de la prensa y algunos fan\u00e1ticos que fueron a saludarla y le gritaron \u201cte extra\u00f1amos\u201d, ella contest\u00f3:\u00a0\u201cYo tambi\u00e9n, los quiero, voy a volver\u201d,\u00a0concluy\u00f3 afirmando que gane quien gane la elecci\u00f3n la conductora tiene pensado regresar a la Argentina.<\/p>\n<div style=\"width: 696px;\" class=\"wp-video\"><video class=\"wp-video-shortcode\" id=\"video-101180-1\" width=\"696\" height=\"392\" preload=\"metadata\" controls=\"controls\"><source type=\"video\/mp4\" src=\"https:\/\/www.cordobatimes.com\/showup\/wp-content\/uploads\/2023\/11\/jEqmlIl3-34105382.mp4?_=1\" \/><a href=\"https:\/\/www.cordobatimes.com\/showup\/wp-content\/uploads\/2023\/11\/jEqmlIl3-34105382.mp4\">https:\/\/www.cordobatimes.com\/showup\/wp-content\/uploads\/2023\/11\/jEqmlIl3-34105382.mp4<\/a><\/video><\/div>\n","protected":false},"excerpt":{"rendered":"<p>Instalada en la Argentina desde hace unos d\u00edas, la diva se dirigi\u00f3 a la escuela de Palermo para optar por su candidato presidencial. Aunque se encuentra residiendo en Uruguay,\u00a0Susana Gim\u00e9nez\u00a0regres\u00f3 al pa\u00eds hace unos d\u00edas. Luego de asistir a la fiesta de una reconocida revista para engalanar con su presencia la tapa de dicha publicaci\u00f3n, [&hellip;]<\/p>\n","protected":false},"author":1,"featured_media":101181,"comment_status":"closed","ping_status":"closed","sticky":false,"template":"","format":"standard","meta":{"_seopress_robots_primary_cat":"","_seopress_titles_title":"","_seopress_titles_desc":"","_seopress_robots_index":"","footnotes":""},"categories":[4],"tags":[38566,38368,24969],"class_list":{"0":"post-101180","1":"post","2":"type-post","3":"status-publish","4":"format-standard","5":"has-post-thumbnail","7":"category-famosos","8":"tag-balotaje-2023","9":"tag-elecciones-2023-susana-gimenez","10":"tag-elecciones-en-argentina"},"_links":{"self":[{"href":"https:\/\/www.cordobatimes.com\/showup\/wp-json\/wp\/v2\/posts\/101180","targetHints":{"allow":["GET"]}}],"collection":[{"href":"https:\/\/www.cordobatimes.com\/showup\/wp-json\/wp\/v2\/posts"}],"about":[{"href":"https:\/\/www.cordobatimes.com\/showup\/wp-json\/wp\/v2\/types\/post"}],"author":[{"embeddable":true,"href":"https:\/\/www.cordobatimes.com\/showup\/wp-json\/wp\/v2\/users\/1"}],"replies":[{"embeddable":true,"href":"https:\/\/www.cordobatimes.com\/showup\/wp-json\/wp\/v2\/comments?post=101180"}],"version-history":[{"count":0,"href":"https:\/\/www.cordobatimes.com\/showup\/wp-json\/wp\/v2\/posts\/101180\/revisions"}],"wp:featuredmedia":[{"embeddable":true,"href":"https:\/\/www.cordobatimes.com\/showup\/wp-json\/wp\/v2\/media\/101181"}],"wp:attachment":[{"href":"https:\/\/www.cordobatimes.com\/showup\/wp-json\/wp\/v2\/media?parent=101180"}],"wp:term":[{"taxonomy":"category","embeddable":true,"href":"https:\/\/www.cordobatimes.com\/showup\/wp-json\/wp\/v2\/categories?post=101180"},{"taxonomy":"post_tag","embeddable":true,"href":"https:\/\/www.cordobatimes.com\/showup\/wp-json\/wp\/v2\/tags?post=101180"}],"curies":[{"name":"wp","href":"https:\/\/api.w.org\/{rel}","templated":true}]}}