{"id":101176,"date":"2023-11-19T18:13:11","date_gmt":"2023-11-19T21:13:11","guid":{"rendered":"https:\/\/www.cordobatimes.com\/showup\/?p=101176"},"modified":"2023-11-19T18:13:11","modified_gmt":"2023-11-19T21:13:11","slug":"mirtha-legrand-mi-deseo-es-que-vivamos-en-paz","status":"publish","type":"post","link":"https:\/\/www.cordobatimes.com\/showup\/famosos\/2023\/11\/19\/mirtha-legrand-mi-deseo-es-que-vivamos-en-paz\/","title":{"rendered":"Mirtha Legrand  \u201cMi deseo es que vivamos en paz\u201d"},"content":{"rendered":"<h3><strong>Chiquita concurri\u00f3 a las urnas para emitir su voto en la importante jornada electoral de este domingo<\/strong><\/h3>\n<p>En esta oportunidad, Mirtha se hizo presente en la escuela del barrio porte\u00f1o de Palermo, cercano a su domicilio, para emitir su voto pasadas las 12.30. All\u00ed, al ser abordada por los periodistas, instantes antes de ingresar al centro de votaci\u00f3n, detall\u00f3 c\u00f3mo se sent\u00eda en esta jornada tan especial.<\/p>\n<p>\u201cMi expectativa es que se calme el pa\u00eds, que vivamos en paz, que vivamos mejor todos\u201d, explic\u00f3 apenas descendi\u00f3 del veh\u00edculo que la transportaba respecto de lo que augura para el pr\u00f3ximo tiempo. Adem\u00e1s, sobre la primera medida en la que deber\u00eda hacerse foco, la diva expres\u00f3: \u201cQue la gente no pase hambre, que la gente viva mejor. Que nosotros vivamos mejor, m\u00e1s armonioso, que nos querramos un poco m\u00e1s. Antes nos quer\u00edamos los argentinos\u201d.<\/p>\n<p>Tambi\u00e9n fue consultada respecto de su sentimiento sobre un posible fraude electoral, ante lo que detall\u00f3: \u201cNo, siempre hay alg\u00fan poquito, alguna aparece por ah\u00ed, pero nivel grande no creo de ning\u00fan modo, est\u00e1n bien vigilados\u201d, fueron sus \u00faltimas palabras antes de ser acompa\u00f1ada a ingresar al colegio para emitir su sufragio. Ante ello, se decidi\u00f3 a trav\u00e9s de la Justicia Electoral que no hubiera c\u00e1maras en el momento en que se produzca la votaci\u00f3n por parte de la conductora, aseguraron los cronistas que all\u00ed se encontraban describiendo cada una de las instancias.<\/p>\n<div style=\"width: 696px;\" class=\"wp-video\"><video class=\"wp-video-shortcode\" id=\"video-101176-1\" width=\"696\" height=\"392\" preload=\"metadata\" controls=\"controls\"><source type=\"video\/mp4\" src=\"https:\/\/www.cordobatimes.com\/showup\/wp-content\/uploads\/2023\/11\/XNoGlvsi-34105380.mp4?_=1\" \/><a href=\"https:\/\/www.cordobatimes.com\/showup\/wp-content\/uploads\/2023\/11\/XNoGlvsi-34105380.mp4\">https:\/\/www.cordobatimes.com\/showup\/wp-content\/uploads\/2023\/11\/XNoGlvsi-34105380.mp4<\/a><\/video><\/div>\n","protected":false},"excerpt":{"rendered":"<p>Chiquita concurri\u00f3 a las urnas para emitir su voto en la importante jornada electoral de este domingo En esta oportunidad, Mirtha se hizo presente en la escuela del barrio porte\u00f1o de Palermo, cercano a su domicilio, para emitir su voto pasadas las 12.30. All\u00ed, al ser abordada por los periodistas, instantes antes de ingresar al [&hellip;]<\/p>\n","protected":false},"author":1,"featured_media":101177,"comment_status":"closed","ping_status":"closed","sticky":false,"template":"","format":"standard","meta":{"_seopress_robots_primary_cat":"","_seopress_titles_title":"","_seopress_titles_desc":"","_seopress_robots_index":"","footnotes":""},"categories":[4],"tags":[38566,38567,25310],"class_list":{"0":"post-101176","1":"post","2":"type-post","3":"status-publish","4":"format-standard","5":"has-post-thumbnail","7":"category-famosos","8":"tag-balotaje-2023","9":"tag-elecciones-2023-mirtha-legrand","10":"tag-mirtha-legrand-elecciones"},"_links":{"self":[{"href":"https:\/\/www.cordobatimes.com\/showup\/wp-json\/wp\/v2\/posts\/101176","targetHints":{"allow":["GET"]}}],"collection":[{"href":"https:\/\/www.cordobatimes.com\/showup\/wp-json\/wp\/v2\/posts"}],"about":[{"href":"https:\/\/www.cordobatimes.com\/showup\/wp-json\/wp\/v2\/types\/post"}],"author":[{"embeddable":true,"href":"https:\/\/www.cordobatimes.com\/showup\/wp-json\/wp\/v2\/users\/1"}],"replies":[{"embeddable":true,"href":"https:\/\/www.cordobatimes.com\/showup\/wp-json\/wp\/v2\/comments?post=101176"}],"version-history":[{"count":0,"href":"https:\/\/www.cordobatimes.com\/showup\/wp-json\/wp\/v2\/posts\/101176\/revisions"}],"wp:featuredmedia":[{"embeddable":true,"href":"https:\/\/www.cordobatimes.com\/showup\/wp-json\/wp\/v2\/media\/101177"}],"wp:attachment":[{"href":"https:\/\/www.cordobatimes.com\/showup\/wp-json\/wp\/v2\/media?parent=101176"}],"wp:term":[{"taxonomy":"category","embeddable":true,"href":"https:\/\/www.cordobatimes.com\/showup\/wp-json\/wp\/v2\/categories?post=101176"},{"taxonomy":"post_tag","embeddable":true,"href":"https:\/\/www.cordobatimes.com\/showup\/wp-json\/wp\/v2\/tags?post=101176"}],"curies":[{"name":"wp","href":"https:\/\/api.w.org\/{rel}","templated":true}]}}