{"id":101169,"date":"2023-11-19T12:39:25","date_gmt":"2023-11-19T15:39:25","guid":{"rendered":"https:\/\/www.cordobatimes.com\/showup\/?p=101169"},"modified":"2023-11-19T17:55:04","modified_gmt":"2023-11-19T20:55:04","slug":"balotaje-2023-asi-votan-los-famosos-al-futuro-presidente","status":"publish","type":"post","link":"https:\/\/www.cordobatimes.com\/showup\/famosos\/2023\/11\/19\/balotaje-2023-asi-votan-los-famosos-al-futuro-presidente\/","title":{"rendered":"Balotaje 2023: as\u00ed votan los famosos al futuro presidente"},"content":{"rendered":"<h3><strong>Este domingo 19 de noviembre se define qui\u00e9n ser\u00e1 el pr\u00f3ximo mandatario y las celebridades tambi\u00e9n cumplieron con su deber c\u00edvico<\/strong><\/h3>\n<p>Tras varias instancias de votaci\u00f3n &#8211; las elecciones Primarias Abiertas Simult\u00e1neas y Obligatorias (PASO) y luego las Generales &#8211; los argentinos deciden este domingo 19 de noviembre entre las dos fuerzas pol\u00edticas: Sergio Massa por Uni\u00f3n por la Patria, por un lado, y Javier Milei por La Libertad Avanza, por el otro.<\/p>\n<p>En ese contexto, en esta segunda vuelta electoral, desde temprano a partir de las 8, los ciudadanos comenzaron a acercarse a las urnas para ejercer su deber c\u00edvico. Y los famosos tambi\u00e9n lo hicieron. Una de las primeras, apenas se abri\u00f3 el proceso electoral, fue la periodista Mercedes Ninci. En la Escuela Rosario Vera Pe\u00f1aloza, del barrio porte\u00f1o de Almagro, Ninci lleg\u00f3 al iniciarse la jornada. \u201cVine temprano porque hoy me toca cubrir para Radio Mitre las votaciones de pol\u00edticos y famosos\u201d, relat\u00f3.<\/p>\n<p class=\"paragraph\" data-mrf-recirculation=\"Links inline\">En tanto,\u00a0<b>Flor de la V\u00a0<\/b>dijo presente este domingo en la escuela en la que le correspondi\u00f3 emitir su voto, en San Mart\u00edn de Tours. Junto a su esposo, Pablo Goycoechea, se present\u00f3 en el recinto con un look camel, bien primaveral. Sonriente y de buen humor, desliz\u00f3 el sobre dentro de la urna y pos\u00f3 para el fot\u00f3grafo.<\/p>\n<div class=\"visual__image\"><img loading=\"lazy\" decoding=\"async\" class=\" lazyload\" src=\"https:\/\/www.infobae.com\/new-resizer\/78afeSwNaSSYMRKFRwNrfJqwtcg=\/420x280\/filters:format(webp):quality(85)\/cloudfront-us-east-1.images.arcpublishing.com\/infobae\/TMPHTN5Z7ZEYNHML3IPSWZYJTY.JPG%20420w\" sizes=\"auto, (min-width: 1560px) 856px, (min-width: 1000px) calc(74.63vw - 293px), (min-width: 780px) calc(100vw - 376px), (min-width: 580px) calc(100vw - 32px), 100vw\" srcset=\"https:\/\/www.infobae.com\/new-resizer\/78afeSwNaSSYMRKFRwNrfJqwtcg=\/420x280\/filters:format(webp):quality(85)\/cloudfront-us-east-1.images.arcpublishing.com\/infobae\/TMPHTN5Z7ZEYNHML3IPSWZYJTY.JPG 420w,https:\/\/www.infobae.com\/new-resizer\/f0u257IXce0zPhKXjZFwWuMA0pY=\/768x512\/filters:format(webp):quality(85)\/cloudfront-us-east-1.images.arcpublishing.com\/infobae\/TMPHTN5Z7ZEYNHML3IPSWZYJTY.JPG 768w,https:\/\/www.infobae.com\/new-resizer\/hkVlrAe1BWIRphuqxocT2L-Vbhk=\/992x661\/filters:format(webp):quality(85)\/cloudfront-us-east-1.images.arcpublishing.com\/infobae\/TMPHTN5Z7ZEYNHML3IPSWZYJTY.JPG 992w,https:\/\/www.infobae.com\/new-resizer\/AebjX7fwUaunyPGukJ0I81_Lrzc=\/1200x800\/filters:format(webp):quality(85)\/cloudfront-us-east-1.images.arcpublishing.com\/infobae\/TMPHTN5Z7ZEYNHML3IPSWZYJTY.JPG 1200w,https:\/\/www.infobae.com\/new-resizer\/3ex7MduDZjxW8mpewQatN6L1LlA=\/1440x960\/filters:format(webp):quality(85)\/cloudfront-us-east-1.images.arcpublishing.com\/infobae\/TMPHTN5Z7ZEYNHML3IPSWZYJTY.JPG 1440w\" alt=\"Flor de la V concurri\u00f3 a votar en esta segunda vuelta de Elecciones 2023 en Argentina (RS Fotos)\" width=\"5472\" height=\"3648\" data-src=\"https:\/\/www.infobae.com\/new-resizer\/78afeSwNaSSYMRKFRwNrfJqwtcg=\/420x280\/filters:format(webp):quality(85)\/cloudfront-us-east-1.images.arcpublishing.com\/infobae\/TMPHTN5Z7ZEYNHML3IPSWZYJTY.JPG 420w\" \/><\/div>\n<div class=\"visual__image\"><img loading=\"lazy\" decoding=\"async\" class=\" lazyload\" src=\"https:\/\/www.infobae.com\/new-resizer\/_c5RKsRFDoivYjtgoPxd81VyDLg=\/420x560\/filters:format(webp):quality(85)\/cloudfront-us-east-1.images.arcpublishing.com\/infobae\/NEI4SUJC25DGPK2UYPK3WMFBVM.jpeg%20420w\" sizes=\"auto, (min-width: 1560px) 856px, (min-width: 1000px) calc(74.63vw - 293px), (min-width: 780px) calc(100vw - 376px), (min-width: 580px) calc(100vw - 32px), 100vw\" srcset=\"https:\/\/www.infobae.com\/new-resizer\/_c5RKsRFDoivYjtgoPxd81VyDLg=\/420x560\/filters:format(webp):quality(85)\/cloudfront-us-east-1.images.arcpublishing.com\/infobae\/NEI4SUJC25DGPK2UYPK3WMFBVM.jpeg 420w,https:\/\/www.infobae.com\/new-resizer\/8nmuqkaPdZHL6V-T5aruHn1qrgc=\/768x1024\/filters:format(webp):quality(85)\/cloudfront-us-east-1.images.arcpublishing.com\/infobae\/NEI4SUJC25DGPK2UYPK3WMFBVM.jpeg 768w,https:\/\/www.infobae.com\/new-resizer\/Bw4UHwmM503t27cbmuEIR70E4pg=\/992x1323\/filters:format(webp):quality(85)\/cloudfront-us-east-1.images.arcpublishing.com\/infobae\/NEI4SUJC25DGPK2UYPK3WMFBVM.jpeg 992w,https:\/\/www.infobae.com\/new-resizer\/wo993U5c2iopfBzIcV3Irt6rJGs=\/1200x1600\/filters:format(webp):quality(85)\/cloudfront-us-east-1.images.arcpublishing.com\/infobae\/NEI4SUJC25DGPK2UYPK3WMFBVM.jpeg 1200w\" alt=\"Mercedes Ninci fue una de las primeras en acercarse a las mesas de votaci\u00f3n en el Balotaje Elecciones 2023 (Teleshow)\" width=\"1200\" height=\"1600\" data-src=\"https:\/\/www.infobae.com\/new-resizer\/_c5RKsRFDoivYjtgoPxd81VyDLg=\/420x560\/filters:format(webp):quality(85)\/cloudfront-us-east-1.images.arcpublishing.com\/infobae\/NEI4SUJC25DGPK2UYPK3WMFBVM.jpeg 420w\" \/><\/div>\n<p class=\"paragraph\" data-mrf-recirculation=\"Links inline\"><b>Cris Morena<\/b>\u00a0acudi\u00f3 alrededor de las 10 de la ma\u00f1ana para despu\u00e9s tomarse el d\u00eda para descansar. Con anteojos oscuros para protegerse del sol, la productora se present\u00f3 a emitir su voto.<\/p>\n<div class=\"visual__image\"><img loading=\"lazy\" decoding=\"async\" class=\" lazyload\" src=\"https:\/\/www.infobae.com\/new-resizer\/msJEqu4Y9dbemmkb-GSRxljemps=\/420x280\/filters:format(webp):quality(85)\/cloudfront-us-east-1.images.arcpublishing.com\/infobae\/MV2NJOHUO5EYVCIYQJMEAGDV7M.JPG%20420w\" sizes=\"auto, (min-width: 1560px) 856px, (min-width: 1000px) calc(74.63vw - 293px), (min-width: 780px) calc(100vw - 376px), (min-width: 580px) calc(100vw - 32px), 100vw\" srcset=\"https:\/\/www.infobae.com\/new-resizer\/msJEqu4Y9dbemmkb-GSRxljemps=\/420x280\/filters:format(webp):quality(85)\/cloudfront-us-east-1.images.arcpublishing.com\/infobae\/MV2NJOHUO5EYVCIYQJMEAGDV7M.JPG 420w,https:\/\/www.infobae.com\/new-resizer\/idddrFMiutjc8PnsZR2pw-KiXgI=\/768x512\/filters:format(webp):quality(85)\/cloudfront-us-east-1.images.arcpublishing.com\/infobae\/MV2NJOHUO5EYVCIYQJMEAGDV7M.JPG 768w,https:\/\/www.infobae.com\/new-resizer\/WGRwsvQ99_VU2WY5KqT5Vi_dpbU=\/992x661\/filters:format(webp):quality(85)\/cloudfront-us-east-1.images.arcpublishing.com\/infobae\/MV2NJOHUO5EYVCIYQJMEAGDV7M.JPG 992w,https:\/\/www.infobae.com\/new-resizer\/yoBMMTcjcRB5057jmJWMXP4FCFM=\/1200x800\/filters:format(webp):quality(85)\/cloudfront-us-east-1.images.arcpublishing.com\/infobae\/MV2NJOHUO5EYVCIYQJMEAGDV7M.JPG 1200w,https:\/\/www.infobae.com\/new-resizer\/EQhGv3nxxazOTxMtiPD0GJOt7Q0=\/1440x960\/filters:format(webp):quality(85)\/cloudfront-us-east-1.images.arcpublishing.com\/infobae\/MV2NJOHUO5EYVCIYQJMEAGDV7M.JPG 1440w\" alt=\"Cris Morena vot\u00f3 en el Balotaje 2023 (RS Fotos)\" width=\"6000\" height=\"4000\" data-src=\"https:\/\/www.infobae.com\/new-resizer\/msJEqu4Y9dbemmkb-GSRxljemps=\/420x280\/filters:format(webp):quality(85)\/cloudfront-us-east-1.images.arcpublishing.com\/infobae\/MV2NJOHUO5EYVCIYQJMEAGDV7M.JPG 420w\" \/>Cris Morena vot\u00f3 en el Balotaje 2023 (RS Fotos)<\/div>\n<div class=\"visual__image\"><img loading=\"lazy\" decoding=\"async\" class=\" lazyload\" src=\"https:\/\/www.infobae.com\/new-resizer\/PvdqRLH0EGX7IT-zpTtnA6Syh5Q=\/420x280\/filters:format(webp):quality(85)\/cloudfront-us-east-1.images.arcpublishing.com\/infobae\/6NI2PIWRT5GH7PNVW6IKYUSAOU.JPG%20420w\" sizes=\"auto, (min-width: 1560px) 856px, (min-width: 1000px) calc(74.63vw - 293px), (min-width: 780px) calc(100vw - 376px), (min-width: 580px) calc(100vw - 32px), 100vw\" srcset=\"https:\/\/www.infobae.com\/new-resizer\/PvdqRLH0EGX7IT-zpTtnA6Syh5Q=\/420x280\/filters:format(webp):quality(85)\/cloudfront-us-east-1.images.arcpublishing.com\/infobae\/6NI2PIWRT5GH7PNVW6IKYUSAOU.JPG 420w,https:\/\/www.infobae.com\/new-resizer\/KNqzVLopl6iSW9tvCG_71B6QtI8=\/768x512\/filters:format(webp):quality(85)\/cloudfront-us-east-1.images.arcpublishing.com\/infobae\/6NI2PIWRT5GH7PNVW6IKYUSAOU.JPG 768w,https:\/\/www.infobae.com\/new-resizer\/UsWuCxQnTdnmYSZE7OzsbOmeu6E=\/992x661\/filters:format(webp):quality(85)\/cloudfront-us-east-1.images.arcpublishing.com\/infobae\/6NI2PIWRT5GH7PNVW6IKYUSAOU.JPG 992w,https:\/\/www.infobae.com\/new-resizer\/_V-cY8vxlNXzGhpCDZUZCYzf3nA=\/1200x800\/filters:format(webp):quality(85)\/cloudfront-us-east-1.images.arcpublishing.com\/infobae\/6NI2PIWRT5GH7PNVW6IKYUSAOU.JPG 1200w,https:\/\/www.infobae.com\/new-resizer\/mGcEDf_RFhjlN4mDt-4ehLoiX1E=\/1440x960\/filters:format(webp):quality(85)\/cloudfront-us-east-1.images.arcpublishing.com\/infobae\/6NI2PIWRT5GH7PNVW6IKYUSAOU.JPG 1440w\" alt=\"Marcela Tinayre se acerc\u00f3 a emitir su voto en el Balotaje 2023 (RS Fotos)\" width=\"3648\" height=\"2432\" data-src=\"https:\/\/www.infobae.com\/new-resizer\/PvdqRLH0EGX7IT-zpTtnA6Syh5Q=\/420x280\/filters:format(webp):quality(85)\/cloudfront-us-east-1.images.arcpublishing.com\/infobae\/6NI2PIWRT5GH7PNVW6IKYUSAOU.JPG 420w\" \/>Marcela Tinayre se acerc\u00f3 a emitir su voto en el Balotaje 2023 (RS Fotos)<\/div>\n<p class=\"paragraph\" data-mrf-recirculation=\"Links inline\"><b>Marcela Tinayre\u00a0<\/b>tambi\u00e9n cumpli\u00f3 con su deber c\u00edvico. Con un look informal y c\u00f3modo, dijo presente en esta jornada electoral.<\/p>\n<p class=\"paragraph\" data-mrf-recirculation=\"Links inline\">La periodista\u00a0<b>Mar\u00eda Bel\u00e9n Ludue\u00f1a<\/b>\u00a0tambi\u00e9n acudi\u00f3 a las urnas. La pareja de Jorge Macri se mostr\u00f3 distendida con un solero negro largo, de algod\u00f3n, y zapatillas.<\/p>\n<div class=\"visual__image\"><img loading=\"lazy\" decoding=\"async\" class=\" lazyload\" src=\"https:\/\/www.infobae.com\/new-resizer\/ODNak1ge02dKSt41fEYLm7TC4X0=\/420x560\/filters:format(webp):quality(85)\/cloudfront-us-east-1.images.arcpublishing.com\/infobae\/O2VHE6Z6U5AWJPG5W2BCTAQQHU.jpg%20420w\" sizes=\"auto, (min-width: 1560px) 856px, (min-width: 1000px) calc(74.63vw - 293px), (min-width: 780px) calc(100vw - 376px), (min-width: 580px) calc(100vw - 32px), 100vw\" srcset=\"https:\/\/www.infobae.com\/new-resizer\/ODNak1ge02dKSt41fEYLm7TC4X0=\/420x560\/filters:format(webp):quality(85)\/cloudfront-us-east-1.images.arcpublishing.com\/infobae\/O2VHE6Z6U5AWJPG5W2BCTAQQHU.jpg 420w,https:\/\/www.infobae.com\/new-resizer\/ZHqdC8yYhr8o4qqTQXxMJ_VkLcY=\/768x1024\/filters:format(webp):quality(85)\/cloudfront-us-east-1.images.arcpublishing.com\/infobae\/O2VHE6Z6U5AWJPG5W2BCTAQQHU.jpg 768w,https:\/\/www.infobae.com\/new-resizer\/XLPPxFST3_DW0fLzMnTzfQM8m28=\/992x1323\/filters:format(webp):quality(85)\/cloudfront-us-east-1.images.arcpublishing.com\/infobae\/O2VHE6Z6U5AWJPG5W2BCTAQQHU.jpg 992w,https:\/\/www.infobae.com\/new-resizer\/3CA4eG5xJckF62eEQXyJOuhxnc4=\/1200x1600\/filters:format(webp):quality(85)\/cloudfront-us-east-1.images.arcpublishing.com\/infobae\/O2VHE6Z6U5AWJPG5W2BCTAQQHU.jpg 1200w\" alt=\"Mar\u00eda Bel\u00e9n Ludue\u00f1a emiti\u00f3 su voto en el Balotaje 2023 (RS Fotos)\" width=\"1200\" height=\"1600\" data-src=\"https:\/\/www.infobae.com\/new-resizer\/ODNak1ge02dKSt41fEYLm7TC4X0=\/420x560\/filters:format(webp):quality(85)\/cloudfront-us-east-1.images.arcpublishing.com\/infobae\/O2VHE6Z6U5AWJPG5W2BCTAQQHU.jpg 420w\" \/>Mar\u00eda Bel\u00e9n Ludue\u00f1a emiti\u00f3 su voto en el Balotaje 2023 (RS Fotos)<\/div>\n<p class=\"paragraph\" data-mrf-recirculation=\"Links inline\">Por su parte, Lourdes S\u00e1nchez acudi\u00f3 antes del mediod\u00eda, apenas un rato despu\u00e9s de desayunar, seg\u00fan ella misma mostr\u00f3s en sus historias de su cuenta oficial de Instagram. Desde el auto, se grab\u00f3 con el comprobante del sufragio en la mano. \u201cBuen d\u00eda, ya vot\u00e9, diosito querido: \u00a1ay\u00fadanos!\u201d, exclam\u00f3 entre risas.<\/p>\n<div class=\"visual__image\"><img loading=\"lazy\" decoding=\"async\" class=\" lazyload\" src=\"https:\/\/www.infobae.com\/new-resizer\/VUOYBBF3f-OYyv39I3derlmv6a0=\/420x747\/filters:format(webp):quality(85)\/cloudfront-us-east-1.images.arcpublishing.com\/infobae\/2PRLRSN3IZCS5G7NLFFSPZMRSQ.jpg%20420w\" sizes=\"auto, (min-width: 1560px) 856px, (min-width: 1000px) calc(74.63vw - 293px), (min-width: 780px) calc(100vw - 376px), (min-width: 580px) calc(100vw - 32px), 100vw\" srcset=\"https:\/\/www.infobae.com\/new-resizer\/VUOYBBF3f-OYyv39I3derlmv6a0=\/420x747\/filters:format(webp):quality(85)\/cloudfront-us-east-1.images.arcpublishing.com\/infobae\/2PRLRSN3IZCS5G7NLFFSPZMRSQ.jpg 420w,https:\/\/www.infobae.com\/new-resizer\/BWIo4bpSbEHmrorCQCw2jIZagU8=\/768x1365\/filters:format(webp):quality(85)\/cloudfront-us-east-1.images.arcpublishing.com\/infobae\/2PRLRSN3IZCS5G7NLFFSPZMRSQ.jpg 768w,https:\/\/www.infobae.com\/new-resizer\/_eG_y1IVG2md5c2sQydgx8vHMdI=\/992x1764\/filters:format(webp):quality(85)\/cloudfront-us-east-1.images.arcpublishing.com\/infobae\/2PRLRSN3IZCS5G7NLFFSPZMRSQ.jpg 992w,https:\/\/www.infobae.com\/new-resizer\/1qVqvIQrs05rlikL4QYgI9RW4NQ=\/1200x2133\/filters:format(webp):quality(85)\/cloudfront-us-east-1.images.arcpublishing.com\/infobae\/2PRLRSN3IZCS5G7NLFFSPZMRSQ.jpg 1200w\" alt=\"Lourdes S\u00e1nchez vot\u00f3 en el Balotaje 2023 (Instagram)\" width=\"720\" height=\"1280\" data-src=\"https:\/\/www.infobae.com\/new-resizer\/VUOYBBF3f-OYyv39I3derlmv6a0=\/420x747\/filters:format(webp):quality(85)\/cloudfront-us-east-1.images.arcpublishing.com\/infobae\/2PRLRSN3IZCS5G7NLFFSPZMRSQ.jpg 420w\" \/>Lourdes S\u00e1nchez vot\u00f3 en el Balotaje 2023 (Instagram)<\/div>\n<p class=\"paragraph\" data-mrf-recirculation=\"Links inline\">En tanto, quien tambi\u00e9n asisti\u00f3 temprano por la ma\u00f1ana fue la hermana de\u00a0<b>Susana Gim\u00e9nez,<\/b>\u00a0<b>Carolina Gim\u00e9nez Aubert<\/b>. La empresaria asisti\u00f3 con un atuendo c\u00f3modo, fiel a su estilo, a las mesas ubicadas en La Rural de Palermo, en la Ciudad de Buenos Aires.<\/p>\n<div class=\"visual__image\"><img loading=\"lazy\" decoding=\"async\" class=\" lazyload\" src=\"https:\/\/www.infobae.com\/new-resizer\/GXuzK3YOsG5mTcCAi_uNbgd0yec=\/420x560\/filters:format(webp):quality(85)\/cloudfront-us-east-1.images.arcpublishing.com\/infobae\/WAGLGJTSE5DKZFDHV7DXI3YI2A.jpeg%20420w\" sizes=\"auto, (min-width: 1560px) 856px, (min-width: 1000px) calc(74.63vw - 293px), (min-width: 780px) calc(100vw - 376px), (min-width: 580px) calc(100vw - 32px), 100vw\" srcset=\"https:\/\/www.infobae.com\/new-resizer\/GXuzK3YOsG5mTcCAi_uNbgd0yec=\/420x560\/filters:format(webp):quality(85)\/cloudfront-us-east-1.images.arcpublishing.com\/infobae\/WAGLGJTSE5DKZFDHV7DXI3YI2A.jpeg 420w,https:\/\/www.infobae.com\/new-resizer\/7dcts5RWzrL3Ak8C_qbCsh_Ug_Q=\/768x1024\/filters:format(webp):quality(85)\/cloudfront-us-east-1.images.arcpublishing.com\/infobae\/WAGLGJTSE5DKZFDHV7DXI3YI2A.jpeg 768w,https:\/\/www.infobae.com\/new-resizer\/Y2xlrQ0MN261dZwGfEH1b1x4t6o=\/992x1323\/filters:format(webp):quality(85)\/cloudfront-us-east-1.images.arcpublishing.com\/infobae\/WAGLGJTSE5DKZFDHV7DXI3YI2A.jpeg 992w,https:\/\/www.infobae.com\/new-resizer\/LmyTtbUAWnAwQn-QdM9sKDeSmdY=\/1200x1600\/filters:format(webp):quality(85)\/cloudfront-us-east-1.images.arcpublishing.com\/infobae\/WAGLGJTSE5DKZFDHV7DXI3YI2A.jpeg 1200w\" alt=\"Carolina Gim\u00e9nez Aubert vot\u00f3 en La Rural en las Elecciones 2023 (Teleshow)\" width=\"1200\" height=\"1600\" data-src=\"https:\/\/www.infobae.com\/new-resizer\/GXuzK3YOsG5mTcCAi_uNbgd0yec=\/420x560\/filters:format(webp):quality(85)\/cloudfront-us-east-1.images.arcpublishing.com\/infobae\/WAGLGJTSE5DKZFDHV7DXI3YI2A.jpeg 420w\" \/>Carolina Gim\u00e9nez Aubert vot\u00f3 en La Rural en las Elecciones 2023<\/div>\n<div><\/div>\n<div>\n<p class=\"paragraph\" data-mrf-recirculation=\"Links inline\">La periodista Cristina P\u00e9rez tambi\u00e9n concurri\u00f3 durante esta ma\u00f1ana a su lugar de votaci\u00f3n. La pareja de Luis Petri se present\u00f3 con un conjunto s\u00faper c\u00f3modo para esta jornada de domingo.<\/p>\n<div class=\"visual__image\"><img loading=\"lazy\" decoding=\"async\" class=\" lazyload\" src=\"https:\/\/www.infobae.com\/new-resizer\/p6Ro6gl4WwVVHNYZ0PE-ZajeJNE=\/420x560\/filters:format(webp):quality(85)\/cloudfront-us-east-1.images.arcpublishing.com\/infobae\/IWAS66TQ2ZGB3CWH6YWZWAJVY4.jpeg%20420w\" sizes=\"auto, (min-width: 1560px) 856px, (min-width: 1000px) calc(74.63vw - 293px), (min-width: 780px) calc(100vw - 376px), (min-width: 580px) calc(100vw - 32px), 100vw\" srcset=\"https:\/\/www.infobae.com\/new-resizer\/p6Ro6gl4WwVVHNYZ0PE-ZajeJNE=\/420x560\/filters:format(webp):quality(85)\/cloudfront-us-east-1.images.arcpublishing.com\/infobae\/IWAS66TQ2ZGB3CWH6YWZWAJVY4.jpeg 420w,https:\/\/www.infobae.com\/new-resizer\/Q3cw74lm1XuRzYtVTfAG8AwCx1Y=\/768x1024\/filters:format(webp):quality(85)\/cloudfront-us-east-1.images.arcpublishing.com\/infobae\/IWAS66TQ2ZGB3CWH6YWZWAJVY4.jpeg 768w,https:\/\/www.infobae.com\/new-resizer\/JCfKlpeXSkXmcv_LSjGmRX3kd8A=\/992x1323\/filters:format(webp):quality(85)\/cloudfront-us-east-1.images.arcpublishing.com\/infobae\/IWAS66TQ2ZGB3CWH6YWZWAJVY4.jpeg 992w,https:\/\/www.infobae.com\/new-resizer\/kF-dHp4Pkiwd-5aAvpUWuvflrRI=\/1200x1600\/filters:format(webp):quality(85)\/cloudfront-us-east-1.images.arcpublishing.com\/infobae\/IWAS66TQ2ZGB3CWH6YWZWAJVY4.jpeg 1200w\" alt=\"Cristina P\u00e9rez acudi\u00f3 a las urnas en el Balotaje 2023 (Teleshow)\" width=\"1200\" height=\"1600\" data-src=\"https:\/\/www.infobae.com\/new-resizer\/p6Ro6gl4WwVVHNYZ0PE-ZajeJNE=\/420x560\/filters:format(webp):quality(85)\/cloudfront-us-east-1.images.arcpublishing.com\/infobae\/IWAS66TQ2ZGB3CWH6YWZWAJVY4.jpeg 420w\" \/><\/div>\n<div>\n<p class=\"paragraph\" data-mrf-recirculation=\"Links inline\">La actriz<b>\u00a0Eleonora Wexler,<\/b>\u00a0en el momento de introducir el sobre con su candidato en la urna, se mostr\u00f3 contenta al momento de posar para la foto.<\/p>\n<div class=\"visual__image\"><img loading=\"lazy\" decoding=\"async\" class=\" lazyload\" src=\"https:\/\/www.infobae.com\/new-resizer\/-ccLCT_1zHuzT_Zxo3d2qc6Cd3s=\/420x560\/filters:format(webp):quality(85)\/cloudfront-us-east-1.images.arcpublishing.com\/infobae\/KVN7C6XR7NDOPEUYC45N3ZYPR4.JPG%20420w\" sizes=\"auto, (min-width: 1560px) 856px, (min-width: 1000px) calc(74.63vw - 293px), (min-width: 780px) calc(100vw - 376px), (min-width: 580px) calc(100vw - 32px), 100vw\" srcset=\"https:\/\/www.infobae.com\/new-resizer\/-ccLCT_1zHuzT_Zxo3d2qc6Cd3s=\/420x560\/filters:format(webp):quality(85)\/cloudfront-us-east-1.images.arcpublishing.com\/infobae\/KVN7C6XR7NDOPEUYC45N3ZYPR4.JPG 420w,https:\/\/www.infobae.com\/new-resizer\/Keg4MnZ73800EMOwCNBh-vHONXo=\/768x1024\/filters:format(webp):quality(85)\/cloudfront-us-east-1.images.arcpublishing.com\/infobae\/KVN7C6XR7NDOPEUYC45N3ZYPR4.JPG 768w,https:\/\/www.infobae.com\/new-resizer\/Q18L3lP5Q3wvtuSh8NeR8LhBdkM=\/992x1323\/filters:format(webp):quality(85)\/cloudfront-us-east-1.images.arcpublishing.com\/infobae\/KVN7C6XR7NDOPEUYC45N3ZYPR4.JPG 992w,https:\/\/www.infobae.com\/new-resizer\/yl_-z4jc-2I3KSYBXWeQRdEVuNI=\/1200x1600\/filters:format(webp):quality(85)\/cloudfront-us-east-1.images.arcpublishing.com\/infobae\/KVN7C6XR7NDOPEUYC45N3ZYPR4.JPG 1200w\" alt=\"Eleonora Wexler en el Balotaje 2023 (Instagram)\" width=\"500\" height=\"569\" data-src=\"https:\/\/www.infobae.com\/new-resizer\/-ccLCT_1zHuzT_Zxo3d2qc6Cd3s=\/420x560\/filters:format(webp):quality(85)\/cloudfront-us-east-1.images.arcpublishing.com\/infobae\/KVN7C6XR7NDOPEUYC45N3ZYPR4.JPG 420w\" \/><\/div>\n<p class=\"paragraph\" data-mrf-recirculation=\"Links inline\">Karina Mazzocco asisti\u00f3 a las urnas enfundada en un vestido largo, con un cintur\u00f3n de cuero en la cintura. Con el cabello atado en una colita, la conductora de\u00a0<i>A la tarde\u00a0<\/i>(Am\u00e9rica) sonri\u00f3 detr\u00e1s de sus lentes de sol.<\/p>\n<div class=\"visual__image\"><img loading=\"lazy\" decoding=\"async\" class=\" lazyload\" src=\"https:\/\/www.infobae.com\/new-resizer\/tyqfNmiupdlUWd3Ujkr0-tkzUGs=\/420x560\/filters:format(webp):quality(85)\/cloudfront-us-east-1.images.arcpublishing.com\/infobae\/A52Q4FEXQVHGXPP5IAJ2PHEHFA.jpeg%20420w\" sizes=\"auto, (min-width: 1560px) 856px, (min-width: 1000px) calc(74.63vw - 293px), (min-width: 780px) calc(100vw - 376px), (min-width: 580px) calc(100vw - 32px), 100vw\" srcset=\"https:\/\/www.infobae.com\/new-resizer\/tyqfNmiupdlUWd3Ujkr0-tkzUGs=\/420x560\/filters:format(webp):quality(85)\/cloudfront-us-east-1.images.arcpublishing.com\/infobae\/A52Q4FEXQVHGXPP5IAJ2PHEHFA.jpeg 420w,https:\/\/www.infobae.com\/new-resizer\/obya8fk0NZu7GZOZiCNgyEPy2Nw=\/768x1024\/filters:format(webp):quality(85)\/cloudfront-us-east-1.images.arcpublishing.com\/infobae\/A52Q4FEXQVHGXPP5IAJ2PHEHFA.jpeg 768w,https:\/\/www.infobae.com\/new-resizer\/DlyEcZJjgts7L_h07cWaaCpTv3A=\/992x1323\/filters:format(webp):quality(85)\/cloudfront-us-east-1.images.arcpublishing.com\/infobae\/A52Q4FEXQVHGXPP5IAJ2PHEHFA.jpeg 992w,https:\/\/www.infobae.com\/new-resizer\/vALHEFDfKm8puo0J4WGT5SNnP5k=\/1200x1600\/filters:format(webp):quality(85)\/cloudfront-us-east-1.images.arcpublishing.com\/infobae\/A52Q4FEXQVHGXPP5IAJ2PHEHFA.jpeg 1200w\" alt=\"Karina Mazzocco vot\u00f3 en el Balotaje 2023 (Teleshow)\" width=\"1200\" height=\"1600\" data-src=\"https:\/\/www.infobae.com\/new-resizer\/tyqfNmiupdlUWd3Ujkr0-tkzUGs=\/420x560\/filters:format(webp):quality(85)\/cloudfront-us-east-1.images.arcpublishing.com\/infobae\/A52Q4FEXQVHGXPP5IAJ2PHEHFA.jpeg 420w\" \/><\/div>\n<div>\n<p class=\"paragraph\" data-mrf-recirculation=\"Links inline\">Este a\u00f1o\u00a0<b>Andy Kusnetzoff\u00a0<\/b>decidi\u00f3 comprometerse desde adentro con el proceso electoral ejerciendo el rol de presidente de mesa. En esta oportunidad, ya en la \u00faltima vuelta de esta contienda, se fotografi\u00f3 junto a sus compa\u00f1eros de escrutinio con una selfie.<\/p>\n<div class=\"visual__image\"><img loading=\"lazy\" decoding=\"async\" class=\" lazyload\" src=\"https:\/\/www.infobae.com\/new-resizer\/dGB0RPRUXqGwqj_qUShmAP7uivw=\/420x560\/filters:format(webp):quality(85)\/cloudfront-us-east-1.images.arcpublishing.com\/infobae\/MHXMXGAGWJBEJDRAEUXBHIRNKA.JPG%20420w\" sizes=\"auto, (min-width: 1560px) 856px, (min-width: 1000px) calc(74.63vw - 293px), (min-width: 780px) calc(100vw - 376px), (min-width: 580px) calc(100vw - 32px), 100vw\" srcset=\"https:\/\/www.infobae.com\/new-resizer\/dGB0RPRUXqGwqj_qUShmAP7uivw=\/420x560\/filters:format(webp):quality(85)\/cloudfront-us-east-1.images.arcpublishing.com\/infobae\/MHXMXGAGWJBEJDRAEUXBHIRNKA.JPG 420w,https:\/\/www.infobae.com\/new-resizer\/RAUf962WXRNPu8twxFCih_-S2Fo=\/768x1024\/filters:format(webp):quality(85)\/cloudfront-us-east-1.images.arcpublishing.com\/infobae\/MHXMXGAGWJBEJDRAEUXBHIRNKA.JPG 768w,https:\/\/www.infobae.com\/new-resizer\/-oYVvgfUPUV_1EeEqyTDmaSpNMQ=\/992x1323\/filters:format(webp):quality(85)\/cloudfront-us-east-1.images.arcpublishing.com\/infobae\/MHXMXGAGWJBEJDRAEUXBHIRNKA.JPG 992w,https:\/\/www.infobae.com\/new-resizer\/YOB5I7r38eYKi5r-vtbwhe0QDJ4=\/1200x1600\/filters:format(webp):quality(85)\/cloudfront-us-east-1.images.arcpublishing.com\/infobae\/MHXMXGAGWJBEJDRAEUXBHIRNKA.JPG 1200w\" alt=\"Andy Kusnetzoff es presidente de mesa en este Balotaje 2023 (Twitter)\" width=\"265\" height=\"311\" data-src=\"https:\/\/www.infobae.com\/new-resizer\/dGB0RPRUXqGwqj_qUShmAP7uivw=\/420x560\/filters:format(webp):quality(85)\/cloudfront-us-east-1.images.arcpublishing.com\/infobae\/MHXMXGAGWJBEJDRAEUXBHIRNKA.JPG 420w\" \/>Andy Kusnetzoff es presidente de mesa en este Balotaje 2023 (Twitter)<\/div>\n<p class=\"paragraph\" data-mrf-recirculation=\"Links inline\">El periodista\u00a0<b>Juan Di Natale,\u00a0<\/b>coconductor de\u00a0<i>Sobredosis de TV,<\/i>\u00a0tambi\u00e9n cumpli\u00f3 este domingo una funci\u00f3n distinta. Desde adentro del sufragio, se tom\u00f3 una selfie con el resto de las autoridades de mesa. \u201cDice San Mart\u00edn que ten\u00e9s algo importante que hacer hoy. Dale que elegimos Presidente, es hoy, somos nosotros. Vamos Argentina\u201d, escribi\u00f3 junto a la instant\u00e1nea en su cuenta de Instagram.<\/p>\n<div class=\"visual__image\"><img loading=\"lazy\" decoding=\"async\" class=\" lazyload\" src=\"https:\/\/www.infobae.com\/new-resizer\/EBCYcyjnhhyTvXpFt0bSn7YZOgg=\/420x560\/filters:format(webp):quality(85)\/cloudfront-us-east-1.images.arcpublishing.com\/infobae\/SCKXMCYL5RCV7PZPNTKPFXTXR4.JPG%20420w\" sizes=\"auto, (min-width: 1560px) 856px, (min-width: 1000px) calc(74.63vw - 293px), (min-width: 780px) calc(100vw - 376px), (min-width: 580px) calc(100vw - 32px), 100vw\" srcset=\"https:\/\/www.infobae.com\/new-resizer\/EBCYcyjnhhyTvXpFt0bSn7YZOgg=\/420x560\/filters:format(webp):quality(85)\/cloudfront-us-east-1.images.arcpublishing.com\/infobae\/SCKXMCYL5RCV7PZPNTKPFXTXR4.JPG 420w,https:\/\/www.infobae.com\/new-resizer\/tOCE9knfgtXf7JCmS8zFVyuQFm0=\/768x1024\/filters:format(webp):quality(85)\/cloudfront-us-east-1.images.arcpublishing.com\/infobae\/SCKXMCYL5RCV7PZPNTKPFXTXR4.JPG 768w,https:\/\/www.infobae.com\/new-resizer\/hWP7ySYvW4AlbPFkLlikCy7tNYA=\/992x1323\/filters:format(webp):quality(85)\/cloudfront-us-east-1.images.arcpublishing.com\/infobae\/SCKXMCYL5RCV7PZPNTKPFXTXR4.JPG 992w,https:\/\/www.infobae.com\/new-resizer\/_36oJ1DrWyMNrD6ZVbL3c2IVaqc=\/1200x1600\/filters:format(webp):quality(85)\/cloudfront-us-east-1.images.arcpublishing.com\/infobae\/SCKXMCYL5RCV7PZPNTKPFXTXR4.JPG 1200w\" alt=\"Juan Di Natale en la mesa electoral del Balotaje 2023 (Instagram)\" width=\"266\" height=\"339\" data-src=\"https:\/\/www.infobae.com\/new-resizer\/EBCYcyjnhhyTvXpFt0bSn7YZOgg=\/420x560\/filters:format(webp):quality(85)\/cloudfront-us-east-1.images.arcpublishing.com\/infobae\/SCKXMCYL5RCV7PZPNTKPFXTXR4.JPG 420w\" \/>Juan Di Natale en la mesa electoral del Balotaje 2023 (Instagram)<\/div>\n<p class=\"paragraph\" data-mrf-recirculation=\"Links inline\">A pocos d\u00edas de su boda por Civil, Sol P\u00e9rez se present\u00f3 a votar. Con un short de jeans y una camisa blanca, la panelista de Cort\u00e1 por Lozano (Telefe) se mostr\u00f3 agradecida de poder ejercer su derecho a voto.<\/p>\n<div class=\"visual__image\"><img loading=\"lazy\" decoding=\"async\" class=\" lazyload\" src=\"https:\/\/www.infobae.com\/new-resizer\/_UwlFg2hr_045pvbT8oRE7-nBow=\/420x630\/filters:format(webp):quality(85)\/cloudfront-us-east-1.images.arcpublishing.com\/infobae\/6CR7UZHK2FE4TBOYMVVFMB6K2E.jpg%20420w\" sizes=\"auto, (min-width: 1560px) 856px, (min-width: 1000px) calc(74.63vw - 293px), (min-width: 780px) calc(100vw - 376px), (min-width: 580px) calc(100vw - 32px), 100vw\" srcset=\"https:\/\/www.infobae.com\/new-resizer\/_UwlFg2hr_045pvbT8oRE7-nBow=\/420x630\/filters:format(webp):quality(85)\/cloudfront-us-east-1.images.arcpublishing.com\/infobae\/6CR7UZHK2FE4TBOYMVVFMB6K2E.jpg 420w,https:\/\/www.infobae.com\/new-resizer\/Dkabhw4DtnwcJ7qrlVnZGuW3Zzs=\/768x1152\/filters:format(webp):quality(85)\/cloudfront-us-east-1.images.arcpublishing.com\/infobae\/6CR7UZHK2FE4TBOYMVVFMB6K2E.jpg 768w,https:\/\/www.infobae.com\/new-resizer\/QBZCfcJNnlBC3G2__RvPD_0-s3M=\/992x1488\/filters:format(webp):quality(85)\/cloudfront-us-east-1.images.arcpublishing.com\/infobae\/6CR7UZHK2FE4TBOYMVVFMB6K2E.jpg 992w,https:\/\/www.infobae.com\/new-resizer\/brmqSCIfAQUWxN8077bM3Gy1Sw0=\/1200x1800\/filters:format(webp):quality(85)\/cloudfront-us-east-1.images.arcpublishing.com\/infobae\/6CR7UZHK2FE4TBOYMVVFMB6K2E.jpg 1200w\" alt=\"Sol P\u00e9rez en el Balotaje 2023 (Instagram)\" width=\"1290\" height=\"1922\" data-src=\"https:\/\/www.infobae.com\/new-resizer\/_UwlFg2hr_045pvbT8oRE7-nBow=\/420x630\/filters:format(webp):quality(85)\/cloudfront-us-east-1.images.arcpublishing.com\/infobae\/6CR7UZHK2FE4TBOYMVVFMB6K2E.jpg 420w\" \/>Sol P\u00e9rez en el Balotaje 2023 (Instagram)<\/div>\n<p class=\"paragraph\" data-mrf-recirculation=\"Links inline\">El m\u00e9dico\u00a0<b>Guillermo Capuya<\/b>\u00a0cumpli\u00f3 con su deber c\u00edvico y vot\u00f3 en la Facultad de Derecho de la Ciudad de Buenos Aires, como vino haciendo en las \u00faltimas elecciones.<\/p>\n<div class=\"visual__image\"><img loading=\"lazy\" decoding=\"async\" class=\" lazyload\" src=\"https:\/\/www.infobae.com\/new-resizer\/sWb6ki-67kRUFv8wuMASYaXWPOY=\/420x560\/filters:format(webp):quality(85)\/cloudfront-us-east-1.images.arcpublishing.com\/infobae\/MV2VDLSY5VFTBEKR4KIFMT375Y.jpeg%20420w\" sizes=\"auto, (min-width: 1560px) 856px, (min-width: 1000px) calc(74.63vw - 293px), (min-width: 780px) calc(100vw - 376px), (min-width: 580px) calc(100vw - 32px), 100vw\" srcset=\"https:\/\/www.infobae.com\/new-resizer\/sWb6ki-67kRUFv8wuMASYaXWPOY=\/420x560\/filters:format(webp):quality(85)\/cloudfront-us-east-1.images.arcpublishing.com\/infobae\/MV2VDLSY5VFTBEKR4KIFMT375Y.jpeg 420w,https:\/\/www.infobae.com\/new-resizer\/u-2sCN69o3hRD6kQMaoRT7JGYTo=\/768x1024\/filters:format(webp):quality(85)\/cloudfront-us-east-1.images.arcpublishing.com\/infobae\/MV2VDLSY5VFTBEKR4KIFMT375Y.jpeg 768w,https:\/\/www.infobae.com\/new-resizer\/F2KSVgxY39Vwm7lk_eWUZEkkadA=\/992x1323\/filters:format(webp):quality(85)\/cloudfront-us-east-1.images.arcpublishing.com\/infobae\/MV2VDLSY5VFTBEKR4KIFMT375Y.jpeg 992w,https:\/\/www.infobae.com\/new-resizer\/7cdXebU2RNURKoM0vI0m6Ck9Pmk=\/1200x1600\/filters:format(webp):quality(85)\/cloudfront-us-east-1.images.arcpublishing.com\/infobae\/MV2VDLSY5VFTBEKR4KIFMT375Y.jpeg 1200w\" alt=\"Guillermo Capuya ejerci\u00f3 su derecho al voto en el Balotaje 2023 (Teleshow)\" width=\"776\" height=\"1024\" data-src=\"https:\/\/www.infobae.com\/new-resizer\/sWb6ki-67kRUFv8wuMASYaXWPOY=\/420x560\/filters:format(webp):quality(85)\/cloudfront-us-east-1.images.arcpublishing.com\/infobae\/MV2VDLSY5VFTBEKR4KIFMT375Y.jpeg 420w\" \/><\/div>\n<\/div>\n<\/div>\n<\/div>\n<div class=\"article-tags-container\" data-mrf-recirculation=\"Temas Relacionados\">\n<div data-mrf-experience=\"IL_1GooekMSSL25CqZIgYDtqw\">\n<div data-mrf-recirculation=\"IL_1GooekMSSL25CqZIgYDtqw\" data-testid=\"text-html\">\n<div class=\"trending-wrapper\">\n<p class=\"paragraph\" data-mrf-recirculation=\"Links inline\">\u00a0<b>Pampita Ardohain<\/b>\u00a0vot\u00f3 junto a su hija\u00a0<b>Ana\u00a0<\/b>en brazos. Carolina, con un pantal\u00f3n de color camel y una camisa blanca le permiti\u00f3 a su nena colocar el sobre adentro de la urna.<\/p>\n<div class=\"visual__image\"><img loading=\"lazy\" decoding=\"async\" class=\" lazyload\" src=\"https:\/\/www.infobae.com\/new-resizer\/NlpjmDto0Fw5tKQESgUZPapIb-o=\/420x560\/filters:format(webp):quality(85)\/cloudfront-us-east-1.images.arcpublishing.com\/infobae\/USC45DE4ORAKDK2QEO5I5LRVR4.jpg%20420w\" sizes=\"auto, (min-width: 1560px) 856px, (min-width: 1000px) calc(74.63vw - 293px), (min-width: 780px) calc(100vw - 376px), (min-width: 580px) calc(100vw - 32px), 100vw\" srcset=\"https:\/\/www.infobae.com\/new-resizer\/NlpjmDto0Fw5tKQESgUZPapIb-o=\/420x560\/filters:format(webp):quality(85)\/cloudfront-us-east-1.images.arcpublishing.com\/infobae\/USC45DE4ORAKDK2QEO5I5LRVR4.jpg 420w,https:\/\/www.infobae.com\/new-resizer\/j_FPca0rzri0aHeL2ym6-UI8r6I=\/768x1024\/filters:format(webp):quality(85)\/cloudfront-us-east-1.images.arcpublishing.com\/infobae\/USC45DE4ORAKDK2QEO5I5LRVR4.jpg 768w,https:\/\/www.infobae.com\/new-resizer\/gzYXAhSSFv6E4_E9Qi7Dmcw-bkY=\/992x1323\/filters:format(webp):quality(85)\/cloudfront-us-east-1.images.arcpublishing.com\/infobae\/USC45DE4ORAKDK2QEO5I5LRVR4.jpg 992w,https:\/\/www.infobae.com\/new-resizer\/5CFPovqEV5e_ZbHWY4uJ3agsXAg=\/1200x1600\/filters:format(webp):quality(85)\/cloudfront-us-east-1.images.arcpublishing.com\/infobae\/USC45DE4ORAKDK2QEO5I5LRVR4.jpg 1200w\" alt=\"Pampita emiti\u00f3 su voto junto a su hija Ana Morit\u00e1n en brazos (Instagram)\" width=\"1080\" height=\"1350\" data-src=\"https:\/\/www.infobae.com\/new-resizer\/NlpjmDto0Fw5tKQESgUZPapIb-o=\/420x560\/filters:format(webp):quality(85)\/cloudfront-us-east-1.images.arcpublishing.com\/infobae\/USC45DE4ORAKDK2QEO5I5LRVR4.jpg 420w\" \/>Pampita emiti\u00f3 su voto junto a su hija Ana Morit\u00e1n en brazos (Instagram)<\/div>\n<p class=\"paragraph\" data-mrf-recirculation=\"Links inline\"><b>Marcelo Tinelli\u00a0<\/b>lleg\u00f3 un rato antes de las 17 para sufragar en este balotaje 2023. En esta ocasi\u00f3n, lo hizo sin su hijo Lorenzo a su lado.<\/p>\n<div class=\"visual__image\"><img loading=\"lazy\" decoding=\"async\" class=\" lazyload\" src=\"https:\/\/www.infobae.com\/new-resizer\/DqItMimhNwKMi7szqOUql4sqMuc=\/420x280\/filters:format(webp):quality(85)\/cloudfront-us-east-1.images.arcpublishing.com\/infobae\/ARM4ZZGWTNAVPBKSUGK26RCW6E.JPG%20420w\" sizes=\"auto, (min-width: 1560px) 856px, (min-width: 1000px) calc(74.63vw - 293px), (min-width: 780px) calc(100vw - 376px), (min-width: 580px) calc(100vw - 32px), 100vw\" srcset=\"https:\/\/www.infobae.com\/new-resizer\/DqItMimhNwKMi7szqOUql4sqMuc=\/420x280\/filters:format(webp):quality(85)\/cloudfront-us-east-1.images.arcpublishing.com\/infobae\/ARM4ZZGWTNAVPBKSUGK26RCW6E.JPG 420w,https:\/\/www.infobae.com\/new-resizer\/Fg5Kf3ho8Dq2WbOTHNazb0mCVcw=\/768x512\/filters:format(webp):quality(85)\/cloudfront-us-east-1.images.arcpublishing.com\/infobae\/ARM4ZZGWTNAVPBKSUGK26RCW6E.JPG 768w,https:\/\/www.infobae.com\/new-resizer\/2jRRiPX_5g-yPPi5KhzCJJQYF7E=\/992x661\/filters:format(webp):quality(85)\/cloudfront-us-east-1.images.arcpublishing.com\/infobae\/ARM4ZZGWTNAVPBKSUGK26RCW6E.JPG 992w,https:\/\/www.infobae.com\/new-resizer\/bFg6agDVny8H3oHd06HPpDhbrDk=\/1200x800\/filters:format(webp):quality(85)\/cloudfront-us-east-1.images.arcpublishing.com\/infobae\/ARM4ZZGWTNAVPBKSUGK26RCW6E.JPG 1200w,https:\/\/www.infobae.com\/new-resizer\/utyNfaUJT5tjBAm1GlE0grIjXoc=\/1440x960\/filters:format(webp):quality(85)\/cloudfront-us-east-1.images.arcpublishing.com\/infobae\/ARM4ZZGWTNAVPBKSUGK26RCW6E.JPG 1440w\" alt=\"Marcelo Tinelli vot\u00f3 en el balotaje 2023 (RS Fotos)\" width=\"3648\" height=\"2432\" data-src=\"https:\/\/www.infobae.com\/new-resizer\/DqItMimhNwKMi7szqOUql4sqMuc=\/420x280\/filters:format(webp):quality(85)\/cloudfront-us-east-1.images.arcpublishing.com\/infobae\/ARM4ZZGWTNAVPBKSUGK26RCW6E.JPG 420w\" \/><\/div>\n<div>\n<p class=\"paragraph\" data-mrf-recirculation=\"Links inline\"><b>Pamela David\u00a0<\/b>dijo presente en el establecimiento de votaci\u00f3n. Con un look en gris perla, de pantal\u00f3n y t-shirt sin mangas, desliz\u00f3 su voto adentro de la urna.<\/p>\n<div class=\"visual__image\"><img loading=\"lazy\" decoding=\"async\" class=\" lazyload\" src=\"https:\/\/www.infobae.com\/new-resizer\/CPHkrnythuFNItvik2psjdN0Uqs=\/420x630\/filters:format(webp):quality(85)\/cloudfront-us-east-1.images.arcpublishing.com\/infobae\/LAOSX3WA2RC2FJUJ2YDXIW2IGA.jpg%20420w\" sizes=\"auto, (min-width: 1560px) 856px, (min-width: 1000px) calc(74.63vw - 293px), (min-width: 780px) calc(100vw - 376px), (min-width: 580px) calc(100vw - 32px), 100vw\" srcset=\"https:\/\/www.infobae.com\/new-resizer\/CPHkrnythuFNItvik2psjdN0Uqs=\/420x630\/filters:format(webp):quality(85)\/cloudfront-us-east-1.images.arcpublishing.com\/infobae\/LAOSX3WA2RC2FJUJ2YDXIW2IGA.jpg 420w,https:\/\/www.infobae.com\/new-resizer\/pRYEPRswT4jT6cqy-McbyZd1Z08=\/768x1152\/filters:format(webp):quality(85)\/cloudfront-us-east-1.images.arcpublishing.com\/infobae\/LAOSX3WA2RC2FJUJ2YDXIW2IGA.jpg 768w,https:\/\/www.infobae.com\/new-resizer\/a_fiyGiDgCNoazsGxNTFtfZSPcA=\/992x1488\/filters:format(webp):quality(85)\/cloudfront-us-east-1.images.arcpublishing.com\/infobae\/LAOSX3WA2RC2FJUJ2YDXIW2IGA.jpg 992w,https:\/\/www.infobae.com\/new-resizer\/adT99ThEEh7Un98J96IADLB10Bc=\/1200x1800\/filters:format(webp):quality(85)\/cloudfront-us-east-1.images.arcpublishing.com\/infobae\/LAOSX3WA2RC2FJUJ2YDXIW2IGA.jpg 1200w\" alt=\"Pamela David fue a votar en la \u00faltima instancia de las Elecciones 2023 (RS Fotos)\" width=\"853\" height=\"1280\" data-src=\"https:\/\/www.infobae.com\/new-resizer\/CPHkrnythuFNItvik2psjdN0Uqs=\/420x630\/filters:format(webp):quality(85)\/cloudfront-us-east-1.images.arcpublishing.com\/infobae\/LAOSX3WA2RC2FJUJ2YDXIW2IGA.jpg 420w\" \/>Pamela David fue a votar en la \u00faltima instancia de las Elecciones 2023 (RS Fotos)<\/div>\n<p class=\"paragraph\" data-mrf-recirculation=\"Links inline\"><b>Guillermina Valdes<\/b>\u00a0lleg\u00f3 sola al lugar del sufragio en este mediod\u00eda de domingo de elecciones. Enfundada en un equipo negro compuesto por jeans y musculosa, vot\u00f3 y parti\u00f3 r\u00e1pido a su hogar.<\/p>\n<div class=\"visual__image\"><img loading=\"lazy\" decoding=\"async\" class=\" lazyload\" src=\"https:\/\/www.infobae.com\/new-resizer\/F4-TNmHkXro88-ZYia23sV6Ny0c=\/420x630\/filters:format(webp):quality(85)\/cloudfront-us-east-1.images.arcpublishing.com\/infobae\/5PYEPM6KCBFWHIWDEROXOBMXVQ.JPG%20420w\" sizes=\"auto, (min-width: 1560px) 856px, (min-width: 1000px) calc(74.63vw - 293px), (min-width: 780px) calc(100vw - 376px), (min-width: 580px) calc(100vw - 32px), 100vw\" srcset=\"https:\/\/www.infobae.com\/new-resizer\/F4-TNmHkXro88-ZYia23sV6Ny0c=\/420x630\/filters:format(webp):quality(85)\/cloudfront-us-east-1.images.arcpublishing.com\/infobae\/5PYEPM6KCBFWHIWDEROXOBMXVQ.JPG 420w,https:\/\/www.infobae.com\/new-resizer\/j47CFfFSFUQ4-tPEBjXon6id8UQ=\/768x1152\/filters:format(webp):quality(85)\/cloudfront-us-east-1.images.arcpublishing.com\/infobae\/5PYEPM6KCBFWHIWDEROXOBMXVQ.JPG 768w,https:\/\/www.infobae.com\/new-resizer\/0abYMSWkcvrMcsrIwffFOoyh2h4=\/992x1488\/filters:format(webp):quality(85)\/cloudfront-us-east-1.images.arcpublishing.com\/infobae\/5PYEPM6KCBFWHIWDEROXOBMXVQ.JPG 992w,https:\/\/www.infobae.com\/new-resizer\/K7kt6lbsJPP2vAg6NezTpldUdaY=\/1200x1800\/filters:format(webp):quality(85)\/cloudfront-us-east-1.images.arcpublishing.com\/infobae\/5PYEPM6KCBFWHIWDEROXOBMXVQ.JPG 1200w\" alt=\"Guillermina Valdes en las Elecciones 2023 (RS Fotos)\" width=\"1920\" height=\"2880\" data-src=\"https:\/\/www.infobae.com\/new-resizer\/F4-TNmHkXro88-ZYia23sV6Ny0c=\/420x630\/filters:format(webp):quality(85)\/cloudfront-us-east-1.images.arcpublishing.com\/infobae\/5PYEPM6KCBFWHIWDEROXOBMXVQ.JPG 420w\" \/>Guillermina Valdes en las Elecciones 2023 (RS Fotos)<\/div>\n<\/div>\n<\/div>\n<\/div>\n<\/div>\n<\/div>\n","protected":false},"excerpt":{"rendered":"<p>Este domingo 19 de noviembre se define qui\u00e9n ser\u00e1 el pr\u00f3ximo mandatario y las celebridades tambi\u00e9n cumplieron con su deber c\u00edvico Tras varias instancias de votaci\u00f3n &#8211; las elecciones Primarias Abiertas Simult\u00e1neas y Obligatorias (PASO) y luego las Generales &#8211; los argentinos deciden este domingo 19 de noviembre entre las dos fuerzas pol\u00edticas: Sergio Massa [&hellip;]<\/p>\n","protected":false},"author":1,"featured_media":101170,"comment_status":"closed","ping_status":"closed","sticky":false,"template":"","format":"standard","meta":{"_seopress_robots_primary_cat":"","_seopress_titles_title":"","_seopress_titles_desc":"","_seopress_robots_index":"","footnotes":""},"categories":[4],"tags":[38566,38499],"class_list":{"0":"post-101169","1":"post","2":"type-post","3":"status-publish","4":"format-standard","5":"has-post-thumbnail","7":"category-famosos","8":"tag-balotaje-2023","9":"tag-elecciones-presidenciales-2023"},"_links":{"self":[{"href":"https:\/\/www.cordobatimes.com\/showup\/wp-json\/wp\/v2\/posts\/101169","targetHints":{"allow":["GET"]}}],"collection":[{"href":"https:\/\/www.cordobatimes.com\/showup\/wp-json\/wp\/v2\/posts"}],"about":[{"href":"https:\/\/www.cordobatimes.com\/showup\/wp-json\/wp\/v2\/types\/post"}],"author":[{"embeddable":true,"href":"https:\/\/www.cordobatimes.com\/showup\/wp-json\/wp\/v2\/users\/1"}],"replies":[{"embeddable":true,"href":"https:\/\/www.cordobatimes.com\/showup\/wp-json\/wp\/v2\/comments?post=101169"}],"version-history":[{"count":0,"href":"https:\/\/www.cordobatimes.com\/showup\/wp-json\/wp\/v2\/posts\/101169\/revisions"}],"wp:featuredmedia":[{"embeddable":true,"href":"https:\/\/www.cordobatimes.com\/showup\/wp-json\/wp\/v2\/media\/101170"}],"wp:attachment":[{"href":"https:\/\/www.cordobatimes.com\/showup\/wp-json\/wp\/v2\/media?parent=101169"}],"wp:term":[{"taxonomy":"category","embeddable":true,"href":"https:\/\/www.cordobatimes.com\/showup\/wp-json\/wp\/v2\/categories?post=101169"},{"taxonomy":"post_tag","embeddable":true,"href":"https:\/\/www.cordobatimes.com\/showup\/wp-json\/wp\/v2\/tags?post=101169"}],"curies":[{"name":"wp","href":"https:\/\/api.w.org\/{rel}","templated":true}]}}