{"id":101145,"date":"2023-11-17T09:56:02","date_gmt":"2023-11-17T12:56:02","guid":{"rendered":"https:\/\/www.cordobatimes.com\/showup\/?p=101145"},"modified":"2023-11-17T09:56:02","modified_gmt":"2023-11-17T12:56:02","slug":"los-looks-de-la-alfombra-roja-de-los-premios-latin-grammy-2023","status":"publish","type":"post","link":"https:\/\/www.cordobatimes.com\/showup\/moda-y-estilos\/2023\/11\/17\/los-looks-de-la-alfombra-roja-de-los-premios-latin-grammy-2023\/","title":{"rendered":"Los looks de la alfombra roja de los Premios Latin Grammy 2023"},"content":{"rendered":"<h3><strong>Espa\u00f1a se viste de gala para recibir a las figuras de la m\u00fasica latina, con el Centro de Conferencias y Exposiciones de Sevilla como escenario.<\/strong><\/h3>\n<p>Con el\u00a0Centro de Conferencias y Exposiciones\u00a0(FIBES) de\u00a0Sevilla\u00a0como escenario, las m\u00e1ximas estrellas de la m\u00fasica latina se dan cita, por primera vez fuera de Estados Unidos, para asistir a los\u00a0Premios Latin Grammy 2023 en Espa\u00f1a.<\/p>\n<h3 class=\"header headline-class-h2\"><strong>Todos los looks de la alfombra roja<\/strong><\/h3>\n<div class=\"inline ad-wrapper\">\n<div class=\"dfpAd ad-inline\">\n<div id=\"infobae\/tendencias\/nota\/inline\" class=\"infobae\/tendencias\/nota\/inline arcad\" data-google-query-id=\"CLTBj8mGy4IDFYBRuAQd_lcCvw\">\n<div id=\"google_ads_iframe_\/1058609\/infobae\/tendencias\/nota\/inline_0__container__\"><iframe id=\"google_ads_iframe_\/1058609\/infobae\/tendencias\/nota\/inline_0\" tabindex=\"0\" title=\"3rd party ad content\" role=\"region\" name=\"google_ads_iframe_\/1058609\/infobae\/tendencias\/nota\/inline_0\" width=\"1\" height=\"1\" frameborder=\"0\" marginwidth=\"0\" marginheight=\"0\" scrolling=\"no\" aria-label=\"Advertisement\" data-load-complete=\"true\" data-google-container-id=\"4\" data-mce-fragment=\"1\"><\/iframe><\/div>\n<\/div>\n<\/div>\n<\/div>\n<p class=\"paragraph\" data-mrf-recirculation=\"Links inline\"><b>Julieta Venegas<\/b><\/p>\n<div class=\"visual__image\"><img loading=\"lazy\" decoding=\"async\" class=\" lazyload\" src=\"https:\/\/www.infobae.com\/new-resizer\/hbnwK80oA7BKAou20eNkh9iV22k=\/420x630\/filters:format(webp):quality(85)\/cloudfront-us-east-1.images.arcpublishing.com\/infobae\/CJVEIBSMFBFIRPT3QJMVCZR24A.jpg%20420w\" sizes=\"auto, (min-width: 1560px) 856px, (min-width: 1000px) calc(74.63vw - 293px), (min-width: 780px) calc(100vw - 376px), (min-width: 580px) calc(100vw - 32px), 100vw\" srcset=\"https:\/\/www.infobae.com\/new-resizer\/hbnwK80oA7BKAou20eNkh9iV22k=\/420x630\/filters:format(webp):quality(85)\/cloudfront-us-east-1.images.arcpublishing.com\/infobae\/CJVEIBSMFBFIRPT3QJMVCZR24A.jpg 420w,https:\/\/www.infobae.com\/new-resizer\/9r5hZaY_lXzMStMHmEgJK28Omck=\/768x1152\/filters:format(webp):quality(85)\/cloudfront-us-east-1.images.arcpublishing.com\/infobae\/CJVEIBSMFBFIRPT3QJMVCZR24A.jpg 768w,https:\/\/www.infobae.com\/new-resizer\/C9vrjJ2l_9DrqKQvMgu51qnwsWw=\/992x1488\/filters:format(webp):quality(85)\/cloudfront-us-east-1.images.arcpublishing.com\/infobae\/CJVEIBSMFBFIRPT3QJMVCZR24A.jpg 992w,https:\/\/www.infobae.com\/new-resizer\/0JMPIjrEmjq3KysEwKUaBZMJ9WE=\/1200x1800\/filters:format(webp):quality(85)\/cloudfront-us-east-1.images.arcpublishing.com\/infobae\/CJVEIBSMFBFIRPT3QJMVCZR24A.jpg 1200w\" alt=\"La cantante Julieta Venegas posa durante el photocall previo a la gala de entrega de los Latin Grammy 2023, en el Palacio de Congresos de Sevilla, \nEuropa Press\" width=\"720\" height=\"1080\" data-src=\"https:\/\/www.infobae.com\/new-resizer\/hbnwK80oA7BKAou20eNkh9iV22k=\/420x630\/filters:format(webp):quality(85)\/cloudfront-us-east-1.images.arcpublishing.com\/infobae\/CJVEIBSMFBFIRPT3QJMVCZR24A.jpg 420w\" \/><\/div>\n<p class=\"paragraph\" data-mrf-recirculation=\"Links inline\"><b>Rosal\u00eda<\/b><\/p>\n<div class=\"visual__image\"><img loading=\"lazy\" decoding=\"async\" class=\" lazyload\" src=\"https:\/\/www.infobae.com\/new-resizer\/h0fxUbMJG9mLCkOdm2Y5T43H-_4=\/420x630\/filters:format(webp):quality(85)\/cloudfront-us-east-1.images.arcpublishing.com\/infobae\/WOEW7CKFNFFA5OFVTC3C5XBJGA.jpg%20420w\" sizes=\"auto, (min-width: 1560px) 856px, (min-width: 1000px) calc(74.63vw - 293px), (min-width: 780px) calc(100vw - 376px), (min-width: 580px) calc(100vw - 32px), 100vw\" srcset=\"https:\/\/www.infobae.com\/new-resizer\/h0fxUbMJG9mLCkOdm2Y5T43H-_4=\/420x630\/filters:format(webp):quality(85)\/cloudfront-us-east-1.images.arcpublishing.com\/infobae\/WOEW7CKFNFFA5OFVTC3C5XBJGA.jpg 420w,https:\/\/www.infobae.com\/new-resizer\/Dw9UgTyCr8Yng7Pwkbi2NDTYITs=\/768x1152\/filters:format(webp):quality(85)\/cloudfront-us-east-1.images.arcpublishing.com\/infobae\/WOEW7CKFNFFA5OFVTC3C5XBJGA.jpg 768w,https:\/\/www.infobae.com\/new-resizer\/Dm-y1KZrJ47lC7fKfyarODoFboo=\/992x1488\/filters:format(webp):quality(85)\/cloudfront-us-east-1.images.arcpublishing.com\/infobae\/WOEW7CKFNFFA5OFVTC3C5XBJGA.jpg 992w,https:\/\/www.infobae.com\/new-resizer\/wKkGZALG7ksJKvezid37B8fSo4c=\/1200x1800\/filters:format(webp):quality(85)\/cloudfront-us-east-1.images.arcpublishing.com\/infobae\/WOEW7CKFNFFA5OFVTC3C5XBJGA.jpg 1200w\" alt=\"La cantante Rosal\u00eda luci\u00f3 en la alfombra roja una jugada pero muy bien recibida trasparencia\nRoc\u00edo Ruz \/ Europa Press\n\" width=\"720\" height=\"1080\" data-src=\"https:\/\/www.infobae.com\/new-resizer\/h0fxUbMJG9mLCkOdm2Y5T43H-_4=\/420x630\/filters:format(webp):quality(85)\/cloudfront-us-east-1.images.arcpublishing.com\/infobae\/WOEW7CKFNFFA5OFVTC3C5XBJGA.jpg 420w\" \/><\/div>\n<p class=\"paragraph\" data-mrf-recirculation=\"Links inline\"><b>Bizarrap<\/b><\/p>\n<div class=\"visual__image\"><img loading=\"lazy\" decoding=\"async\" class=\" lazyload\" src=\"https:\/\/www.infobae.com\/new-resizer\/vbX9Rl3hFRLZedTeZjVY9gIDTpU=\/420x630\/filters:format(webp):quality(85)\/cloudfront-us-east-1.images.arcpublishing.com\/infobae\/3O5R3EYBDBCENABWAOIOUSMS6U.jpg%20420w\" sizes=\"auto, (min-width: 1560px) 856px, (min-width: 1000px) calc(74.63vw - 293px), (min-width: 780px) calc(100vw - 376px), (min-width: 580px) calc(100vw - 32px), 100vw\" srcset=\"https:\/\/www.infobae.com\/new-resizer\/vbX9Rl3hFRLZedTeZjVY9gIDTpU=\/420x630\/filters:format(webp):quality(85)\/cloudfront-us-east-1.images.arcpublishing.com\/infobae\/3O5R3EYBDBCENABWAOIOUSMS6U.jpg 420w,https:\/\/www.infobae.com\/new-resizer\/BdMl2lFg20yHDynla5ro9CjiA0g=\/768x1152\/filters:format(webp):quality(85)\/cloudfront-us-east-1.images.arcpublishing.com\/infobae\/3O5R3EYBDBCENABWAOIOUSMS6U.jpg 768w,https:\/\/www.infobae.com\/new-resizer\/L-XXAsLDrMccV6tvav3uPnNg9LQ=\/992x1488\/filters:format(webp):quality(85)\/cloudfront-us-east-1.images.arcpublishing.com\/infobae\/3O5R3EYBDBCENABWAOIOUSMS6U.jpg 992w,https:\/\/www.infobae.com\/new-resizer\/8d4cMEgRP3idkt6RJo8SQWqOris=\/1200x1800\/filters:format(webp):quality(85)\/cloudfront-us-east-1.images.arcpublishing.com\/infobae\/3O5R3EYBDBCENABWAOIOUSMS6U.jpg 1200w\" alt=\"El productor argentino Bizarrap posa para los fot\u00f3grafos en la alfombra roja de la gala anual de los Latin Grammy, con un look sobrio y elegante EFE\/Jorge Zapata\n\" width=\"2668\" height=\"4001\" data-src=\"https:\/\/www.infobae.com\/new-resizer\/vbX9Rl3hFRLZedTeZjVY9gIDTpU=\/420x630\/filters:format(webp):quality(85)\/cloudfront-us-east-1.images.arcpublishing.com\/infobae\/3O5R3EYBDBCENABWAOIOUSMS6U.jpg 420w\" \/><\/div>\n<p class=\"paragraph\" data-mrf-recirculation=\"Links inline\"><b>Nicki Nicole<\/b><\/p>\n<div class=\"visual__image\"><img loading=\"lazy\" decoding=\"async\" class=\" lazyload\" src=\"https:\/\/www.infobae.com\/new-resizer\/0HCXq_zsDF-jkrcsBqOKP9x9HiA=\/420x280\/filters:format(webp):quality(85)\/cloudfront-us-east-1.images.arcpublishing.com\/infobae\/YYECTDE3B5JYQGCK3LL6ZYV6PU.jpg%20420w\" sizes=\"auto, (min-width: 1560px) 856px, (min-width: 1000px) calc(74.63vw - 293px), (min-width: 780px) calc(100vw - 376px), (min-width: 580px) calc(100vw - 32px), 100vw\" srcset=\"https:\/\/www.infobae.com\/new-resizer\/0HCXq_zsDF-jkrcsBqOKP9x9HiA=\/420x280\/filters:format(webp):quality(85)\/cloudfront-us-east-1.images.arcpublishing.com\/infobae\/YYECTDE3B5JYQGCK3LL6ZYV6PU.jpg 420w,https:\/\/www.infobae.com\/new-resizer\/eabfuaucLLT3yWKexb1R6EfFfnE=\/768x512\/filters:format(webp):quality(85)\/cloudfront-us-east-1.images.arcpublishing.com\/infobae\/YYECTDE3B5JYQGCK3LL6ZYV6PU.jpg 768w,https:\/\/www.infobae.com\/new-resizer\/p6dC5oohKvhVyQtH2h4KFjltvU0=\/992x661\/filters:format(webp):quality(85)\/cloudfront-us-east-1.images.arcpublishing.com\/infobae\/YYECTDE3B5JYQGCK3LL6ZYV6PU.jpg 992w,https:\/\/www.infobae.com\/new-resizer\/HfwoRmzG2SKFFgGrdUJbx7z4Bis=\/1200x800\/filters:format(webp):quality(85)\/cloudfront-us-east-1.images.arcpublishing.com\/infobae\/YYECTDE3B5JYQGCK3LL6ZYV6PU.jpg 1200w,https:\/\/www.infobae.com\/new-resizer\/CyjI3oBFWwRsA9ppGSbPsrc5jhY=\/1440x960\/filters:format(webp):quality(85)\/cloudfront-us-east-1.images.arcpublishing.com\/infobae\/YYECTDE3B5JYQGCK3LL6ZYV6PU.jpg 1440w\" alt=\"La argentina Nicki Nicole, una de las presencias m\u00e1s esperadas de la jornada \/REUTERS\/Marcelo del Pozo\" width=\"5500\" height=\"3667\" data-src=\"https:\/\/www.infobae.com\/new-resizer\/0HCXq_zsDF-jkrcsBqOKP9x9HiA=\/420x280\/filters:format(webp):quality(85)\/cloudfront-us-east-1.images.arcpublishing.com\/infobae\/YYECTDE3B5JYQGCK3LL6ZYV6PU.jpg 420w\" \/><\/div>\n<p class=\"paragraph\" data-mrf-recirculation=\"Links inline\"><b>Mar\u00eda Becerra<\/b><\/p>\n<div class=\"visual__image\"><img loading=\"lazy\" decoding=\"async\" class=\" lazyload\" src=\"https:\/\/www.infobae.com\/new-resizer\/pWtALAEk3aHl_4QCiwi9l5AYJC4=\/420x630\/filters:format(webp):quality(85)\/cloudfront-us-east-1.images.arcpublishing.com\/infobae\/C2DHPKYYMBHTBGAL22HIMTS6PE.jpg%20420w\" sizes=\"auto, (min-width: 1560px) 856px, (min-width: 1000px) calc(74.63vw - 293px), (min-width: 780px) calc(100vw - 376px), (min-width: 580px) calc(100vw - 32px), 100vw\" srcset=\"https:\/\/www.infobae.com\/new-resizer\/pWtALAEk3aHl_4QCiwi9l5AYJC4=\/420x630\/filters:format(webp):quality(85)\/cloudfront-us-east-1.images.arcpublishing.com\/infobae\/C2DHPKYYMBHTBGAL22HIMTS6PE.jpg 420w,https:\/\/www.infobae.com\/new-resizer\/PTQ3N3zw30-bDjFYohWujSQDr9I=\/768x1152\/filters:format(webp):quality(85)\/cloudfront-us-east-1.images.arcpublishing.com\/infobae\/C2DHPKYYMBHTBGAL22HIMTS6PE.jpg 768w,https:\/\/www.infobae.com\/new-resizer\/mfEq1Oa764a80FtsZVUydTgHn8I=\/992x1488\/filters:format(webp):quality(85)\/cloudfront-us-east-1.images.arcpublishing.com\/infobae\/C2DHPKYYMBHTBGAL22HIMTS6PE.jpg 992w,https:\/\/www.infobae.com\/new-resizer\/LH668lDav84Pg047Yah7MALmJPg=\/1200x1800\/filters:format(webp):quality(85)\/cloudfront-us-east-1.images.arcpublishing.com\/infobae\/C2DHPKYYMBHTBGAL22HIMTS6PE.jpg 1200w\" alt=\"Mar\u00eda Becerra y un look que, como siempre, despierta los elogios de los dise\u00f1adores  (Photo by Vianney Le Caer\/Invision\/AP)\" width=\"683\" height=\"1024\" data-src=\"https:\/\/www.infobae.com\/new-resizer\/pWtALAEk3aHl_4QCiwi9l5AYJC4=\/420x630\/filters:format(webp):quality(85)\/cloudfront-us-east-1.images.arcpublishing.com\/infobae\/C2DHPKYYMBHTBGAL22HIMTS6PE.jpg 420w\" \/><\/div>\n<p class=\"paragraph\" data-mrf-recirculation=\"Links inline\"><b>Lola Indigo<\/b><\/p>\n<div class=\"visual__image\"><img loading=\"lazy\" decoding=\"async\" class=\" lazyload\" src=\"https:\/\/www.infobae.com\/new-resizer\/Bf_z9LpH1xlRkdpn1ynimk55njQ=\/420x630\/filters:format(webp):quality(85)\/cloudfront-us-east-1.images.arcpublishing.com\/infobae\/WACQH5JJD2V6AW3TVEM7JAZREM.jpg%20420w\" sizes=\"auto, (min-width: 1560px) 856px, (min-width: 1000px) calc(74.63vw - 293px), (min-width: 780px) calc(100vw - 376px), (min-width: 580px) calc(100vw - 32px), 100vw\" srcset=\"https:\/\/www.infobae.com\/new-resizer\/Bf_z9LpH1xlRkdpn1ynimk55njQ=\/420x630\/filters:format(webp):quality(85)\/cloudfront-us-east-1.images.arcpublishing.com\/infobae\/WACQH5JJD2V6AW3TVEM7JAZREM.jpg 420w,https:\/\/www.infobae.com\/new-resizer\/rBJeBgSEXQ5k-i7FWDo_bvoWMH8=\/768x1152\/filters:format(webp):quality(85)\/cloudfront-us-east-1.images.arcpublishing.com\/infobae\/WACQH5JJD2V6AW3TVEM7JAZREM.jpg 768w,https:\/\/www.infobae.com\/new-resizer\/snqwSARjDfYiio3pJ-n8GgzwE00=\/992x1488\/filters:format(webp):quality(85)\/cloudfront-us-east-1.images.arcpublishing.com\/infobae\/WACQH5JJD2V6AW3TVEM7JAZREM.jpg 992w,https:\/\/www.infobae.com\/new-resizer\/WwywmV8FXdM4OWjqnxFkTjDa5xg=\/1200x1800\/filters:format(webp):quality(85)\/cloudfront-us-east-1.images.arcpublishing.com\/infobae\/WACQH5JJD2V6AW3TVEM7JAZREM.jpg 1200w\" alt=\"La cantante Lola Indigo opt\u00f3 por el violeta para esta gala \/REUTERS\/Marcelo del Pozo\" width=\"3615\" height=\"5500\" data-src=\"https:\/\/www.infobae.com\/new-resizer\/Bf_z9LpH1xlRkdpn1ynimk55njQ=\/420x630\/filters:format(webp):quality(85)\/cloudfront-us-east-1.images.arcpublishing.com\/infobae\/WACQH5JJD2V6AW3TVEM7JAZREM.jpg 420w\" \/><\/div>\n<p class=\"paragraph\" data-mrf-recirculation=\"Links inline\"><b>Nathy Peluso<\/b><\/p>\n<div class=\"visual__image\"><img loading=\"lazy\" decoding=\"async\" class=\" lazyload\" src=\"https:\/\/www.infobae.com\/new-resizer\/bcDBKqsqkZXJvH_1anKixCvv1eA=\/420x630\/filters:format(webp):quality(85)\/cloudfront-us-east-1.images.arcpublishing.com\/infobae\/Z7UKX2ISSP43HB5EE5WALUCMGE.jpg%20420w\" sizes=\"auto, (min-width: 1560px) 856px, (min-width: 1000px) calc(74.63vw - 293px), (min-width: 780px) calc(100vw - 376px), (min-width: 580px) calc(100vw - 32px), 100vw\" srcset=\"https:\/\/www.infobae.com\/new-resizer\/bcDBKqsqkZXJvH_1anKixCvv1eA=\/420x630\/filters:format(webp):quality(85)\/cloudfront-us-east-1.images.arcpublishing.com\/infobae\/Z7UKX2ISSP43HB5EE5WALUCMGE.jpg 420w,https:\/\/www.infobae.com\/new-resizer\/1t_EZOeULCsA43Iuia05FEgflyc=\/768x1152\/filters:format(webp):quality(85)\/cloudfront-us-east-1.images.arcpublishing.com\/infobae\/Z7UKX2ISSP43HB5EE5WALUCMGE.jpg 768w,https:\/\/www.infobae.com\/new-resizer\/6gB32ZBc58zVLxo7iEgHsDAR6ts=\/992x1488\/filters:format(webp):quality(85)\/cloudfront-us-east-1.images.arcpublishing.com\/infobae\/Z7UKX2ISSP43HB5EE5WALUCMGE.jpg 992w,https:\/\/www.infobae.com\/new-resizer\/cwLOD0zwgt_3M0lID3XUruk0z_Y=\/1200x1800\/filters:format(webp):quality(85)\/cloudfront-us-east-1.images.arcpublishing.com\/infobae\/Z7UKX2ISSP43HB5EE5WALUCMGE.jpg 1200w\" alt=\"Nathy Peluso y un vestido rojo furioso que se llev\u00f3 todas las miradas junto a las joyas de Rabat\nREUTERS\/Marcelo del Pozo\" width=\"3481\" height=\"5500\" data-src=\"https:\/\/www.infobae.com\/new-resizer\/bcDBKqsqkZXJvH_1anKixCvv1eA=\/420x630\/filters:format(webp):quality(85)\/cloudfront-us-east-1.images.arcpublishing.com\/infobae\/Z7UKX2ISSP43HB5EE5WALUCMGE.jpg 420w\" \/><\/div>\n<p class=\"paragraph\" data-mrf-recirculation=\"Links inline\"><b>Alejandro Sanz<\/b><\/p>\n<div class=\"visual__image\"><img loading=\"lazy\" decoding=\"async\" class=\" lazyload\" src=\"https:\/\/www.infobae.com\/new-resizer\/s9tkUwnurFPj_Hh9Pca7dhp7hQA=\/420x280\/filters:format(webp):quality(85)\/cloudfront-us-east-1.images.arcpublishing.com\/infobae\/YRX5GNWQTD546PZQKELKISB7JM.jpg%20420w\" sizes=\"auto, (min-width: 1560px) 856px, (min-width: 1000px) calc(74.63vw - 293px), (min-width: 780px) calc(100vw - 376px), (min-width: 580px) calc(100vw - 32px), 100vw\" srcset=\"https:\/\/www.infobae.com\/new-resizer\/s9tkUwnurFPj_Hh9Pca7dhp7hQA=\/420x280\/filters:format(webp):quality(85)\/cloudfront-us-east-1.images.arcpublishing.com\/infobae\/YRX5GNWQTD546PZQKELKISB7JM.jpg 420w,https:\/\/www.infobae.com\/new-resizer\/OOe1VUIfMiJqiWu5zxeKQniS5yo=\/768x512\/filters:format(webp):quality(85)\/cloudfront-us-east-1.images.arcpublishing.com\/infobae\/YRX5GNWQTD546PZQKELKISB7JM.jpg 768w,https:\/\/www.infobae.com\/new-resizer\/qQNdJTSYxCOt_ZcYroIY-ZHBpt4=\/992x661\/filters:format(webp):quality(85)\/cloudfront-us-east-1.images.arcpublishing.com\/infobae\/YRX5GNWQTD546PZQKELKISB7JM.jpg 992w,https:\/\/www.infobae.com\/new-resizer\/7z-jKA_3WjE-mn9W1sPNsBJnEkk=\/1200x800\/filters:format(webp):quality(85)\/cloudfront-us-east-1.images.arcpublishing.com\/infobae\/YRX5GNWQTD546PZQKELKISB7JM.jpg 1200w,https:\/\/www.infobae.com\/new-resizer\/ueydT9yNWhP_ocaHkd9s4UIhW78=\/1440x960\/filters:format(webp):quality(85)\/cloudfront-us-east-1.images.arcpublishing.com\/infobae\/YRX5GNWQTD546PZQKELKISB7JM.jpg 1440w\" alt=\"El compositor espa\u00f1ol Alejandro Sanz durante la gala, con pelo platinado y corbata oscura con detalles en rojo y blanco (REUTERS)\" width=\"5500\" height=\"3783\" data-src=\"https:\/\/www.infobae.com\/new-resizer\/s9tkUwnurFPj_Hh9Pca7dhp7hQA=\/420x280\/filters:format(webp):quality(85)\/cloudfront-us-east-1.images.arcpublishing.com\/infobae\/YRX5GNWQTD546PZQKELKISB7JM.jpg 420w\" \/><\/div>\n<p class=\"paragraph\" data-mrf-recirculation=\"Links inline\"><b>Karol G<\/b><\/p>\n<div class=\"visual__image\"><img loading=\"lazy\" decoding=\"async\" class=\" lazyload\" src=\"https:\/\/www.infobae.com\/new-resizer\/PZclC_pEYbEHON04KlA9J4Y8rrA=\/420x280\/filters:format(webp):quality(85)\/cloudfront-us-east-1.images.arcpublishing.com\/infobae\/NDHUYQDCYLDIHXJS2TXM4BXF7A.jpg%20420w\" sizes=\"auto, (min-width: 1560px) 856px, (min-width: 1000px) calc(74.63vw - 293px), (min-width: 780px) calc(100vw - 376px), (min-width: 580px) calc(100vw - 32px), 100vw\" srcset=\"https:\/\/www.infobae.com\/new-resizer\/PZclC_pEYbEHON04KlA9J4Y8rrA=\/420x280\/filters:format(webp):quality(85)\/cloudfront-us-east-1.images.arcpublishing.com\/infobae\/NDHUYQDCYLDIHXJS2TXM4BXF7A.jpg 420w,https:\/\/www.infobae.com\/new-resizer\/rPzHARda71wrNYL8PEIUes97ThU=\/768x512\/filters:format(webp):quality(85)\/cloudfront-us-east-1.images.arcpublishing.com\/infobae\/NDHUYQDCYLDIHXJS2TXM4BXF7A.jpg 768w,https:\/\/www.infobae.com\/new-resizer\/_rWawaXAcGGm2RqrRCPHrWG3AwY=\/992x661\/filters:format(webp):quality(85)\/cloudfront-us-east-1.images.arcpublishing.com\/infobae\/NDHUYQDCYLDIHXJS2TXM4BXF7A.jpg 992w,https:\/\/www.infobae.com\/new-resizer\/tuc8sFNWWXFtOUQfzVOhGLOUjPw=\/1200x800\/filters:format(webp):quality(85)\/cloudfront-us-east-1.images.arcpublishing.com\/infobae\/NDHUYQDCYLDIHXJS2TXM4BXF7A.jpg 1200w,https:\/\/www.infobae.com\/new-resizer\/F6_SM2hHdYl5RikOXewdKvV0X9Y=\/1440x960\/filters:format(webp):quality(85)\/cloudfront-us-east-1.images.arcpublishing.com\/infobae\/NDHUYQDCYLDIHXJS2TXM4BXF7A.jpg 1440w\" alt=\"Karol G apost\u00f3 por un look vibrante desde el color y las texturas, con un vestido y lentejuelas de Balmain \/REUTERS\/Marcelo del Pozo\" width=\"5500\" height=\"3716\" data-src=\"https:\/\/www.infobae.com\/new-resizer\/PZclC_pEYbEHON04KlA9J4Y8rrA=\/420x280\/filters:format(webp):quality(85)\/cloudfront-us-east-1.images.arcpublishing.com\/infobae\/NDHUYQDCYLDIHXJS2TXM4BXF7A.jpg 420w\" \/><\/div>\n<p class=\"paragraph\" data-mrf-recirculation=\"Links inline\"><b>Mar Lucas<\/b><\/p>\n<div class=\"visual__image\"><img loading=\"lazy\" decoding=\"async\" class=\" lazyload\" src=\"https:\/\/www.infobae.com\/new-resizer\/8P0eOIRJDN1nQLAQGQ4oaZ8BfHw=\/420x630\/filters:format(webp):quality(85)\/cloudfront-us-east-1.images.arcpublishing.com\/infobae\/TCH5NQWUGNHLLAUXPRLGZ7VMTM.jpg%20420w\" sizes=\"auto, (min-width: 1560px) 856px, (min-width: 1000px) calc(74.63vw - 293px), (min-width: 780px) calc(100vw - 376px), (min-width: 580px) calc(100vw - 32px), 100vw\" srcset=\"https:\/\/www.infobae.com\/new-resizer\/8P0eOIRJDN1nQLAQGQ4oaZ8BfHw=\/420x630\/filters:format(webp):quality(85)\/cloudfront-us-east-1.images.arcpublishing.com\/infobae\/TCH5NQWUGNHLLAUXPRLGZ7VMTM.jpg 420w,https:\/\/www.infobae.com\/new-resizer\/hG7c0qjcejLHlfn6pf2ZF8Sc5Iw=\/768x1152\/filters:format(webp):quality(85)\/cloudfront-us-east-1.images.arcpublishing.com\/infobae\/TCH5NQWUGNHLLAUXPRLGZ7VMTM.jpg 768w,https:\/\/www.infobae.com\/new-resizer\/sIFcL6iKU6vrKcCXKcqU3VVDmqE=\/992x1488\/filters:format(webp):quality(85)\/cloudfront-us-east-1.images.arcpublishing.com\/infobae\/TCH5NQWUGNHLLAUXPRLGZ7VMTM.jpg 992w,https:\/\/www.infobae.com\/new-resizer\/6_GKwi1c9j8okufOaTGJbaMZgzM=\/1200x1800\/filters:format(webp):quality(85)\/cloudfront-us-east-1.images.arcpublishing.com\/infobae\/TCH5NQWUGNHLLAUXPRLGZ7VMTM.jpg 1200w\" alt=\"La cantante Mar Lucas posa para los fot\u00f3grafos en la alfombra roja de la gala anual de los Latin Grammy \/EFE\/ Jorge Zapata\n\" width=\"3306\" height=\"4958\" data-src=\"https:\/\/www.infobae.com\/new-resizer\/8P0eOIRJDN1nQLAQGQ4oaZ8BfHw=\/420x630\/filters:format(webp):quality(85)\/cloudfront-us-east-1.images.arcpublishing.com\/infobae\/TCH5NQWUGNHLLAUXPRLGZ7VMTM.jpg 420w\" \/><\/div>\n<p class=\"paragraph\" data-mrf-recirculation=\"Links inline\"><b>Shakira<\/b><\/p>\n<div class=\"visual__image\"><img loading=\"lazy\" decoding=\"async\" class=\" lazyload\" src=\"https:\/\/www.infobae.com\/new-resizer\/ovUrT3w7Fk1Slz1Qp1mUHROHUnk=\/420x280\/filters:format(webp):quality(85)\/cloudfront-us-east-1.images.arcpublishing.com\/infobae\/IE6OG6R5LPU2UXMNROUTB7CWHI.jpg%20420w\" sizes=\"auto, (min-width: 1560px) 856px, (min-width: 1000px) calc(74.63vw - 293px), (min-width: 780px) calc(100vw - 376px), (min-width: 580px) calc(100vw - 32px), 100vw\" srcset=\"https:\/\/www.infobae.com\/new-resizer\/ovUrT3w7Fk1Slz1Qp1mUHROHUnk=\/420x280\/filters:format(webp):quality(85)\/cloudfront-us-east-1.images.arcpublishing.com\/infobae\/IE6OG6R5LPU2UXMNROUTB7CWHI.jpg 420w,https:\/\/www.infobae.com\/new-resizer\/wpAE9nwMCd5Fj6sBbJ0RQl4H2fE=\/768x512\/filters:format(webp):quality(85)\/cloudfront-us-east-1.images.arcpublishing.com\/infobae\/IE6OG6R5LPU2UXMNROUTB7CWHI.jpg 768w,https:\/\/www.infobae.com\/new-resizer\/cygxY6tE2Ek0__4B5Hrrb-9lA9c=\/992x661\/filters:format(webp):quality(85)\/cloudfront-us-east-1.images.arcpublishing.com\/infobae\/IE6OG6R5LPU2UXMNROUTB7CWHI.jpg 992w,https:\/\/www.infobae.com\/new-resizer\/Wn-nGP9PWp5PJwObqRdI-My3XK4=\/1200x800\/filters:format(webp):quality(85)\/cloudfront-us-east-1.images.arcpublishing.com\/infobae\/IE6OG6R5LPU2UXMNROUTB7CWHI.jpg 1200w,https:\/\/www.infobae.com\/new-resizer\/_9ohzry-dA1a1Nim2DU9E-Vs-cE=\/1440x960\/filters:format(webp):quality(85)\/cloudfront-us-east-1.images.arcpublishing.com\/infobae\/IE6OG6R5LPU2UXMNROUTB7CWHI.jpg 1440w\" alt=\"Shakira y un vestido con corte en el que predomina el color negro \/REUTERS\/Marcelo del Pozo\" width=\"5500\" height=\"3668\" data-src=\"https:\/\/www.infobae.com\/new-resizer\/ovUrT3w7Fk1Slz1Qp1mUHROHUnk=\/420x280\/filters:format(webp):quality(85)\/cloudfront-us-east-1.images.arcpublishing.com\/infobae\/IE6OG6R5LPU2UXMNROUTB7CWHI.jpg 420w\" \/><\/div>\n<p class=\"paragraph\" data-mrf-recirculation=\"Links inline\"><b>Maluma y Susana G\u00f3mez<\/b><\/p>\n<div class=\"visual__image\"><img loading=\"lazy\" decoding=\"async\" class=\" lazyload\" src=\"https:\/\/www.infobae.com\/new-resizer\/LaCbQsXBvuoLmOhfXZXf_kytQMo=\/420x280\/filters:format(webp):quality(85)\/cloudfront-us-east-1.images.arcpublishing.com\/infobae\/VMEPEO54PEVX7Z5UPJOQ7Q7A74.jpg%20420w\" sizes=\"auto, (min-width: 1560px) 856px, (min-width: 1000px) calc(74.63vw - 293px), (min-width: 780px) calc(100vw - 376px), (min-width: 580px) calc(100vw - 32px), 100vw\" srcset=\"https:\/\/www.infobae.com\/new-resizer\/LaCbQsXBvuoLmOhfXZXf_kytQMo=\/420x280\/filters:format(webp):quality(85)\/cloudfront-us-east-1.images.arcpublishing.com\/infobae\/VMEPEO54PEVX7Z5UPJOQ7Q7A74.jpg 420w,https:\/\/www.infobae.com\/new-resizer\/qxEm_g2iozY9U2nFIN5snu0yOSQ=\/768x512\/filters:format(webp):quality(85)\/cloudfront-us-east-1.images.arcpublishing.com\/infobae\/VMEPEO54PEVX7Z5UPJOQ7Q7A74.jpg 768w,https:\/\/www.infobae.com\/new-resizer\/l5h_OFrtvuvxtvZVZWRJucUwoL4=\/992x661\/filters:format(webp):quality(85)\/cloudfront-us-east-1.images.arcpublishing.com\/infobae\/VMEPEO54PEVX7Z5UPJOQ7Q7A74.jpg 992w,https:\/\/www.infobae.com\/new-resizer\/h-HChsxpqhk8mqqSvsFRB1lyb7E=\/1200x800\/filters:format(webp):quality(85)\/cloudfront-us-east-1.images.arcpublishing.com\/infobae\/VMEPEO54PEVX7Z5UPJOQ7Q7A74.jpg 1200w,https:\/\/www.infobae.com\/new-resizer\/BHXkTLeZ-VbndSd0cp4U6REK55k=\/1440x960\/filters:format(webp):quality(85)\/cloudfront-us-east-1.images.arcpublishing.com\/infobae\/VMEPEO54PEVX7Z5UPJOQ7Q7A74.jpg 1440w\" alt=\"Maluma y Susana Gomez en la alfombra roja, combinaron sus looks con dos colores que no fallan: el negro y el azul; ella eligi\u00f3 un escote recto que contrast\u00f3 con el total black de su pareja \/REUTERS\/Marcelo del Pozo\" width=\"5500\" height=\"3667\" data-src=\"https:\/\/www.infobae.com\/new-resizer\/LaCbQsXBvuoLmOhfXZXf_kytQMo=\/420x280\/filters:format(webp):quality(85)\/cloudfront-us-east-1.images.arcpublishing.com\/infobae\/VMEPEO54PEVX7Z5UPJOQ7Q7A74.jpg 420w\" \/><\/div>\n<p class=\"paragraph\" data-mrf-recirculation=\"Links inline\"><b>Sergio Ramos<\/b><\/p>\n<div class=\"visual__image\"><img loading=\"lazy\" decoding=\"async\" class=\" lazyload\" src=\"https:\/\/www.infobae.com\/new-resizer\/SIzEOi2iS0XpuNiK5wLtJ0Y8iuk=\/420x280\/filters:format(webp):quality(85)\/cloudfront-us-east-1.images.arcpublishing.com\/infobae\/56MRGASPANZAORSOM2U2HO4GTA.jpg%20420w\" sizes=\"auto, (min-width: 1560px) 856px, (min-width: 1000px) calc(74.63vw - 293px), (min-width: 780px) calc(100vw - 376px), (min-width: 580px) calc(100vw - 32px), 100vw\" srcset=\"https:\/\/www.infobae.com\/new-resizer\/SIzEOi2iS0XpuNiK5wLtJ0Y8iuk=\/420x280\/filters:format(webp):quality(85)\/cloudfront-us-east-1.images.arcpublishing.com\/infobae\/56MRGASPANZAORSOM2U2HO4GTA.jpg 420w,https:\/\/www.infobae.com\/new-resizer\/7B4ISJatNzmwBujySQHehvHX_C0=\/768x512\/filters:format(webp):quality(85)\/cloudfront-us-east-1.images.arcpublishing.com\/infobae\/56MRGASPANZAORSOM2U2HO4GTA.jpg 768w,https:\/\/www.infobae.com\/new-resizer\/dVnMcRs7NtX52kOTIR_k1umZRHc=\/992x661\/filters:format(webp):quality(85)\/cloudfront-us-east-1.images.arcpublishing.com\/infobae\/56MRGASPANZAORSOM2U2HO4GTA.jpg 992w,https:\/\/www.infobae.com\/new-resizer\/VwKU7m7U5bgrnPaAkVtmr3u69EY=\/1200x800\/filters:format(webp):quality(85)\/cloudfront-us-east-1.images.arcpublishing.com\/infobae\/56MRGASPANZAORSOM2U2HO4GTA.jpg 1200w,https:\/\/www.infobae.com\/new-resizer\/QSgRNDQtapnh49bsfzt-LCi4ODQ=\/1440x960\/filters:format(webp):quality(85)\/cloudfront-us-east-1.images.arcpublishing.com\/infobae\/56MRGASPANZAORSOM2U2HO4GTA.jpg 1440w\" alt=\"El futbolista Sergio Ramos, una de las presencias m\u00e1s glamorosas de la gala \/REUTERS\/Marcelo del Pozo\" width=\"5500\" height=\"3668\" data-src=\"https:\/\/www.infobae.com\/new-resizer\/SIzEOi2iS0XpuNiK5wLtJ0Y8iuk=\/420x280\/filters:format(webp):quality(85)\/cloudfront-us-east-1.images.arcpublishing.com\/infobae\/56MRGASPANZAORSOM2U2HO4GTA.jpg 420w\" \/><\/div>\n<p class=\"paragraph\" data-mrf-recirculation=\"Links inline\"><b>Sebasti\u00e1n Yatra<\/b><\/p>\n<div class=\"visual__image\"><img loading=\"lazy\" decoding=\"async\" class=\" lazyload\" src=\"https:\/\/www.infobae.com\/new-resizer\/FHvTSZGgJZmyE0ok7L-Pfyn2SaM=\/420x315\/filters:format(webp):quality(85)\/cloudfront-us-east-1.images.arcpublishing.com\/infobae\/CYWRLLDQG5FGRFU6ITEMI27H6M.jpg%20420w\" sizes=\"auto, (min-width: 1560px) 856px, (min-width: 1000px) calc(74.63vw - 293px), (min-width: 780px) calc(100vw - 376px), (min-width: 580px) calc(100vw - 32px), 100vw\" srcset=\"https:\/\/www.infobae.com\/new-resizer\/FHvTSZGgJZmyE0ok7L-Pfyn2SaM=\/420x315\/filters:format(webp):quality(85)\/cloudfront-us-east-1.images.arcpublishing.com\/infobae\/CYWRLLDQG5FGRFU6ITEMI27H6M.jpg 420w,https:\/\/www.infobae.com\/new-resizer\/udalZNxoRqwjilj9Ho5H-qrclZk=\/768x576\/filters:format(webp):quality(85)\/cloudfront-us-east-1.images.arcpublishing.com\/infobae\/CYWRLLDQG5FGRFU6ITEMI27H6M.jpg 768w,https:\/\/www.infobae.com\/new-resizer\/8o3SE4YNOo2oRpZ9WvQh_zuuGhg=\/992x744\/filters:format(webp):quality(85)\/cloudfront-us-east-1.images.arcpublishing.com\/infobae\/CYWRLLDQG5FGRFU6ITEMI27H6M.jpg 992w,https:\/\/www.infobae.com\/new-resizer\/6Fxnmrrg0VWeDpEsfLlYX7uXmpA=\/1200x900\/filters:format(webp):quality(85)\/cloudfront-us-east-1.images.arcpublishing.com\/infobae\/CYWRLLDQG5FGRFU6ITEMI27H6M.jpg 1200w,https:\/\/www.infobae.com\/new-resizer\/m1V8k6cxvN98uVMgoSuWhNpQr4Q=\/1440x1080\/filters:format(webp):quality(85)\/cloudfront-us-east-1.images.arcpublishing.com\/infobae\/CYWRLLDQG5FGRFU6ITEMI27H6M.jpg 1440w\" alt=\"Sebasti\u00e1n Yatra lleg\u00f3 a la gala con un saco y una remera en total black, d\u00e1ndole un toque de formalidad sin dejar de lado su estilo (Europa Press)\" width=\"1600\" height=\"1200\" data-src=\"https:\/\/www.infobae.com\/new-resizer\/FHvTSZGgJZmyE0ok7L-Pfyn2SaM=\/420x315\/filters:format(webp):quality(85)\/cloudfront-us-east-1.images.arcpublishing.com\/infobae\/CYWRLLDQG5FGRFU6ITEMI27H6M.jpg 420w\" \/><\/div>\n<p class=\"paragraph\" data-mrf-recirculation=\"Links inline\"><b>David Bisbal y Rosanna Zanetti<\/b><\/p>\n<div class=\"visual__image\"><img loading=\"lazy\" decoding=\"async\" class=\" lazyload\" src=\"https:\/\/www.infobae.com\/new-resizer\/nZ7__i7RBVhddIIoabJW9sD3BSY=\/420x630\/filters:format(webp):quality(85)\/cloudfront-us-east-1.images.arcpublishing.com\/infobae\/DD45X5PXR5IITII22ZBJUCNEPA.jpg%20420w\" sizes=\"auto, (min-width: 1560px) 856px, (min-width: 1000px) calc(74.63vw - 293px), (min-width: 780px) calc(100vw - 376px), (min-width: 580px) calc(100vw - 32px), 100vw\" srcset=\"https:\/\/www.infobae.com\/new-resizer\/nZ7__i7RBVhddIIoabJW9sD3BSY=\/420x630\/filters:format(webp):quality(85)\/cloudfront-us-east-1.images.arcpublishing.com\/infobae\/DD45X5PXR5IITII22ZBJUCNEPA.jpg 420w,https:\/\/www.infobae.com\/new-resizer\/K9HPVSxEyscL9CrhJSBChBulr24=\/768x1152\/filters:format(webp):quality(85)\/cloudfront-us-east-1.images.arcpublishing.com\/infobae\/DD45X5PXR5IITII22ZBJUCNEPA.jpg 768w,https:\/\/www.infobae.com\/new-resizer\/dGBBgxST0vq-XqzFddI5GMiPftw=\/992x1488\/filters:format(webp):quality(85)\/cloudfront-us-east-1.images.arcpublishing.com\/infobae\/DD45X5PXR5IITII22ZBJUCNEPA.jpg 992w,https:\/\/www.infobae.com\/new-resizer\/Te-eOdQRHGCKkhwlZ-51eB9AJp8=\/1200x1800\/filters:format(webp):quality(85)\/cloudfront-us-east-1.images.arcpublishing.com\/infobae\/DD45X5PXR5IITII22ZBJUCNEPA.jpg 1200w\" alt=\"David Bisbal lleg\u00f3 a la ceremonia con su pareja Rosanna Zanetti. Ambos lucieron combinados en color negro, mientras que el vestido de ella se luci\u00f3 con las transparencias \/REUTERS\/Marcelo del Pozo\" width=\"3668\" height=\"5500\" data-src=\"https:\/\/www.infobae.com\/new-resizer\/nZ7__i7RBVhddIIoabJW9sD3BSY=\/420x630\/filters:format(webp):quality(85)\/cloudfront-us-east-1.images.arcpublishing.com\/infobae\/DD45X5PXR5IITII22ZBJUCNEPA.jpg 420w\" \/><\/div>\n<p class=\"paragraph\" data-mrf-recirculation=\"Links inline\"><b>Antonio Banderas y Nicole Kimpel<\/b><\/p>\n<div class=\"visual__image\"><img loading=\"lazy\" decoding=\"async\" class=\" lazyload\" src=\"https:\/\/www.infobae.com\/new-resizer\/gCTh5KgsuYAvZPwAm7P3oaPRfvc=\/420x280\/filters:format(webp):quality(85)\/cloudfront-us-east-1.images.arcpublishing.com\/infobae\/SMJBOQWWEUBXZPVRWGFVVE3D6U.jpg%20420w\" sizes=\"auto, (min-width: 1560px) 856px, (min-width: 1000px) calc(74.63vw - 293px), (min-width: 780px) calc(100vw - 376px), (min-width: 580px) calc(100vw - 32px), 100vw\" srcset=\"https:\/\/www.infobae.com\/new-resizer\/gCTh5KgsuYAvZPwAm7P3oaPRfvc=\/420x280\/filters:format(webp):quality(85)\/cloudfront-us-east-1.images.arcpublishing.com\/infobae\/SMJBOQWWEUBXZPVRWGFVVE3D6U.jpg 420w,https:\/\/www.infobae.com\/new-resizer\/drNSUvxqVCRSMni92OKOlW4L02Y=\/768x512\/filters:format(webp):quality(85)\/cloudfront-us-east-1.images.arcpublishing.com\/infobae\/SMJBOQWWEUBXZPVRWGFVVE3D6U.jpg 768w,https:\/\/www.infobae.com\/new-resizer\/rCpYZiOOQ40PgIQ4oSXvUhQOh3U=\/992x661\/filters:format(webp):quality(85)\/cloudfront-us-east-1.images.arcpublishing.com\/infobae\/SMJBOQWWEUBXZPVRWGFVVE3D6U.jpg 992w,https:\/\/www.infobae.com\/new-resizer\/FvgMk2ejRGQ6TGkvuhKyQOYV78g=\/1200x800\/filters:format(webp):quality(85)\/cloudfront-us-east-1.images.arcpublishing.com\/infobae\/SMJBOQWWEUBXZPVRWGFVVE3D6U.jpg 1200w,https:\/\/www.infobae.com\/new-resizer\/Y0ckrz2TiwimUF5de-auz_pwroI=\/1440x960\/filters:format(webp):quality(85)\/cloudfront-us-east-1.images.arcpublishing.com\/infobae\/SMJBOQWWEUBXZPVRWGFVVE3D6U.jpg 1440w\" alt=\"Antonio Banderas y su esposa Nicole Kimpel en la alfombra roja. Ella eligi\u00f3 un vestido con el escote en V que se cierra en la parte superior, dejando destacar a los brillos pero sin opacar el traje oscuro del actor  \/REUTERS\/Marcelo del Pozo\" width=\"5500\" height=\"3584\" data-src=\"https:\/\/www.infobae.com\/new-resizer\/gCTh5KgsuYAvZPwAm7P3oaPRfvc=\/420x280\/filters:format(webp):quality(85)\/cloudfront-us-east-1.images.arcpublishing.com\/infobae\/SMJBOQWWEUBXZPVRWGFVVE3D6U.jpg 420w\" \/><\/div>\n<p class=\"paragraph\" data-mrf-recirculation=\"Links inline\"><b>Anitta<\/b><\/p>\n<div class=\"visual__image\"><img loading=\"lazy\" decoding=\"async\" class=\" lazyload\" src=\"https:\/\/www.infobae.com\/new-resizer\/_0DSaPIf0rTlA775wQO6kYAZ0L4=\/420x280\/filters:format(webp):quality(85)\/cloudfront-us-east-1.images.arcpublishing.com\/infobae\/7WT6HAQUTVGOCLV3GUBKKGUBIA.jpg%20420w\" sizes=\"auto, (min-width: 1560px) 856px, (min-width: 1000px) calc(74.63vw - 293px), (min-width: 780px) calc(100vw - 376px), (min-width: 580px) calc(100vw - 32px), 100vw\" srcset=\"https:\/\/www.infobae.com\/new-resizer\/_0DSaPIf0rTlA775wQO6kYAZ0L4=\/420x280\/filters:format(webp):quality(85)\/cloudfront-us-east-1.images.arcpublishing.com\/infobae\/7WT6HAQUTVGOCLV3GUBKKGUBIA.jpg 420w,https:\/\/www.infobae.com\/new-resizer\/3MN39BeeiFN7xWf-5Bs64s5yeWo=\/768x512\/filters:format(webp):quality(85)\/cloudfront-us-east-1.images.arcpublishing.com\/infobae\/7WT6HAQUTVGOCLV3GUBKKGUBIA.jpg 768w,https:\/\/www.infobae.com\/new-resizer\/kXp2qslEo_UPdeY4SeCkoybzF08=\/992x661\/filters:format(webp):quality(85)\/cloudfront-us-east-1.images.arcpublishing.com\/infobae\/7WT6HAQUTVGOCLV3GUBKKGUBIA.jpg 992w,https:\/\/www.infobae.com\/new-resizer\/DniQ9n4Gp1MWsJwkuxvrUbs08tI=\/1200x800\/filters:format(webp):quality(85)\/cloudfront-us-east-1.images.arcpublishing.com\/infobae\/7WT6HAQUTVGOCLV3GUBKKGUBIA.jpg 1200w,https:\/\/www.infobae.com\/new-resizer\/XKO3f2aFoSG2CdpRxP7pAL9a2xU=\/1440x960\/filters:format(webp):quality(85)\/cloudfront-us-east-1.images.arcpublishing.com\/infobae\/7WT6HAQUTVGOCLV3GUBKKGUBIA.jpg 1440w\" alt=\"La cantante brasile\u00f1a Anitta y un sugerente vestido rojo dise\u00f1ado para lucir su piel. &quot;Incre\u00edble el cuerpo, me encantan las sandalias, me parece muy veraniego, me gusta. Pero me parece que parece muy veraniego, y tal vez es para otra alfombra&quot;, consider\u00f3 Saiach \/REUTERS\/Marcelo del Pozo\" width=\"5500\" height=\"3667\" data-src=\"https:\/\/www.infobae.com\/new-resizer\/_0DSaPIf0rTlA775wQO6kYAZ0L4=\/420x280\/filters:format(webp):quality(85)\/cloudfront-us-east-1.images.arcpublishing.com\/infobae\/7WT6HAQUTVGOCLV3GUBKKGUBIA.jpg 420w\" \/><\/div>\n<p class=\"paragraph\" data-mrf-recirculation=\"Links inline\"><b>Natalia Lafourcade<\/b><\/p>\n<div class=\"visual__image\"><img loading=\"lazy\" decoding=\"async\" class=\" lazyload\" src=\"https:\/\/www.infobae.com\/new-resizer\/bcm0ri4TPm0H1FL4ewFncxfcl5w=\/420x630\/filters:format(webp):quality(85)\/cloudfront-us-east-1.images.arcpublishing.com\/infobae\/3IAVIVLK2SRDZ3ZBAMXX3YZNRI.jpg%20420w\" sizes=\"auto, (min-width: 1560px) 856px, (min-width: 1000px) calc(74.63vw - 293px), (min-width: 780px) calc(100vw - 376px), (min-width: 580px) calc(100vw - 32px), 100vw\" srcset=\"https:\/\/www.infobae.com\/new-resizer\/bcm0ri4TPm0H1FL4ewFncxfcl5w=\/420x630\/filters:format(webp):quality(85)\/cloudfront-us-east-1.images.arcpublishing.com\/infobae\/3IAVIVLK2SRDZ3ZBAMXX3YZNRI.jpg 420w,https:\/\/www.infobae.com\/new-resizer\/PXorvJl2Tx1B47LLX5OumohBo1Q=\/768x1152\/filters:format(webp):quality(85)\/cloudfront-us-east-1.images.arcpublishing.com\/infobae\/3IAVIVLK2SRDZ3ZBAMXX3YZNRI.jpg 768w,https:\/\/www.infobae.com\/new-resizer\/A_If1XR0BZZmiLiOj71NfWNA4gw=\/992x1488\/filters:format(webp):quality(85)\/cloudfront-us-east-1.images.arcpublishing.com\/infobae\/3IAVIVLK2SRDZ3ZBAMXX3YZNRI.jpg 992w,https:\/\/www.infobae.com\/new-resizer\/DaNNqyRTqAsRzP9OXoLax6m38Vw=\/1200x1800\/filters:format(webp):quality(85)\/cloudfront-us-east-1.images.arcpublishing.com\/infobae\/3IAVIVLK2SRDZ3ZBAMXX3YZNRI.jpg 1200w\" alt=\"La cantante mexicana Natalia Lafourcade y un vestido verde que contrast\u00f3 con los cl\u00e1sicos negro y rojo de las galas \/REUTERS\/Marcelo del Pozo\" width=\"3436\" height=\"5500\" data-src=\"https:\/\/www.infobae.com\/new-resizer\/bcm0ri4TPm0H1FL4ewFncxfcl5w=\/420x630\/filters:format(webp):quality(85)\/cloudfront-us-east-1.images.arcpublishing.com\/infobae\/3IAVIVLK2SRDZ3ZBAMXX3YZNRI.jpg 420w\" \/><\/div>\n<p class=\"paragraph\" data-mrf-recirculation=\"Links inline\"><b>Victoria Federica<\/b><\/p>\n<div class=\"visual__image\"><img loading=\"lazy\" decoding=\"async\" class=\" lazyload\" src=\"https:\/\/www.infobae.com\/new-resizer\/E6TUYZRgr9Yw8sk_itCOicA4yXQ=\/420x630\/filters:format(webp):quality(85)\/cloudfront-us-east-1.images.arcpublishing.com\/infobae\/RV7EZOH7KZEZDAF77GV4RBYTGA.jpg%20420w\" sizes=\"auto, (min-width: 1560px) 856px, (min-width: 1000px) calc(74.63vw - 293px), (min-width: 780px) calc(100vw - 376px), (min-width: 580px) calc(100vw - 32px), 100vw\" srcset=\"https:\/\/www.infobae.com\/new-resizer\/E6TUYZRgr9Yw8sk_itCOicA4yXQ=\/420x630\/filters:format(webp):quality(85)\/cloudfront-us-east-1.images.arcpublishing.com\/infobae\/RV7EZOH7KZEZDAF77GV4RBYTGA.jpg 420w,https:\/\/www.infobae.com\/new-resizer\/wA-LMSZt82O4NOc0Kxt_uYfPJB8=\/768x1152\/filters:format(webp):quality(85)\/cloudfront-us-east-1.images.arcpublishing.com\/infobae\/RV7EZOH7KZEZDAF77GV4RBYTGA.jpg 768w,https:\/\/www.infobae.com\/new-resizer\/wc9UJwLuYOfTV7iNwF-USBWDCNk=\/992x1488\/filters:format(webp):quality(85)\/cloudfront-us-east-1.images.arcpublishing.com\/infobae\/RV7EZOH7KZEZDAF77GV4RBYTGA.jpg 992w,https:\/\/www.infobae.com\/new-resizer\/3iAy2S2H0s_8a2nMDz-CBC-rtzU=\/1200x1800\/filters:format(webp):quality(85)\/cloudfront-us-east-1.images.arcpublishing.com\/infobae\/RV7EZOH7KZEZDAF77GV4RBYTGA.jpg 1200w\" alt=\"La influencer Victoria Federica posa durante el photocall previo a la gala de entrega de los Latin Grammy 2023. &quot;No me gusta, me parece demasiado raro, no est\u00e1 bien confeccionado el vestido. El guante no entiendo por qu\u00e9 tiene ese color&quot;, dijo Saiach sobre su look (Europa Press)\" width=\"720\" height=\"1080\" data-src=\"https:\/\/www.infobae.com\/new-resizer\/E6TUYZRgr9Yw8sk_itCOicA4yXQ=\/420x630\/filters:format(webp):quality(85)\/cloudfront-us-east-1.images.arcpublishing.com\/infobae\/RV7EZOH7KZEZDAF77GV4RBYTGA.jpg 420w\" \/><\/div>\n<p class=\"paragraph\" data-mrf-recirculation=\"Links inline\"><b>Jorge Drexler<\/b><\/p>\n<div class=\"visual__image\"><img loading=\"lazy\" decoding=\"async\" class=\" lazyload\" src=\"https:\/\/www.infobae.com\/new-resizer\/6ox4H9YwDC-ch6oMuzTpbuxcvtA=\/420x315\/filters:format(webp):quality(85)\/cloudfront-us-east-1.images.arcpublishing.com\/infobae\/5YVKVZHKMQZMSUOWILLNMBWTLQ.jpg%20420w\" sizes=\"auto, (min-width: 1560px) 856px, (min-width: 1000px) calc(74.63vw - 293px), (min-width: 780px) calc(100vw - 376px), (min-width: 580px) calc(100vw - 32px), 100vw\" srcset=\"https:\/\/www.infobae.com\/new-resizer\/6ox4H9YwDC-ch6oMuzTpbuxcvtA=\/420x315\/filters:format(webp):quality(85)\/cloudfront-us-east-1.images.arcpublishing.com\/infobae\/5YVKVZHKMQZMSUOWILLNMBWTLQ.jpg 420w,https:\/\/www.infobae.com\/new-resizer\/dR2n3lYcpeEJthk97J_lU0HPmLc=\/768x576\/filters:format(webp):quality(85)\/cloudfront-us-east-1.images.arcpublishing.com\/infobae\/5YVKVZHKMQZMSUOWILLNMBWTLQ.jpg 768w,https:\/\/www.infobae.com\/new-resizer\/vNPbmlpUlxawMPzErvqOrUvOsMs=\/992x744\/filters:format(webp):quality(85)\/cloudfront-us-east-1.images.arcpublishing.com\/infobae\/5YVKVZHKMQZMSUOWILLNMBWTLQ.jpg 992w,https:\/\/www.infobae.com\/new-resizer\/74I3As6N4zvbwI_OYIZpoYX6Mvg=\/1200x900\/filters:format(webp):quality(85)\/cloudfront-us-east-1.images.arcpublishing.com\/infobae\/5YVKVZHKMQZMSUOWILLNMBWTLQ.jpg 1200w,https:\/\/www.infobae.com\/new-resizer\/6eG-sv25UJQ6qnfHBnYn0RK4N-w=\/1440x1080\/filters:format(webp):quality(85)\/cloudfront-us-east-1.images.arcpublishing.com\/infobae\/5YVKVZHKMQZMSUOWILLNMBWTLQ.jpg 1440w\" alt=\"El cantante uruguayo Jorge Drexler y un look cl\u00e1sico para la gala: traje oscuro con camisa blanca sin corbata, d\u00e1ndole algo de informalidad \/REUTERS\/Marcelo del Pozo\" width=\"5500\" height=\"3915\" data-src=\"https:\/\/www.infobae.com\/new-resizer\/6ox4H9YwDC-ch6oMuzTpbuxcvtA=\/420x315\/filters:format(webp):quality(85)\/cloudfront-us-east-1.images.arcpublishing.com\/infobae\/5YVKVZHKMQZMSUOWILLNMBWTLQ.jpg 420w\" \/><\/div>\n","protected":false},"excerpt":{"rendered":"<p>Espa\u00f1a se viste de gala para recibir a las figuras de la m\u00fasica latina, con el Centro de Conferencias y Exposiciones de Sevilla como escenario. Con el\u00a0Centro de Conferencias y Exposiciones\u00a0(FIBES) de\u00a0Sevilla\u00a0como escenario, las m\u00e1ximas estrellas de la m\u00fasica latina se dan cita, por primera vez fuera de Estados Unidos, para asistir a los\u00a0Premios Latin [&hellip;]<\/p>\n","protected":false},"author":1,"featured_media":101146,"comment_status":"closed","ping_status":"closed","sticky":false,"template":"","format":"standard","meta":{"_seopress_robots_primary_cat":"","_seopress_titles_title":"","_seopress_titles_desc":"","_seopress_robots_index":"","footnotes":""},"categories":[228],"tags":[38554,38553,38532],"class_list":{"0":"post-101145","1":"post","2":"type-post","3":"status-publish","4":"format-standard","5":"has-post-thumbnail","7":"category-moda-y-estilos","8":"tag-alfombra-roja-de-los-premios-latin-grammy-2023","9":"tag-looks-de-la-alfombra-roja-de-los-premios-latin-grammy-2023","10":"tag-premios-latin-grammy-2023"},"_links":{"self":[{"href":"https:\/\/www.cordobatimes.com\/showup\/wp-json\/wp\/v2\/posts\/101145","targetHints":{"allow":["GET"]}}],"collection":[{"href":"https:\/\/www.cordobatimes.com\/showup\/wp-json\/wp\/v2\/posts"}],"about":[{"href":"https:\/\/www.cordobatimes.com\/showup\/wp-json\/wp\/v2\/types\/post"}],"author":[{"embeddable":true,"href":"https:\/\/www.cordobatimes.com\/showup\/wp-json\/wp\/v2\/users\/1"}],"replies":[{"embeddable":true,"href":"https:\/\/www.cordobatimes.com\/showup\/wp-json\/wp\/v2\/comments?post=101145"}],"version-history":[{"count":0,"href":"https:\/\/www.cordobatimes.com\/showup\/wp-json\/wp\/v2\/posts\/101145\/revisions"}],"wp:featuredmedia":[{"embeddable":true,"href":"https:\/\/www.cordobatimes.com\/showup\/wp-json\/wp\/v2\/media\/101146"}],"wp:attachment":[{"href":"https:\/\/www.cordobatimes.com\/showup\/wp-json\/wp\/v2\/media?parent=101145"}],"wp:term":[{"taxonomy":"category","embeddable":true,"href":"https:\/\/www.cordobatimes.com\/showup\/wp-json\/wp\/v2\/categories?post=101145"},{"taxonomy":"post_tag","embeddable":true,"href":"https:\/\/www.cordobatimes.com\/showup\/wp-json\/wp\/v2\/tags?post=101145"}],"curies":[{"name":"wp","href":"https:\/\/api.w.org\/{rel}","templated":true}]}}