{"id":101107,"date":"2023-11-14T11:13:23","date_gmt":"2023-11-14T14:13:23","guid":{"rendered":"https:\/\/www.cordobatimes.com\/showup\/?p=101107"},"modified":"2023-11-14T11:13:23","modified_gmt":"2023-11-14T14:13:23","slug":"el-primer-trailer-de-la-nueva-pelicula-de-garfield","status":"publish","type":"post","link":"https:\/\/www.cordobatimes.com\/showup\/cine-y-series\/2023\/11\/14\/el-primer-trailer-de-la-nueva-pelicula-de-garfield\/","title":{"rendered":"El primer trailer de la nueva pel\u00edcula de Garfield"},"content":{"rendered":"<h3><strong>A casi 20 a\u00f1os de la \u00faltima adaptaci\u00f3n de la tira en cines, llega un nuevo film animado\u00a0<\/strong><\/h3>\n<p>El primer trailer de la nueva pel\u00edcula animada de\u00a0<strong>\u00abGarfield\u00bb\u00a0<\/strong>se estren\u00f3 finalmente en las \u00faltimas horas, y revela una de las escenas, probablemente de las m\u00e1s tiernas que veremos en esta historia y que anticipa la serie de locuras caracter\u00edsticas del gato anaranjado, amante de la lasa\u00f1a.<\/p>\n<div style=\"width: 640px;\" class=\"wp-video\"><video class=\"wp-video-shortcode\" id=\"video-101107-1\" width=\"640\" height=\"360\" preload=\"metadata\" controls=\"controls\"><source type=\"video\/mp4\" src=\"https:\/\/www.cordobatimes.com\/showup\/wp-content\/uploads\/2023\/11\/videoplayback-4.mp4?_=1\" \/><a href=\"https:\/\/www.cordobatimes.com\/showup\/wp-content\/uploads\/2023\/11\/videoplayback-4.mp4\">https:\/\/www.cordobatimes.com\/showup\/wp-content\/uploads\/2023\/11\/videoplayback-4.mp4<\/a><\/video><\/div>\n","protected":false},"excerpt":{"rendered":"<p>A casi 20 a\u00f1os de la \u00faltima adaptaci\u00f3n de la tira en cines, llega un nuevo film animado\u00a0 El primer trailer de la nueva pel\u00edcula animada de\u00a0\u00abGarfield\u00bb\u00a0se estren\u00f3 finalmente en las \u00faltimas horas, y revela una de las escenas, probablemente de las m\u00e1s tiernas que veremos en esta historia y que anticipa la serie de [&hellip;]<\/p>\n","protected":false},"author":1,"featured_media":101108,"comment_status":"closed","ping_status":"closed","sticky":false,"template":"","format":"standard","meta":{"_seopress_robots_primary_cat":"","_seopress_titles_title":"","_seopress_titles_desc":"","_seopress_robots_index":"","footnotes":""},"categories":[3],"tags":[38528,38529],"class_list":{"0":"post-101107","1":"post","2":"type-post","3":"status-publish","4":"format-standard","5":"has-post-thumbnail","7":"category-cine-y-series","8":"tag-trailer-de-la-nueva-pelicula-de-garfield","9":"tag-trailer-de-la-pelicula-de-garfield"},"_links":{"self":[{"href":"https:\/\/www.cordobatimes.com\/showup\/wp-json\/wp\/v2\/posts\/101107","targetHints":{"allow":["GET"]}}],"collection":[{"href":"https:\/\/www.cordobatimes.com\/showup\/wp-json\/wp\/v2\/posts"}],"about":[{"href":"https:\/\/www.cordobatimes.com\/showup\/wp-json\/wp\/v2\/types\/post"}],"author":[{"embeddable":true,"href":"https:\/\/www.cordobatimes.com\/showup\/wp-json\/wp\/v2\/users\/1"}],"replies":[{"embeddable":true,"href":"https:\/\/www.cordobatimes.com\/showup\/wp-json\/wp\/v2\/comments?post=101107"}],"version-history":[{"count":0,"href":"https:\/\/www.cordobatimes.com\/showup\/wp-json\/wp\/v2\/posts\/101107\/revisions"}],"wp:featuredmedia":[{"embeddable":true,"href":"https:\/\/www.cordobatimes.com\/showup\/wp-json\/wp\/v2\/media\/101108"}],"wp:attachment":[{"href":"https:\/\/www.cordobatimes.com\/showup\/wp-json\/wp\/v2\/media?parent=101107"}],"wp:term":[{"taxonomy":"category","embeddable":true,"href":"https:\/\/www.cordobatimes.com\/showup\/wp-json\/wp\/v2\/categories?post=101107"},{"taxonomy":"post_tag","embeddable":true,"href":"https:\/\/www.cordobatimes.com\/showup\/wp-json\/wp\/v2\/tags?post=101107"}],"curies":[{"name":"wp","href":"https:\/\/api.w.org\/{rel}","templated":true}]}}