{"id":101070,"date":"2023-11-10T19:08:46","date_gmt":"2023-11-10T22:08:46","guid":{"rendered":"https:\/\/www.cordobatimes.com\/showup\/?p=101070"},"modified":"2023-11-10T19:08:46","modified_gmt":"2023-11-10T22:08:46","slug":"se-reprogramo-el-show-de-taylor-swift-por-las-fuertes-lluvias","status":"publish","type":"post","link":"https:\/\/www.cordobatimes.com\/showup\/musica\/2023\/11\/10\/se-reprogramo-el-show-de-taylor-swift-por-las-fuertes-lluvias\/","title":{"rendered":"Se reprogram\u00f3 el show de Taylor Swift, Por las fuertes lluvias"},"content":{"rendered":"<h3><strong>Debido a las condiciones clim\u00e1ticas adversas en Buenos Aires, el espect\u00e1culo que estaba previsto para esta noche en el estadio de River se pas\u00f3 al domingo 12 de noviembre<\/strong><\/h3>\n<p>Este viernes 10 de noviembre\u00a0<b>Taylor Swift<\/b>\u00a0ten\u00eda previsto realizar su segundo show en el Estadio de River, como parte de la gira\u00a0<i>The Eras Tour.<\/i>\u00a0Pero la productora<b>\u00a0DF Entertainment<\/b>, encargada de organizar estos recitales, anunci\u00f3 que debido al fuerte temporal en Buenos Aires la funci\u00f3n pautada para hoy qued\u00f3 reprogramada para este<b>\u00a0domingo 12<\/b>.<\/p>\n<p class=\"paragraph\" data-mrf-recirculation=\"Links inline\">\u201cDebido a las condiciones clim\u00e1ticas adversas y priorizando la seguridad del p\u00fablico, el show programado para hoy en River Plate se reprograma para el domingo 12 a la misma hora\u201d, dice el comunicado emitido por la productora.<\/p>\n<p class=\"paragraph\" data-mrf-recirculation=\"Links inline\">Asimismo, dejan en claro que \u201c<b>todos los tickets para la funci\u00f3n del viernes seguir\u00e1n siendo v\u00e1lidos para el show del domingo<\/b><\/p>\n<p data-mrf-recirculation=\"Links inline\"><img alt=\"\" loading=\"lazy\" decoding=\"async\" class=\"alignnone wp-image-101072 size-full\" src=\"https:\/\/www.cordobatimes.com\/showup\/wp-content\/uploads\/2023\/11\/Pantallazo-10-11-2023-18.33.52.jpg\" alt=\"\" width=\"665\" height=\"869\" srcset=\"https:\/\/www.cordobatimes.com\/showup\/wp-content\/uploads\/2023\/11\/Pantallazo-10-11-2023-18.33.52.jpg 665w, https:\/\/www.cordobatimes.com\/showup\/wp-content\/uploads\/2023\/11\/Pantallazo-10-11-2023-18.33.52-321x420.jpg 321w\" sizes=\"auto, (max-width: 665px) 100vw, 665px\" \/><\/p>\n<p data-mrf-recirculation=\"Links inline\">Durante la tarde del viernes y cuando la lluvia ya era un hecho, se especul\u00f3 con un posible cambio de horarios que permitieran la realizaci\u00f3n normal del show. Sin embargo, finalmente se decidi\u00f3 trasladarlo al pr\u00f3ximo domingo, d\u00eda en que seg\u00fan el pron\u00f3stico para Buenos Aires, ser\u00e1 un d\u00eda nublado y con una m\u00e1xima de 23 grados.<\/p>\n<p class=\"paragraph\" data-mrf-recirculation=\"Links inline\">El Servicio Meteorol\u00f3gico\u00a0hab\u00eda emitido este viernes\u00a0<b>cinco alertas meteorol\u00f3gicas<\/b>\u00a0de nivel naranja y amarillo\u00a0por diferentes fen\u00f3menos que afectan a 17 provincias, entre los que se destacan\u00a0<b>tormentas fuertes en la Ciudad de Buenos Aires y el conurbano bonaerense.<\/b>\u00a0Adem\u00e1s, inform\u00f3 que el viento Zonda podr\u00eda superar los 85 kil\u00f3metros por hora (km\/h) en la regi\u00f3n de Cuyo.<\/p>\n<p class=\"paragraph\" data-mrf-recirculation=\"Links inline\">\u201cLas lluvias y tormentas estar\u00e1n acompa\u00f1adas por\u00a0<b>ca\u00edda de granizo, r\u00e1fagas intensas, actividad el\u00e9ctrica fuerte<\/b>\u00a0y principalmente<b>\u00a0abundante ca\u00edda de agua en cortos per\u00edodos,\u00a0<\/b>con valores de precipitaci\u00f3n acumulada entre 70 y 100 mil\u00edmetros (mm)\u201d, indicaron desde el organismo.<\/p>\n<p data-mrf-recirculation=\"Links inline\">Ni bien se conoci\u00f3 la noticia, la propia artista public\u00f3 un mensaje en su cuenta de Instagram: \u201cAmo los shows bajo la lluvia pero nunca voy a poner en riesgo a mis fans, ni a mis compa\u00f1eros artistas ni a mi equipo. Hemos reprogramado el show de esta noche en Buenos Aires debido a que el clima ha sido realmente ca\u00f3tico y ser\u00eda inseguro intentar realizar el concierto\u201d, inform\u00f3 la artista. Y cerr\u00f3 con un mensaje optimista, y un gui\u00f1o para sus fans. \u201c<b>La buena noticia es que estar\u00e9 m\u00e1s tiempo en Argentina<\/b>\u201d.<\/p>\n<p data-mrf-recirculation=\"Links inline\"><img alt=\"\" loading=\"lazy\" decoding=\"async\" class=\"alignnone wp-image-101073 size-full\" src=\"https:\/\/www.cordobatimes.com\/showup\/wp-content\/uploads\/2023\/11\/Pantallazo-10-11-2023-18.53.32.jpg\" alt=\"\" width=\"498\" height=\"889\" srcset=\"https:\/\/www.cordobatimes.com\/showup\/wp-content\/uploads\/2023\/11\/Pantallazo-10-11-2023-18.53.32.jpg 498w, https:\/\/www.cordobatimes.com\/showup\/wp-content\/uploads\/2023\/11\/Pantallazo-10-11-2023-18.53.32-235x420.jpg 235w\" sizes=\"auto, (max-width: 498px) 100vw, 498px\" \/><\/p>\n<p data-mrf-recirculation=\"Links inline\">\n","protected":false},"excerpt":{"rendered":"<p>Debido a las condiciones clim\u00e1ticas adversas en Buenos Aires, el espect\u00e1culo que estaba previsto para esta noche en el estadio de River se pas\u00f3 al domingo 12 de noviembre Este viernes 10 de noviembre\u00a0Taylor Swift\u00a0ten\u00eda previsto realizar su segundo show en el Estadio de River, como parte de la gira\u00a0The Eras Tour.\u00a0Pero la productora\u00a0DF Entertainment, [&hellip;]<\/p>\n","protected":false},"author":1,"featured_media":101071,"comment_status":"closed","ping_status":"closed","sticky":false,"template":"","format":"standard","meta":{"_seopress_robots_primary_cat":"","_seopress_titles_title":"","_seopress_titles_desc":"","_seopress_robots_index":"","footnotes":""},"categories":[5],"tags":[38513,38514,906,37095],"class_list":{"0":"post-101070","1":"post","2":"type-post","3":"status-publish","4":"format-standard","5":"has-post-thumbnail","7":"category-musica","8":"tag-reprogramo-el-show-de-taylor-swift","9":"tag-show-de-taylor-swift","10":"tag-taylor-swift","11":"tag-taylor-swift-en-argentina"},"_links":{"self":[{"href":"https:\/\/www.cordobatimes.com\/showup\/wp-json\/wp\/v2\/posts\/101070","targetHints":{"allow":["GET"]}}],"collection":[{"href":"https:\/\/www.cordobatimes.com\/showup\/wp-json\/wp\/v2\/posts"}],"about":[{"href":"https:\/\/www.cordobatimes.com\/showup\/wp-json\/wp\/v2\/types\/post"}],"author":[{"embeddable":true,"href":"https:\/\/www.cordobatimes.com\/showup\/wp-json\/wp\/v2\/users\/1"}],"replies":[{"embeddable":true,"href":"https:\/\/www.cordobatimes.com\/showup\/wp-json\/wp\/v2\/comments?post=101070"}],"version-history":[{"count":0,"href":"https:\/\/www.cordobatimes.com\/showup\/wp-json\/wp\/v2\/posts\/101070\/revisions"}],"wp:featuredmedia":[{"embeddable":true,"href":"https:\/\/www.cordobatimes.com\/showup\/wp-json\/wp\/v2\/media\/101071"}],"wp:attachment":[{"href":"https:\/\/www.cordobatimes.com\/showup\/wp-json\/wp\/v2\/media?parent=101070"}],"wp:term":[{"taxonomy":"category","embeddable":true,"href":"https:\/\/www.cordobatimes.com\/showup\/wp-json\/wp\/v2\/categories?post=101070"},{"taxonomy":"post_tag","embeddable":true,"href":"https:\/\/www.cordobatimes.com\/showup\/wp-json\/wp\/v2\/tags?post=101070"}],"curies":[{"name":"wp","href":"https:\/\/api.w.org\/{rel}","templated":true}]}}