{"id":101047,"date":"2023-11-09T20:47:53","date_gmt":"2023-11-09T23:47:53","guid":{"rendered":"https:\/\/www.cordobatimes.com\/showup\/?p=101047"},"modified":"2023-11-09T20:47:53","modified_gmt":"2023-11-09T23:47:53","slug":"intensamente-2-presenta-a-ansiedad","status":"publish","type":"post","link":"https:\/\/www.cordobatimes.com\/showup\/cine-y-series\/2023\/11\/09\/intensamente-2-presenta-a-ansiedad\/","title":{"rendered":"\u201cIntensamente 2\u201d presenta a Ansiedad"},"content":{"rendered":"<h3><strong>La mente de Riley enfrenta nuevos desaf\u00edos con la llegada de la emoci\u00f3n conocida como Ansiedad, interpretada por Maya Hawke<\/strong><\/h3>\n<p>Disney\u00a0y\u00a0Pixar\u00a0han anunciado el lanzamiento de su nueva pel\u00edcula,\u00a0Intensamente 2\u00a0(Inside Out 2), prevista para llegar a los cines en junio de 2024. La secuela del aclamado film original de 2015 retomar\u00e1 la historia de Riley, quien ahora es una adolescente tras cumplir 13 a\u00f1os, y presentar\u00e1 un cambio significativo en su mundo interno con la introducci\u00f3n de una primera de cuatro emociones nunca antes vistas: la\u00a0Ansiedad.<\/p>\n<p>\u201cIntensamente 2, de Disney y Pixar, vuelve a la mente de Riley, una adolescente reci\u00e9n llegada, justo cuando el cuartel general est\u00e1 siendo demolido repentinamente para hacer sitio a algo totalmente inesperado: \u00a1nuevas emociones! Alegr\u00eda, Tristeza, Ira, Miedo y Asco, que durante mucho tiempo han dirigido una exitosa operaci\u00f3n seg\u00fan todos los indicios, no est\u00e1n seguros de c\u00f3mo sentirse cuando aparece Ansiedad. Y parece que no est\u00e1 sola\u201d, advierte la sinopsis oficial.<\/p>\n<p><img alt=\"\" loading=\"lazy\" decoding=\"async\" class=\"alignnone size-medium wp-image-101049\" src=\"https:\/\/www.cordobatimes.com\/showup\/wp-content\/uploads\/2023\/11\/Pantallazo-09-11-2023-20.37.07-747x420.jpg\" alt=\"\" width=\"747\" height=\"420\" srcset=\"https:\/\/www.cordobatimes.com\/showup\/wp-content\/uploads\/2023\/11\/Pantallazo-09-11-2023-20.37.07-747x420.jpg 747w, https:\/\/www.cordobatimes.com\/showup\/wp-content\/uploads\/2023\/11\/Pantallazo-09-11-2023-20.37.07-1024x576.jpg 1024w, https:\/\/www.cordobatimes.com\/showup\/wp-content\/uploads\/2023\/11\/Pantallazo-09-11-2023-20.37.07-768x432.jpg 768w, https:\/\/www.cordobatimes.com\/showup\/wp-content\/uploads\/2023\/11\/Pantallazo-09-11-2023-20.37.07-696x391.jpg 696w, https:\/\/www.cordobatimes.com\/showup\/wp-content\/uploads\/2023\/11\/Pantallazo-09-11-2023-20.37.07.jpg 1060w\" sizes=\"auto, (max-width: 747px) 100vw, 747px\" \/><\/p>\n<div style=\"width: 640px;\" class=\"wp-video\"><video class=\"wp-video-shortcode\" id=\"video-101047-1\" width=\"640\" height=\"360\" preload=\"metadata\" controls=\"controls\"><source type=\"video\/mp4\" src=\"https:\/\/www.cordobatimes.com\/showup\/wp-content\/uploads\/2023\/11\/videoplayback-1-1.mp4?_=1\" \/><a href=\"https:\/\/www.cordobatimes.com\/showup\/wp-content\/uploads\/2023\/11\/videoplayback-1-1.mp4\">https:\/\/www.cordobatimes.com\/showup\/wp-content\/uploads\/2023\/11\/videoplayback-1-1.mp4<\/a><\/video><\/div>\n","protected":false},"excerpt":{"rendered":"<p>La mente de Riley enfrenta nuevos desaf\u00edos con la llegada de la emoci\u00f3n conocida como Ansiedad, interpretada por Maya Hawke Disney\u00a0y\u00a0Pixar\u00a0han anunciado el lanzamiento de su nueva pel\u00edcula,\u00a0Intensamente 2\u00a0(Inside Out 2), prevista para llegar a los cines en junio de 2024. La secuela del aclamado film original de 2015 retomar\u00e1 la historia de Riley, quien [&hellip;]<\/p>\n","protected":false},"author":1,"featured_media":101048,"comment_status":"closed","ping_status":"closed","sticky":false,"template":"","format":"standard","meta":{"_seopress_robots_primary_cat":"","_seopress_titles_title":"","_seopress_titles_desc":"","_seopress_robots_index":"","footnotes":""},"categories":[3],"tags":[38504,38503],"class_list":{"0":"post-101047","1":"post","2":"type-post","3":"status-publish","4":"format-standard","5":"has-post-thumbnail","7":"category-cine-y-series","8":"tag-intensamente-2-ansiedad","9":"tag-trailer-de-intensamente-2"},"_links":{"self":[{"href":"https:\/\/www.cordobatimes.com\/showup\/wp-json\/wp\/v2\/posts\/101047","targetHints":{"allow":["GET"]}}],"collection":[{"href":"https:\/\/www.cordobatimes.com\/showup\/wp-json\/wp\/v2\/posts"}],"about":[{"href":"https:\/\/www.cordobatimes.com\/showup\/wp-json\/wp\/v2\/types\/post"}],"author":[{"embeddable":true,"href":"https:\/\/www.cordobatimes.com\/showup\/wp-json\/wp\/v2\/users\/1"}],"replies":[{"embeddable":true,"href":"https:\/\/www.cordobatimes.com\/showup\/wp-json\/wp\/v2\/comments?post=101047"}],"version-history":[{"count":0,"href":"https:\/\/www.cordobatimes.com\/showup\/wp-json\/wp\/v2\/posts\/101047\/revisions"}],"wp:featuredmedia":[{"embeddable":true,"href":"https:\/\/www.cordobatimes.com\/showup\/wp-json\/wp\/v2\/media\/101048"}],"wp:attachment":[{"href":"https:\/\/www.cordobatimes.com\/showup\/wp-json\/wp\/v2\/media?parent=101047"}],"wp:term":[{"taxonomy":"category","embeddable":true,"href":"https:\/\/www.cordobatimes.com\/showup\/wp-json\/wp\/v2\/categories?post=101047"},{"taxonomy":"post_tag","embeddable":true,"href":"https:\/\/www.cordobatimes.com\/showup\/wp-json\/wp\/v2\/tags?post=101047"}],"curies":[{"name":"wp","href":"https:\/\/api.w.org\/{rel}","templated":true}]}}