{"id":101000,"date":"2023-11-06T20:20:44","date_gmt":"2023-11-06T23:20:44","guid":{"rendered":"https:\/\/www.cordobatimes.com\/showup\/?p=101000"},"modified":"2023-11-06T20:20:44","modified_gmt":"2023-11-06T23:20:44","slug":"taylor-swift-en-argentina-louta-abrira-los-shows-del-the-eras-tour","status":"publish","type":"post","link":"https:\/\/www.cordobatimes.com\/showup\/musica\/2023\/11\/06\/taylor-swift-en-argentina-louta-abrira-los-shows-del-the-eras-tour\/","title":{"rendered":"Taylor Swift en Argentina: Louta abrir\u00e1 los shows del \u00abThe Eras Tour\u00bb"},"content":{"rendered":"<h3><strong>El cantante ser\u00e1 el telonero nacional de la estrella estadounidense el 9, 10 y 11 de noviembre en El Monumental, sum\u00e1ndose a Sabrina Carpenter.<\/strong><\/h3>\n<p>Louta\u00a0ser\u00e1 el encargado nacional de abrir los shows que\u00a0Taylor Swift\u00a0ofrecer\u00e1 en el estadio de River Plata en el marco del c\u00e9lebre The Eras Tour. De esta manera,\u00a0e cantante y compositor argentino se suma a\u00a0Sabrina Carpenter\u00a0en la previa de la estrella estadounidense.<\/p>\n<p>La productora DF Entertainment confirm\u00f3 la informaci\u00f3n en la red.\u00a0De esta manera, queda confirmada la grilla de los tres conciertos que Taylor dar\u00e1 en nuestro pa\u00eds, en el marco de su exitosa gira mundial\u00a0\u00abThe Eras Tour\u00bb\u00a0el pr\u00f3ximo\u00a09, 10 y 11 de noviembre en el Estadio River.<\/p>\n<p><img alt=\"\" loading=\"lazy\" decoding=\"async\" class=\"alignnone size-medium wp-image-101001\" src=\"https:\/\/www.cordobatimes.com\/showup\/wp-content\/uploads\/2023\/11\/Pantallazo-06-11-2023-20.06.46-750x407.jpg\" alt=\"\" width=\"750\" height=\"407\" srcset=\"https:\/\/www.cordobatimes.com\/showup\/wp-content\/uploads\/2023\/11\/Pantallazo-06-11-2023-20.06.46-750x407.jpg 750w, https:\/\/www.cordobatimes.com\/showup\/wp-content\/uploads\/2023\/11\/Pantallazo-06-11-2023-20.06.46-1024x555.jpg 1024w, https:\/\/www.cordobatimes.com\/showup\/wp-content\/uploads\/2023\/11\/Pantallazo-06-11-2023-20.06.46-760x412.jpg 760w, https:\/\/www.cordobatimes.com\/showup\/wp-content\/uploads\/2023\/11\/Pantallazo-06-11-2023-20.06.46-768x417.jpg 768w, https:\/\/www.cordobatimes.com\/showup\/wp-content\/uploads\/2023\/11\/Pantallazo-06-11-2023-20.06.46-696x377.jpg 696w, https:\/\/www.cordobatimes.com\/showup\/wp-content\/uploads\/2023\/11\/Pantallazo-06-11-2023-20.06.46-1068x580.jpg 1068w, https:\/\/www.cordobatimes.com\/showup\/wp-content\/uploads\/2023\/11\/Pantallazo-06-11-2023-20.06.46-774x420.jpg 774w, https:\/\/www.cordobatimes.com\/showup\/wp-content\/uploads\/2023\/11\/Pantallazo-06-11-2023-20.06.46.jpg 1121w\" sizes=\"auto, (max-width: 750px) 100vw, 750px\" \/><\/p>\n<p>\u00abVoy a estar abriendo los tres show de Taylor Swift en River.\u00a0Tremenda felicidad, extrema admiraci\u00f3n por Taylor\u00a0y todo lo que hace.\u00a0Muy groso que ella y su equipo nos hayan elegido para esto. Muchas gracias, hermoso\u00bb, expres\u00f3 el m\u00fasico de 29 a\u00f1os a trav\u00e9s de una publicaci\u00f3n en su cuenta de\u00a0Instagram.<\/p>\n<p>\u201cCon su trabajo experimental y camale\u00f3nico que combina elementos de los ritmos urbanos, el trap, el pop y el reggaet\u00f3n, Jaime James, al frente del proyecto que es Louta, es un referente cada vez m\u00e1s resonante de la m\u00fasica local contempor\u00e1nea\u201d, dice la\u00a0presentaci\u00f3n oficial.<\/p>\n<p>Tambi\u00e9n destacan que el m\u00fasico -cuyo nombre real es Jaime Mart\u00edn James- est\u00e1 en movimiento constante, debido a los\u00a0shows que ha brindado en el Lollapalooza en Chile, el Asunci\u00f3nico en Paraguay, el Festival Est\u00e9reo Picnic en Colombia y AXE Ceremonia en M\u00e9xico.<\/p>\n<p>Louta public\u00f3 dos simples: \u00abVeneno\u00bb y Diamante, una colaboraci\u00f3n con la cantautora colombiana Elsa y Elmar.<\/p>\n","protected":false},"excerpt":{"rendered":"<p>El cantante ser\u00e1 el telonero nacional de la estrella estadounidense el 9, 10 y 11 de noviembre en El Monumental, sum\u00e1ndose a Sabrina Carpenter. Louta\u00a0ser\u00e1 el encargado nacional de abrir los shows que\u00a0Taylor Swift\u00a0ofrecer\u00e1 en el estadio de River Plata en el marco del c\u00e9lebre The Eras Tour. De esta manera,\u00a0e cantante y compositor argentino [&hellip;]<\/p>\n","protected":false},"author":1,"featured_media":101002,"comment_status":"closed","ping_status":"closed","sticky":false,"template":"","format":"standard","meta":{"_seopress_robots_primary_cat":"","_seopress_titles_title":"","_seopress_titles_desc":"","_seopress_robots_index":"","footnotes":""},"categories":[5],"tags":[38480,37095,38481,38482],"class_list":{"0":"post-101000","1":"post","2":"type-post","3":"status-publish","4":"format-standard","5":"has-post-thumbnail","7":"category-musica","8":"tag-louta-abrira-los-shows-del-the-eras-tour","9":"tag-taylor-swift-en-argentina","10":"tag-taylor-swift-en-argentina-louta","11":"tag-taylor-swift-the-eras-tour"},"_links":{"self":[{"href":"https:\/\/www.cordobatimes.com\/showup\/wp-json\/wp\/v2\/posts\/101000","targetHints":{"allow":["GET"]}}],"collection":[{"href":"https:\/\/www.cordobatimes.com\/showup\/wp-json\/wp\/v2\/posts"}],"about":[{"href":"https:\/\/www.cordobatimes.com\/showup\/wp-json\/wp\/v2\/types\/post"}],"author":[{"embeddable":true,"href":"https:\/\/www.cordobatimes.com\/showup\/wp-json\/wp\/v2\/users\/1"}],"replies":[{"embeddable":true,"href":"https:\/\/www.cordobatimes.com\/showup\/wp-json\/wp\/v2\/comments?post=101000"}],"version-history":[{"count":0,"href":"https:\/\/www.cordobatimes.com\/showup\/wp-json\/wp\/v2\/posts\/101000\/revisions"}],"wp:featuredmedia":[{"embeddable":true,"href":"https:\/\/www.cordobatimes.com\/showup\/wp-json\/wp\/v2\/media\/101002"}],"wp:attachment":[{"href":"https:\/\/www.cordobatimes.com\/showup\/wp-json\/wp\/v2\/media?parent=101000"}],"wp:term":[{"taxonomy":"category","embeddable":true,"href":"https:\/\/www.cordobatimes.com\/showup\/wp-json\/wp\/v2\/categories?post=101000"},{"taxonomy":"post_tag","embeddable":true,"href":"https:\/\/www.cordobatimes.com\/showup\/wp-json\/wp\/v2\/tags?post=101000"}],"curies":[{"name":"wp","href":"https:\/\/api.w.org\/{rel}","templated":true}]}}