{"id":100975,"date":"2023-11-03T11:45:48","date_gmt":"2023-11-03T14:45:48","guid":{"rendered":"https:\/\/www.cordobatimes.com\/showup\/?p=100975"},"modified":"2023-11-03T11:45:48","modified_gmt":"2023-11-03T14:45:48","slug":"todos-los-looks-de-los-personajes-del-ano-de-gente","status":"publish","type":"post","link":"https:\/\/www.cordobatimes.com\/showup\/moda-y-estilos\/2023\/11\/03\/todos-los-looks-de-los-personajes-del-ano-de-gente\/","title":{"rendered":"Todos los Looks de Los personajes del a\u00f1o de Gente"},"content":{"rendered":"<h3><strong>Diversas personalidades de la televisi\u00f3n, la pol\u00edtica y la m\u00fasica asistieron al evento que se llev\u00f3 a cabo en el Faena Art Center<\/strong><\/h3>\n<header class=\"header-full-width\">\n<div class=\"article-header \"><\/div>\n<\/header>\n<article>\n<div class=\"sharebar-container\">\n<div class=\"sharebar-buttons-container\">\n<div class=\"sharebar-buttons button-share\" tabindex=\"0\" role=\"button\"><\/div>\n<\/div>\n<\/div>\n<div class=\"body-article\">\n<div class=\"visual__image image-full-width\"><img loading=\"lazy\" decoding=\"async\" class=\" lazyload\" src=\"https:\/\/www.infobae.com\/new-resizer\/_klQp32G-oseMzTZ9ueUJWGO9vQ=\/420x560\/filters:format(webp):quality(85)\/cloudfront-us-east-1.images.arcpublishing.com\/infobae\/UE2CGE2AMVFA3O5QXWGVVNYKN4.jpg%20420w\" sizes=\"auto, 100vw\" srcset=\"https:\/\/www.infobae.com\/new-resizer\/_klQp32G-oseMzTZ9ueUJWGO9vQ=\/420x560\/filters:format(webp):quality(85)\/cloudfront-us-east-1.images.arcpublishing.com\/infobae\/UE2CGE2AMVFA3O5QXWGVVNYKN4.jpg 420w,https:\/\/www.infobae.com\/new-resizer\/Yj0UB_7BnEsraKrHBntzc8QsGHM=\/768x1024\/filters:format(webp):quality(85)\/cloudfront-us-east-1.images.arcpublishing.com\/infobae\/UE2CGE2AMVFA3O5QXWGVVNYKN4.jpg 768w,https:\/\/www.infobae.com\/new-resizer\/007rWh6wy8PHGEpLBZI9x6TnOu0=\/992x1323\/filters:format(webp):quality(85)\/cloudfront-us-east-1.images.arcpublishing.com\/infobae\/UE2CGE2AMVFA3O5QXWGVVNYKN4.jpg 992w,https:\/\/www.infobae.com\/new-resizer\/QxYNwYOdLQPRg6wwBB2UmjAJszU=\/1200x1600\/filters:format(webp):quality(85)\/cloudfront-us-east-1.images.arcpublishing.com\/infobae\/UE2CGE2AMVFA3O5QXWGVVNYKN4.jpg 1200w\" alt=\"La conductora Mirtha Legrand luci\u00f3 un vestido de encaje celeste de la dise\u00f1adora Iara, con detalles plateados bordados. Para completar el look elegante, opt\u00f3 por un clutch plateado (RS Fotos)\" width=\"1920\" height=\"2393\" data-src=\"https:\/\/www.infobae.com\/new-resizer\/_klQp32G-oseMzTZ9ueUJWGO9vQ=\/420x560\/filters:format(webp):quality(85)\/cloudfront-us-east-1.images.arcpublishing.com\/infobae\/UE2CGE2AMVFA3O5QXWGVVNYKN4.jpg 420w\" \/>La conductora Mirtha Legrand luci\u00f3 un vestido de encaje celeste de la dise\u00f1adora Iara, con detalles plateados bordados. Para completar el look elegante, opt\u00f3 por un clutch plateado (RS Fotos)<\/div>\n<div class=\"visual__image image-full-width\"><img loading=\"lazy\" decoding=\"async\" class=\" lazyload\" src=\"https:\/\/www.infobae.com\/new-resizer\/zRDWiwwZMlM9O-Xx-HxWtxCgt3A=\/420x560\/filters:format(webp):quality(85)\/cloudfront-us-east-1.images.arcpublishing.com\/infobae\/EIAXNGSZ7FAMPGX4DRUX5QCIKU.jpg%20420w\" sizes=\"auto, 100vw\" srcset=\"https:\/\/www.infobae.com\/new-resizer\/zRDWiwwZMlM9O-Xx-HxWtxCgt3A=\/420x560\/filters:format(webp):quality(85)\/cloudfront-us-east-1.images.arcpublishing.com\/infobae\/EIAXNGSZ7FAMPGX4DRUX5QCIKU.jpg 420w,https:\/\/www.infobae.com\/new-resizer\/tZXdjBW9Ky_6akG8BnHcP2A_Gj0=\/768x1024\/filters:format(webp):quality(85)\/cloudfront-us-east-1.images.arcpublishing.com\/infobae\/EIAXNGSZ7FAMPGX4DRUX5QCIKU.jpg 768w,https:\/\/www.infobae.com\/new-resizer\/CzqEMnfrYu1jvfjVhAX1Lx4ZnX8=\/992x1323\/filters:format(webp):quality(85)\/cloudfront-us-east-1.images.arcpublishing.com\/infobae\/EIAXNGSZ7FAMPGX4DRUX5QCIKU.jpg 992w,https:\/\/www.infobae.com\/new-resizer\/Wdk-k_lApIDv-e85GU5ws_n9JuM=\/1200x1600\/filters:format(webp):quality(85)\/cloudfront-us-east-1.images.arcpublishing.com\/infobae\/EIAXNGSZ7FAMPGX4DRUX5QCIKU.jpg 1200w\" alt=\"El conductor Marcelo Tinelli opt\u00f3 por un look total black que contrastaba con su pelo blanco \" width=\"1920\" height=\"2382\" data-src=\"https:\/\/www.infobae.com\/new-resizer\/zRDWiwwZMlM9O-Xx-HxWtxCgt3A=\/420x560\/filters:format(webp):quality(85)\/cloudfront-us-east-1.images.arcpublishing.com\/infobae\/EIAXNGSZ7FAMPGX4DRUX5QCIKU.jpg 420w\" \/>El conductor Marcelo Tinelli opt\u00f3 por un look total black que contrastaba con su pelo blanco<\/div>\n<div class=\"visual__image image-full-width\"><img loading=\"lazy\" decoding=\"async\" class=\" lazyload\" src=\"https:\/\/www.infobae.com\/new-resizer\/ADS09x4kzt4DzKtXJn11uVhcEFw=\/420x560\/filters:format(webp):quality(85)\/cloudfront-us-east-1.images.arcpublishing.com\/infobae\/5DM7BV65ANAU7N3GDX6GLSBJWQ.jpg%20420w\" sizes=\"auto, 100vw\" srcset=\"https:\/\/www.infobae.com\/new-resizer\/ADS09x4kzt4DzKtXJn11uVhcEFw=\/420x560\/filters:format(webp):quality(85)\/cloudfront-us-east-1.images.arcpublishing.com\/infobae\/5DM7BV65ANAU7N3GDX6GLSBJWQ.jpg 420w,https:\/\/www.infobae.com\/new-resizer\/K07kMTXrvZRI1PI1drQL4NN5NYA=\/768x1024\/filters:format(webp):quality(85)\/cloudfront-us-east-1.images.arcpublishing.com\/infobae\/5DM7BV65ANAU7N3GDX6GLSBJWQ.jpg 768w,https:\/\/www.infobae.com\/new-resizer\/6Iox-kEHhm0MFP32QE5q5bGzsMg=\/992x1323\/filters:format(webp):quality(85)\/cloudfront-us-east-1.images.arcpublishing.com\/infobae\/5DM7BV65ANAU7N3GDX6GLSBJWQ.jpg 992w,https:\/\/www.infobae.com\/new-resizer\/fmStG5Kalk2yVn0Onv5JdqlqzxQ=\/1200x1600\/filters:format(webp):quality(85)\/cloudfront-us-east-1.images.arcpublishing.com\/infobae\/5DM7BV65ANAU7N3GDX6GLSBJWQ.jpg 1200w\" alt=\"Pampita Ardohain brill\u00f3 con un vestido dorado, con una textura que mezclaba la seda y el encaje. La modelo se coloc\u00f3 extensiones en su cabello para tener una melena s\u00faper larga\" width=\"1920\" height=\"2340\" data-src=\"https:\/\/www.infobae.com\/new-resizer\/ADS09x4kzt4DzKtXJn11uVhcEFw=\/420x560\/filters:format(webp):quality(85)\/cloudfront-us-east-1.images.arcpublishing.com\/infobae\/5DM7BV65ANAU7N3GDX6GLSBJWQ.jpg 420w\" \/>Pampita Ardohain brill\u00f3 con un vestido dorado, con una textura que mezclaba la seda y el encaje. La modelo se coloc\u00f3 extensiones en su cabello para tener una melena s\u00faper larga<\/div>\n<div class=\"visual__image image-full-width\"><img loading=\"lazy\" decoding=\"async\" class=\" lazyload\" src=\"https:\/\/www.infobae.com\/new-resizer\/v4fb-1VUJZTm7Theab69MglFWHY=\/420x560\/filters:format(webp):quality(85)\/cloudfront-us-east-1.images.arcpublishing.com\/infobae\/LBHABSUFURFNXHZVQIM2ON6XDQ.jpg%20420w\" sizes=\"auto, 100vw\" srcset=\"https:\/\/www.infobae.com\/new-resizer\/v4fb-1VUJZTm7Theab69MglFWHY=\/420x560\/filters:format(webp):quality(85)\/cloudfront-us-east-1.images.arcpublishing.com\/infobae\/LBHABSUFURFNXHZVQIM2ON6XDQ.jpg 420w,https:\/\/www.infobae.com\/new-resizer\/m8ukXVEQIqBzCJplb-kWA2tfJOg=\/768x1024\/filters:format(webp):quality(85)\/cloudfront-us-east-1.images.arcpublishing.com\/infobae\/LBHABSUFURFNXHZVQIM2ON6XDQ.jpg 768w,https:\/\/www.infobae.com\/new-resizer\/0hrrh2FYmXZqu_Qws805KHSnUyA=\/992x1323\/filters:format(webp):quality(85)\/cloudfront-us-east-1.images.arcpublishing.com\/infobae\/LBHABSUFURFNXHZVQIM2ON6XDQ.jpg 992w,https:\/\/www.infobae.com\/new-resizer\/R3Oe8dHa5N0NSZqDBe1RhQ1CZ0o=\/1200x1600\/filters:format(webp):quality(85)\/cloudfront-us-east-1.images.arcpublishing.com\/infobae\/LBHABSUFURFNXHZVQIM2ON6XDQ.jpg 1200w\" alt=\"Moria Cas\u00e1n se rob\u00f3 todas las miradas con un look exc\u00e9ntrico del dise\u00f1ador Jean Paul Gaultier, con transparencias, mangas de piel sint\u00e9tica en color rosa y sandalias con plataformas\" width=\"1920\" height=\"2327\" data-src=\"https:\/\/www.infobae.com\/new-resizer\/v4fb-1VUJZTm7Theab69MglFWHY=\/420x560\/filters:format(webp):quality(85)\/cloudfront-us-east-1.images.arcpublishing.com\/infobae\/LBHABSUFURFNXHZVQIM2ON6XDQ.jpg 420w\" \/>Moria Cas\u00e1n se rob\u00f3 todas las miradas con un look exc\u00e9ntrico del dise\u00f1ador Jean Paul Gaultier, con transparencias, mangas de piel sint\u00e9tica en color rosa y sandalias con plataformas<\/div>\n<div class=\"visual__image image-full-width\"><img loading=\"lazy\" decoding=\"async\" class=\" lazyload\" src=\"https:\/\/www.infobae.com\/new-resizer\/-FZR5ML_cn9o8huaDJUFBBgp-Z0=\/420x560\/filters:format(webp):quality(85)\/cloudfront-us-east-1.images.arcpublishing.com\/infobae\/QTRAKODEQFGEDEFRJHKAIWCKEQ.jpg%20420w\" sizes=\"auto, 100vw\" srcset=\"https:\/\/www.infobae.com\/new-resizer\/-FZR5ML_cn9o8huaDJUFBBgp-Z0=\/420x560\/filters:format(webp):quality(85)\/cloudfront-us-east-1.images.arcpublishing.com\/infobae\/QTRAKODEQFGEDEFRJHKAIWCKEQ.jpg 420w,https:\/\/www.infobae.com\/new-resizer\/9T0tb1Gf-cupetwNfdYdTvBI71E=\/768x1024\/filters:format(webp):quality(85)\/cloudfront-us-east-1.images.arcpublishing.com\/infobae\/QTRAKODEQFGEDEFRJHKAIWCKEQ.jpg 768w,https:\/\/www.infobae.com\/new-resizer\/qZBc0sffy78IWR3ZXC2fWik_tfI=\/992x1323\/filters:format(webp):quality(85)\/cloudfront-us-east-1.images.arcpublishing.com\/infobae\/QTRAKODEQFGEDEFRJHKAIWCKEQ.jpg 992w,https:\/\/www.infobae.com\/new-resizer\/ZN9UAi3aa_3rF7OkPUIqpKxfPYs=\/1200x1600\/filters:format(webp):quality(85)\/cloudfront-us-east-1.images.arcpublishing.com\/infobae\/QTRAKODEQFGEDEFRJHKAIWCKEQ.jpg 1200w\" alt=\"La conductora Ver\u00f3nica Lozano luci\u00f3 un vestido color nude con apliques de piedras, recortes laterales y un tajo. El dise\u00f1o es de su c\u00e1psula Vero Lozano by Antol\u00edn\" width=\"1920\" height=\"2223\" data-src=\"https:\/\/www.infobae.com\/new-resizer\/-FZR5ML_cn9o8huaDJUFBBgp-Z0=\/420x560\/filters:format(webp):quality(85)\/cloudfront-us-east-1.images.arcpublishing.com\/infobae\/QTRAKODEQFGEDEFRJHKAIWCKEQ.jpg 420w\" \/>La conductora Ver\u00f3nica Lozano luci\u00f3 un vestido color nude con apliques de piedras, recortes laterales y un tajo. El dise\u00f1o es de su c\u00e1psula Vero Lozano by Antol\u00edn<\/div>\n<div class=\"visual__image image-full-width\"><img loading=\"lazy\" decoding=\"async\" class=\" lazyload\" src=\"https:\/\/www.infobae.com\/new-resizer\/qfSowMCP7rz-h1QldM1QOudKRPI=\/420x560\/filters:format(webp):quality(85)\/cloudfront-us-east-1.images.arcpublishing.com\/infobae\/Y3LC5RT65VEC3LQ5SO5LRNXOJY.jpg%20420w\" sizes=\"auto, 100vw\" srcset=\"https:\/\/www.infobae.com\/new-resizer\/qfSowMCP7rz-h1QldM1QOudKRPI=\/420x560\/filters:format(webp):quality(85)\/cloudfront-us-east-1.images.arcpublishing.com\/infobae\/Y3LC5RT65VEC3LQ5SO5LRNXOJY.jpg 420w,https:\/\/www.infobae.com\/new-resizer\/wV_oxeHdvudQ5dU3b9WuyWLt7ME=\/768x1024\/filters:format(webp):quality(85)\/cloudfront-us-east-1.images.arcpublishing.com\/infobae\/Y3LC5RT65VEC3LQ5SO5LRNXOJY.jpg 768w,https:\/\/www.infobae.com\/new-resizer\/OrV3WrDg5IeGTB9yqiZwefI4l5I=\/992x1323\/filters:format(webp):quality(85)\/cloudfront-us-east-1.images.arcpublishing.com\/infobae\/Y3LC5RT65VEC3LQ5SO5LRNXOJY.jpg 992w,https:\/\/www.infobae.com\/new-resizer\/7uaHConUFD1TxTLd3kyiC9r40Ow=\/1200x1600\/filters:format(webp):quality(85)\/cloudfront-us-east-1.images.arcpublishing.com\/infobae\/Y3LC5RT65VEC3LQ5SO5LRNXOJY.jpg 1200w\" alt=\"El actor chileno Benjam\u00edn Vicu\u00f1a opt\u00f3 por un look cl\u00e1sico con un traje de Key Biscayne\n\" width=\"1920\" height=\"2300\" data-src=\"https:\/\/www.infobae.com\/new-resizer\/qfSowMCP7rz-h1QldM1QOudKRPI=\/420x560\/filters:format(webp):quality(85)\/cloudfront-us-east-1.images.arcpublishing.com\/infobae\/Y3LC5RT65VEC3LQ5SO5LRNXOJY.jpg 420w\" \/>El actor chileno Benjam\u00edn Vicu\u00f1a opt\u00f3 por un look cl\u00e1sico con un traje de Key Biscayne<\/div>\n<div class=\"visual__image image-full-width\"><img loading=\"lazy\" decoding=\"async\" class=\" lazyload\" src=\"https:\/\/www.infobae.com\/new-resizer\/7FqKi5yiEHUPTi2XPMPu6h9fJDY=\/420x560\/filters:format(webp):quality(85)\/cloudfront-us-east-1.images.arcpublishing.com\/infobae\/IBR2ZMG47ZDIDMIV2BLAWSFTLM.png%20420w\" sizes=\"auto, 100vw\" srcset=\"https:\/\/www.infobae.com\/new-resizer\/7FqKi5yiEHUPTi2XPMPu6h9fJDY=\/420x560\/filters:format(webp):quality(85)\/cloudfront-us-east-1.images.arcpublishing.com\/infobae\/IBR2ZMG47ZDIDMIV2BLAWSFTLM.png 420w,https:\/\/www.infobae.com\/new-resizer\/13rzmUEjYON9K5sK0SEVijYdPx8=\/768x1024\/filters:format(webp):quality(85)\/cloudfront-us-east-1.images.arcpublishing.com\/infobae\/IBR2ZMG47ZDIDMIV2BLAWSFTLM.png 768w,https:\/\/www.infobae.com\/new-resizer\/SijTmP8c77GDFUQNCI4v2FlE8hI=\/992x1323\/filters:format(webp):quality(85)\/cloudfront-us-east-1.images.arcpublishing.com\/infobae\/IBR2ZMG47ZDIDMIV2BLAWSFTLM.png 992w,https:\/\/www.infobae.com\/new-resizer\/NP_HBrQcGrO8FCNXNguQCJh60Hw=\/1200x1600\/filters:format(webp):quality(85)\/cloudfront-us-east-1.images.arcpublishing.com\/infobae\/IBR2ZMG47ZDIDMIV2BLAWSFTLM.png 1200w\" alt=\"El conductor \u00c1ngel de Brito se visti\u00f3 con un traje negro de Jorge Ib\u00e1\u00f1ez. Para estar c\u00f3modo, eligi\u00f3 unas zapatillas blancas deportivas\" width=\"1920\" height=\"2486\" data-src=\"https:\/\/www.infobae.com\/new-resizer\/7FqKi5yiEHUPTi2XPMPu6h9fJDY=\/420x560\/filters:format(webp):quality(85)\/cloudfront-us-east-1.images.arcpublishing.com\/infobae\/IBR2ZMG47ZDIDMIV2BLAWSFTLM.png 420w\" \/>El conductor \u00c1ngel de Brito se visti\u00f3 con un traje negro de Jorge Ib\u00e1\u00f1ez. Para estar c\u00f3modo, eligi\u00f3 unas zapatillas blancas deportivas<\/div>\n<div class=\"visual__image image-full-width\"><img loading=\"lazy\" decoding=\"async\" class=\" lazyload\" src=\"https:\/\/www.infobae.com\/new-resizer\/l8ao3oT9TFPPro1WypeZtUa0KfA=\/420x560\/filters:format(webp):quality(85)\/cloudfront-us-east-1.images.arcpublishing.com\/infobae\/FSUBJFSQ7NFTNO2I7EPU4SSBCQ.jpg%20420w\" sizes=\"auto, 100vw\" srcset=\"https:\/\/www.infobae.com\/new-resizer\/l8ao3oT9TFPPro1WypeZtUa0KfA=\/420x560\/filters:format(webp):quality(85)\/cloudfront-us-east-1.images.arcpublishing.com\/infobae\/FSUBJFSQ7NFTNO2I7EPU4SSBCQ.jpg 420w,https:\/\/www.infobae.com\/new-resizer\/fsrYHHzyVJLMgLIsfh4t9O7iyRA=\/768x1024\/filters:format(webp):quality(85)\/cloudfront-us-east-1.images.arcpublishing.com\/infobae\/FSUBJFSQ7NFTNO2I7EPU4SSBCQ.jpg 768w,https:\/\/www.infobae.com\/new-resizer\/3i_SuFykAEPzp734Z_3A_63XNVU=\/992x1323\/filters:format(webp):quality(85)\/cloudfront-us-east-1.images.arcpublishing.com\/infobae\/FSUBJFSQ7NFTNO2I7EPU4SSBCQ.jpg 992w,https:\/\/www.infobae.com\/new-resizer\/QAz-xdwF-SVShnR7rZrz0Vz0euY=\/1200x1600\/filters:format(webp):quality(85)\/cloudfront-us-east-1.images.arcpublishing.com\/infobae\/FSUBJFSQ7NFTNO2I7EPU4SSBCQ.jpg 1200w\" alt=\"La actriz y conductora Florencia Pe\u00f1a opt\u00f3 por un vestido blanco con corset de la dise\u00f1adora Ver\u00f3nica de la Canal\" width=\"1920\" height=\"2368\" data-src=\"https:\/\/www.infobae.com\/new-resizer\/l8ao3oT9TFPPro1WypeZtUa0KfA=\/420x560\/filters:format(webp):quality(85)\/cloudfront-us-east-1.images.arcpublishing.com\/infobae\/FSUBJFSQ7NFTNO2I7EPU4SSBCQ.jpg 420w\" \/>La actriz y conductora Florencia Pe\u00f1a opt\u00f3 por un vestido blanco con corset de la dise\u00f1adora Ver\u00f3nica de la Canal<\/div>\n<div class=\"visual__image image-full-width\"><img loading=\"lazy\" decoding=\"async\" class=\" lazyload\" src=\"https:\/\/www.infobae.com\/new-resizer\/kiiZLzlOXFp7rvwZbTcpxSag8SI=\/420x560\/filters:format(webp):quality(85)\/cloudfront-us-east-1.images.arcpublishing.com\/infobae\/QF75VQTSW5C3LJVUCUQG2X4GSQ.jpg%20420w\" sizes=\"auto, 100vw\" srcset=\"https:\/\/www.infobae.com\/new-resizer\/kiiZLzlOXFp7rvwZbTcpxSag8SI=\/420x560\/filters:format(webp):quality(85)\/cloudfront-us-east-1.images.arcpublishing.com\/infobae\/QF75VQTSW5C3LJVUCUQG2X4GSQ.jpg 420w,https:\/\/www.infobae.com\/new-resizer\/Xwk5psTyHZMijrmOP9eIz-jI6l8=\/768x1024\/filters:format(webp):quality(85)\/cloudfront-us-east-1.images.arcpublishing.com\/infobae\/QF75VQTSW5C3LJVUCUQG2X4GSQ.jpg 768w,https:\/\/www.infobae.com\/new-resizer\/oIu9ByrRY7b9-dYzo4vlYufLzOs=\/992x1323\/filters:format(webp):quality(85)\/cloudfront-us-east-1.images.arcpublishing.com\/infobae\/QF75VQTSW5C3LJVUCUQG2X4GSQ.jpg 992w,https:\/\/www.infobae.com\/new-resizer\/6lIxG7aVbUXgO7UNVdNUefS3dQw=\/1200x1600\/filters:format(webp):quality(85)\/cloudfront-us-east-1.images.arcpublishing.com\/infobae\/QF75VQTSW5C3LJVUCUQG2X4GSQ.jpg 1200w\" alt=\"Santi Maratea opt\u00f3 por un outfit urbano y descontracturado con la camiseta del Club Atl\u00e9tico Independiente, unos jeans y zapatillas deportivas\" width=\"1920\" height=\"2455\" data-src=\"https:\/\/www.infobae.com\/new-resizer\/kiiZLzlOXFp7rvwZbTcpxSag8SI=\/420x560\/filters:format(webp):quality(85)\/cloudfront-us-east-1.images.arcpublishing.com\/infobae\/QF75VQTSW5C3LJVUCUQG2X4GSQ.jpg 420w\" \/>Santi Maratea opt\u00f3 por un outfit urbano y descontracturado con la camiseta del Club Atl\u00e9tico Independiente, unos jeans y zapatillas deportivas<\/div>\n<div class=\"visual__image image-full-width\"><img loading=\"lazy\" decoding=\"async\" class=\" lazyload\" src=\"https:\/\/www.infobae.com\/new-resizer\/G033ixkX3Cnj_c0ERZCSIoTD8WA=\/420x560\/filters:format(webp):quality(85)\/cloudfront-us-east-1.images.arcpublishing.com\/infobae\/3ZFRIP4LDBHTNF2BVT45I3DBPQ.jpg%20420w\" sizes=\"auto, 100vw\" srcset=\"https:\/\/www.infobae.com\/new-resizer\/G033ixkX3Cnj_c0ERZCSIoTD8WA=\/420x560\/filters:format(webp):quality(85)\/cloudfront-us-east-1.images.arcpublishing.com\/infobae\/3ZFRIP4LDBHTNF2BVT45I3DBPQ.jpg 420w,https:\/\/www.infobae.com\/new-resizer\/QF4pdZO18XpnAq-A-UAyS2C7G6s=\/768x1024\/filters:format(webp):quality(85)\/cloudfront-us-east-1.images.arcpublishing.com\/infobae\/3ZFRIP4LDBHTNF2BVT45I3DBPQ.jpg 768w,https:\/\/www.infobae.com\/new-resizer\/VnvLITc8PAVrRyKjst4aoIAxA90=\/992x1323\/filters:format(webp):quality(85)\/cloudfront-us-east-1.images.arcpublishing.com\/infobae\/3ZFRIP4LDBHTNF2BVT45I3DBPQ.jpg 992w,https:\/\/www.infobae.com\/new-resizer\/TsmMQAkGqEK_TcpJM0GcgAFy77Y=\/1200x1600\/filters:format(webp):quality(85)\/cloudfront-us-east-1.images.arcpublishing.com\/infobae\/3ZFRIP4LDBHTNF2BVT45I3DBPQ.jpg 1200w\" alt=\"Luego de finalizar una exitosa primera temporada del espect\u00e1culo Tootsie, Nico V\u00e1zquez particip\u00f3 de la gala con un look total black realizado por Ginebra\" width=\"1920\" height=\"2382\" data-src=\"https:\/\/www.infobae.com\/new-resizer\/G033ixkX3Cnj_c0ERZCSIoTD8WA=\/420x560\/filters:format(webp):quality(85)\/cloudfront-us-east-1.images.arcpublishing.com\/infobae\/3ZFRIP4LDBHTNF2BVT45I3DBPQ.jpg 420w\" \/>Luego de finalizar una exitosa primera temporada del espect\u00e1culo Tootsie, Nico V\u00e1zquez particip\u00f3 de la gala con un look total black realizado por Ginebra<\/div>\n<div class=\"visual__image image-full-width\"><img loading=\"lazy\" decoding=\"async\" class=\" lazyload\" src=\"https:\/\/www.infobae.com\/new-resizer\/yUFwF3H0ZgC26XbzVV9j4h7tEPM=\/420x560\/filters:format(webp):quality(85)\/cloudfront-us-east-1.images.arcpublishing.com\/infobae\/WMRDRAFE3JGJXHAIBXJNGYKZ3A.jpg%20420w\" sizes=\"auto, 100vw\" srcset=\"https:\/\/www.infobae.com\/new-resizer\/yUFwF3H0ZgC26XbzVV9j4h7tEPM=\/420x560\/filters:format(webp):quality(85)\/cloudfront-us-east-1.images.arcpublishing.com\/infobae\/WMRDRAFE3JGJXHAIBXJNGYKZ3A.jpg 420w,https:\/\/www.infobae.com\/new-resizer\/NVDptweT2PQFl7uDbYm5E2PdDuw=\/768x1024\/filters:format(webp):quality(85)\/cloudfront-us-east-1.images.arcpublishing.com\/infobae\/WMRDRAFE3JGJXHAIBXJNGYKZ3A.jpg 768w,https:\/\/www.infobae.com\/new-resizer\/bWi2iPLF-aiK58lWFYelG4biHjI=\/992x1323\/filters:format(webp):quality(85)\/cloudfront-us-east-1.images.arcpublishing.com\/infobae\/WMRDRAFE3JGJXHAIBXJNGYKZ3A.jpg 992w,https:\/\/www.infobae.com\/new-resizer\/YbAN6Ju6-62SSejUjpYEJBnDyOc=\/1200x1600\/filters:format(webp):quality(85)\/cloudfront-us-east-1.images.arcpublishing.com\/infobae\/WMRDRAFE3JGJXHAIBXJNGYKZ3A.jpg 1200w\" alt=\"Mariana Fabbiani opt\u00f3 por un dise\u00f1o de Mar\u00eda Gorof: un vestido largo en crepe italiano, con tiras de cristales Swarovski bordado. Se destacaba el escote taza coraz\u00f3n y la abertura lateral. Los zapatos eran de Ricky Sarkany \" width=\"1920\" height=\"2382\" data-src=\"https:\/\/www.infobae.com\/new-resizer\/yUFwF3H0ZgC26XbzVV9j4h7tEPM=\/420x560\/filters:format(webp):quality(85)\/cloudfront-us-east-1.images.arcpublishing.com\/infobae\/WMRDRAFE3JGJXHAIBXJNGYKZ3A.jpg 420w\" \/>Mariana Fabbiani opt\u00f3 por un dise\u00f1o de Mar\u00eda Gorof: un vestido largo en crepe italiano, con tiras de cristales Swarovski bordado. Se destacaba el escote taza coraz\u00f3n y la abertura lateral. Los zapatos eran de Ricky Sarkany<\/div>\n<div class=\"visual__image image-full-width\"><img loading=\"lazy\" decoding=\"async\" class=\" lazyload\" src=\"https:\/\/www.infobae.com\/new-resizer\/pNysiS0ZFr4iSTMEfUbTsBK9j68=\/420x560\/filters:format(webp):quality(85)\/cloudfront-us-east-1.images.arcpublishing.com\/infobae\/VUTMEXXG7BET7MBVLX4BKSSGWM.jpg%20420w\" sizes=\"auto, 100vw\" srcset=\"https:\/\/www.infobae.com\/new-resizer\/pNysiS0ZFr4iSTMEfUbTsBK9j68=\/420x560\/filters:format(webp):quality(85)\/cloudfront-us-east-1.images.arcpublishing.com\/infobae\/VUTMEXXG7BET7MBVLX4BKSSGWM.jpg 420w,https:\/\/www.infobae.com\/new-resizer\/UGLPeqR9DdleNqrvelWWCrObbEY=\/768x1024\/filters:format(webp):quality(85)\/cloudfront-us-east-1.images.arcpublishing.com\/infobae\/VUTMEXXG7BET7MBVLX4BKSSGWM.jpg 768w,https:\/\/www.infobae.com\/new-resizer\/wFouKAD9UTL2qqGJvigjVQ4kFME=\/992x1323\/filters:format(webp):quality(85)\/cloudfront-us-east-1.images.arcpublishing.com\/infobae\/VUTMEXXG7BET7MBVLX4BKSSGWM.jpg 992w,https:\/\/www.infobae.com\/new-resizer\/NaHVM8IXX0dvPqY3WDY2l9krrxw=\/1200x1600\/filters:format(webp):quality(85)\/cloudfront-us-east-1.images.arcpublishing.com\/infobae\/VUTMEXXG7BET7MBVLX4BKSSGWM.jpg 1200w\" alt=\"Patricia Bullrich eligi\u00f3 un traje de color rosa y unas ballerinas nude \" width=\"1920\" height=\"2327\" data-src=\"https:\/\/www.infobae.com\/new-resizer\/pNysiS0ZFr4iSTMEfUbTsBK9j68=\/420x560\/filters:format(webp):quality(85)\/cloudfront-us-east-1.images.arcpublishing.com\/infobae\/VUTMEXXG7BET7MBVLX4BKSSGWM.jpg 420w\" \/>Patricia Bullrich eligi\u00f3 un traje de color rosa y unas ballerinas nude<\/div>\n<div class=\"visual__image image-full-width\"><img loading=\"lazy\" decoding=\"async\" class=\" lazyload\" src=\"https:\/\/www.infobae.com\/new-resizer\/splraCBQBiwc1_ClbwEZryxYYzE=\/420x560\/filters:format(webp):quality(85)\/cloudfront-us-east-1.images.arcpublishing.com\/infobae\/DRQEKRQJ3BH7VGPVOR335NUXDY.jpg%20420w\" sizes=\"auto, 100vw\" srcset=\"https:\/\/www.infobae.com\/new-resizer\/splraCBQBiwc1_ClbwEZryxYYzE=\/420x560\/filters:format(webp):quality(85)\/cloudfront-us-east-1.images.arcpublishing.com\/infobae\/DRQEKRQJ3BH7VGPVOR335NUXDY.jpg 420w,https:\/\/www.infobae.com\/new-resizer\/fgVnLHXr0oonjZlqC2qPshFTiiQ=\/768x1024\/filters:format(webp):quality(85)\/cloudfront-us-east-1.images.arcpublishing.com\/infobae\/DRQEKRQJ3BH7VGPVOR335NUXDY.jpg 768w,https:\/\/www.infobae.com\/new-resizer\/QlxUSqFE3xksu1AVWaVZfbc511o=\/992x1323\/filters:format(webp):quality(85)\/cloudfront-us-east-1.images.arcpublishing.com\/infobae\/DRQEKRQJ3BH7VGPVOR335NUXDY.jpg 992w,https:\/\/www.infobae.com\/new-resizer\/s986erJEeZXZxiusp4GpkVyIz60=\/1200x1600\/filters:format(webp):quality(85)\/cloudfront-us-east-1.images.arcpublishing.com\/infobae\/DRQEKRQJ3BH7VGPVOR335NUXDY.jpg 1200w\" alt=\"Marcelo Polino pos\u00f3 junto a Luciana Salazar y su hija Matilda. El periodista luci\u00f3 un cl\u00e1sico traje con detalles de brillos. La modelo visti\u00f3 un dise\u00f1o sensual rojo de Pup\u00e9 Tet\u00e9. La peque\u00f1a ten\u00eda un vestido con volados del mismo tono que su madre \" width=\"1920\" height=\"2396\" data-src=\"https:\/\/www.infobae.com\/new-resizer\/splraCBQBiwc1_ClbwEZryxYYzE=\/420x560\/filters:format(webp):quality(85)\/cloudfront-us-east-1.images.arcpublishing.com\/infobae\/DRQEKRQJ3BH7VGPVOR335NUXDY.jpg 420w\" \/>Marcelo Polino pos\u00f3 junto a Luciana Salazar y su hija Matilda. El periodista luci\u00f3 un cl\u00e1sico traje con detalles de brillos. La modelo visti\u00f3 un dise\u00f1o sensual rojo de Pup\u00e9 Tet\u00e9. La peque\u00f1a ten\u00eda un vestido con volados del mismo tono que su madre<\/div>\n<div class=\"visual__image image-full-width\"><img loading=\"lazy\" decoding=\"async\" class=\" lazyload\" src=\"https:\/\/www.infobae.com\/new-resizer\/09AzakDtZEKWZ7odsNN4yFMAAus=\/420x560\/filters:format(webp):quality(85)\/cloudfront-us-east-1.images.arcpublishing.com\/infobae\/ZA3LWTK3ZFDQLENUM3XJZW4LUQ.png%20420w\" sizes=\"auto, 100vw\" srcset=\"https:\/\/www.infobae.com\/new-resizer\/09AzakDtZEKWZ7odsNN4yFMAAus=\/420x560\/filters:format(webp):quality(85)\/cloudfront-us-east-1.images.arcpublishing.com\/infobae\/ZA3LWTK3ZFDQLENUM3XJZW4LUQ.png 420w,https:\/\/www.infobae.com\/new-resizer\/6f6A33jrKYHFk63XelspSAFgaoE=\/768x1024\/filters:format(webp):quality(85)\/cloudfront-us-east-1.images.arcpublishing.com\/infobae\/ZA3LWTK3ZFDQLENUM3XJZW4LUQ.png 768w,https:\/\/www.infobae.com\/new-resizer\/9aIgW7DcSMtm5DiH_EQzNqGRM2c=\/992x1323\/filters:format(webp):quality(85)\/cloudfront-us-east-1.images.arcpublishing.com\/infobae\/ZA3LWTK3ZFDQLENUM3XJZW4LUQ.png 992w,https:\/\/www.infobae.com\/new-resizer\/BEzA5g6R4GI7gTj6bzkjTgNE4sA=\/1200x1600\/filters:format(webp):quality(85)\/cloudfront-us-east-1.images.arcpublishing.com\/infobae\/ZA3LWTK3ZFDQLENUM3XJZW4LUQ.png 1200w\" alt=\"Guillermo Francella, protagonista de la serie El Encargado, opt\u00f3 por un con traje cl\u00e1sico elegante y una camisa celeste\" width=\"1920\" height=\"2529\" data-src=\"https:\/\/www.infobae.com\/new-resizer\/09AzakDtZEKWZ7odsNN4yFMAAus=\/420x560\/filters:format(webp):quality(85)\/cloudfront-us-east-1.images.arcpublishing.com\/infobae\/ZA3LWTK3ZFDQLENUM3XJZW4LUQ.png 420w\" \/>Guillermo Francella, protagonista de la serie El Encargado, opt\u00f3 por un con traje cl\u00e1sico elegante y una camisa celeste<\/div>\n<div class=\"visual__image image-full-width\"><img loading=\"lazy\" decoding=\"async\" class=\" lazyload\" src=\"https:\/\/www.infobae.com\/new-resizer\/SobGbUza9yvklV0IgirPciYeg1E=\/420x560\/filters:format(webp):quality(85)\/cloudfront-us-east-1.images.arcpublishing.com\/infobae\/RZ4NR3S3O5GDBLQRKUXN4AYYHU.jpg%20420w\" sizes=\"auto, 100vw\" srcset=\"https:\/\/www.infobae.com\/new-resizer\/SobGbUza9yvklV0IgirPciYeg1E=\/420x560\/filters:format(webp):quality(85)\/cloudfront-us-east-1.images.arcpublishing.com\/infobae\/RZ4NR3S3O5GDBLQRKUXN4AYYHU.jpg 420w,https:\/\/www.infobae.com\/new-resizer\/DBkFNUnNPiopiRY_GAKBYNVZyTI=\/768x1024\/filters:format(webp):quality(85)\/cloudfront-us-east-1.images.arcpublishing.com\/infobae\/RZ4NR3S3O5GDBLQRKUXN4AYYHU.jpg 768w,https:\/\/www.infobae.com\/new-resizer\/P31-p7MgST-aaWaPBvUY83cs_gE=\/992x1323\/filters:format(webp):quality(85)\/cloudfront-us-east-1.images.arcpublishing.com\/infobae\/RZ4NR3S3O5GDBLQRKUXN4AYYHU.jpg 992w,https:\/\/www.infobae.com\/new-resizer\/_uYBeVaQY0i4UkvFB3GEJuel6pU=\/1200x1600\/filters:format(webp):quality(85)\/cloudfront-us-east-1.images.arcpublishing.com\/infobae\/RZ4NR3S3O5GDBLQRKUXN4AYYHU.jpg 1200w\" alt=\"A poco de celebrar su cumplea\u00f1os, la conductora Marcela Tinayre eligi\u00f3 los brillos con un conjunto negro de Adriana Constantini\" width=\"1920\" height=\"2425\" data-src=\"https:\/\/www.infobae.com\/new-resizer\/SobGbUza9yvklV0IgirPciYeg1E=\/420x560\/filters:format(webp):quality(85)\/cloudfront-us-east-1.images.arcpublishing.com\/infobae\/RZ4NR3S3O5GDBLQRKUXN4AYYHU.jpg 420w\" \/>A poco de celebrar su cumplea\u00f1os, la conductora Marcela Tinayre eligi\u00f3 los brillos con un conjunto negro de Adriana Constantini<\/div>\n<div class=\"visual__image image-full-width\"><img loading=\"lazy\" decoding=\"async\" class=\" lazyload\" src=\"https:\/\/www.infobae.com\/new-resizer\/xEVQl1hlQ7HRBQMLVVSBMN1cWT8=\/420x560\/filters:format(webp):quality(85)\/cloudfront-us-east-1.images.arcpublishing.com\/infobae\/WYEH545BZRGXTHVNPCC4QHOJXU.jpg%20420w\" sizes=\"auto, 100vw\" srcset=\"https:\/\/www.infobae.com\/new-resizer\/xEVQl1hlQ7HRBQMLVVSBMN1cWT8=\/420x560\/filters:format(webp):quality(85)\/cloudfront-us-east-1.images.arcpublishing.com\/infobae\/WYEH545BZRGXTHVNPCC4QHOJXU.jpg 420w,https:\/\/www.infobae.com\/new-resizer\/pePrL8lZd6MbUz5mhe6c2lEbo7o=\/768x1024\/filters:format(webp):quality(85)\/cloudfront-us-east-1.images.arcpublishing.com\/infobae\/WYEH545BZRGXTHVNPCC4QHOJXU.jpg 768w,https:\/\/www.infobae.com\/new-resizer\/53UDHoQydCykkDrvinlFai5vfS8=\/992x1323\/filters:format(webp):quality(85)\/cloudfront-us-east-1.images.arcpublishing.com\/infobae\/WYEH545BZRGXTHVNPCC4QHOJXU.jpg 992w,https:\/\/www.infobae.com\/new-resizer\/O2NDQFkiTNmjXpP0FxyDyLBfAuw=\/1200x1600\/filters:format(webp):quality(85)\/cloudfront-us-east-1.images.arcpublishing.com\/infobae\/WYEH545BZRGXTHVNPCC4QHOJXU.jpg 1200w\" alt=\"El rapero y compositor Dillom fue por primera vez a la gala de la revista Gente. Para esta oportunidad, opt\u00f3 por un estilo rockero, con jeans, zapatillas, campera de cuero y anteojos negros\" width=\"1920\" height=\"2382\" data-src=\"https:\/\/www.infobae.com\/new-resizer\/xEVQl1hlQ7HRBQMLVVSBMN1cWT8=\/420x560\/filters:format(webp):quality(85)\/cloudfront-us-east-1.images.arcpublishing.com\/infobae\/WYEH545BZRGXTHVNPCC4QHOJXU.jpg 420w\" \/>El rapero y compositor Dillom fue por primera vez a la gala de la revista Gente. Para esta oportunidad, opt\u00f3 por un estilo rockero, con jeans, zapatillas, campera de cuero y anteojos negros<\/div>\n<div class=\"visual__image image-full-width\"><img loading=\"lazy\" decoding=\"async\" class=\" lazyload\" src=\"https:\/\/www.infobae.com\/new-resizer\/EVNtyYXIWtXxIJcPAp84osBXGo8=\/420x560\/filters:format(webp):quality(85)\/cloudfront-us-east-1.images.arcpublishing.com\/infobae\/ELLALICZJ5E35A42FHYDBYC3TI.jpg%20420w\" sizes=\"auto, 100vw\" srcset=\"https:\/\/www.infobae.com\/new-resizer\/EVNtyYXIWtXxIJcPAp84osBXGo8=\/420x560\/filters:format(webp):quality(85)\/cloudfront-us-east-1.images.arcpublishing.com\/infobae\/ELLALICZJ5E35A42FHYDBYC3TI.jpg 420w,https:\/\/www.infobae.com\/new-resizer\/8koetIKhF1hqaYzRH0x9ejwDciA=\/768x1024\/filters:format(webp):quality(85)\/cloudfront-us-east-1.images.arcpublishing.com\/infobae\/ELLALICZJ5E35A42FHYDBYC3TI.jpg 768w,https:\/\/www.infobae.com\/new-resizer\/yfHUz4V42OvAm6ymjeO3A05LkDU=\/992x1323\/filters:format(webp):quality(85)\/cloudfront-us-east-1.images.arcpublishing.com\/infobae\/ELLALICZJ5E35A42FHYDBYC3TI.jpg 992w,https:\/\/www.infobae.com\/new-resizer\/Hzdz7NhYgFpVHJ8hBcbVyxThioo=\/1200x1600\/filters:format(webp):quality(85)\/cloudfront-us-east-1.images.arcpublishing.com\/infobae\/ELLALICZJ5E35A42FHYDBYC3TI.jpg 1200w\" alt=\"La modelo Camila Homs, que est\u00e1 participando en el Bailando 2023, luci\u00f3 un dise\u00f1o de Pup\u00e9 Tet\u00e9 negro, con un recorte lateral (RS Fotos)\" width=\"1920\" height=\"2425\" data-src=\"https:\/\/www.infobae.com\/new-resizer\/EVNtyYXIWtXxIJcPAp84osBXGo8=\/420x560\/filters:format(webp):quality(85)\/cloudfront-us-east-1.images.arcpublishing.com\/infobae\/ELLALICZJ5E35A42FHYDBYC3TI.jpg 420w\" \/><\/div>\n<\/div>\n<\/article>\n","protected":false},"excerpt":{"rendered":"<p>Diversas personalidades de la televisi\u00f3n, la pol\u00edtica y la m\u00fasica asistieron al evento que se llev\u00f3 a cabo en el Faena Art Center La conductora Mirtha Legrand luci\u00f3 un vestido de encaje celeste de la dise\u00f1adora Iara, con detalles plateados bordados. Para completar el look elegante, opt\u00f3 por un clutch plateado (RS Fotos) El conductor [&hellip;]<\/p>\n","protected":false},"author":1,"featured_media":100976,"comment_status":"closed","ping_status":"closed","sticky":false,"template":"","format":"standard","meta":{"_seopress_robots_primary_cat":"","_seopress_titles_title":"","_seopress_titles_desc":"","_seopress_robots_index":"","footnotes":""},"categories":[228],"tags":[38467,38468],"class_list":{"0":"post-100975","1":"post","2":"type-post","3":"status-publish","4":"format-standard","5":"has-post-thumbnail","7":"category-moda-y-estilos","8":"tag-looks-de-los-personajes-del-ano-de-gente","9":"tag-personajes-del-ano-de-gente"},"_links":{"self":[{"href":"https:\/\/www.cordobatimes.com\/showup\/wp-json\/wp\/v2\/posts\/100975","targetHints":{"allow":["GET"]}}],"collection":[{"href":"https:\/\/www.cordobatimes.com\/showup\/wp-json\/wp\/v2\/posts"}],"about":[{"href":"https:\/\/www.cordobatimes.com\/showup\/wp-json\/wp\/v2\/types\/post"}],"author":[{"embeddable":true,"href":"https:\/\/www.cordobatimes.com\/showup\/wp-json\/wp\/v2\/users\/1"}],"replies":[{"embeddable":true,"href":"https:\/\/www.cordobatimes.com\/showup\/wp-json\/wp\/v2\/comments?post=100975"}],"version-history":[{"count":0,"href":"https:\/\/www.cordobatimes.com\/showup\/wp-json\/wp\/v2\/posts\/100975\/revisions"}],"wp:featuredmedia":[{"embeddable":true,"href":"https:\/\/www.cordobatimes.com\/showup\/wp-json\/wp\/v2\/media\/100976"}],"wp:attachment":[{"href":"https:\/\/www.cordobatimes.com\/showup\/wp-json\/wp\/v2\/media?parent=100975"}],"wp:term":[{"taxonomy":"category","embeddable":true,"href":"https:\/\/www.cordobatimes.com\/showup\/wp-json\/wp\/v2\/categories?post=100975"},{"taxonomy":"post_tag","embeddable":true,"href":"https:\/\/www.cordobatimes.com\/showup\/wp-json\/wp\/v2\/tags?post=100975"}],"curies":[{"name":"wp","href":"https:\/\/api.w.org\/{rel}","templated":true}]}}