{"id":100865,"date":"2023-10-28T20:37:52","date_gmt":"2023-10-28T23:37:52","guid":{"rendered":"https:\/\/www.cordobatimes.com\/showup\/?p=100865"},"modified":"2023-10-28T20:37:52","modified_gmt":"2023-10-28T23:37:52","slug":"viviana-canosa-revelo-que-sera-fiscal-de-la-libertad-avanza-en-el-balojate","status":"publish","type":"post","link":"https:\/\/www.cordobatimes.com\/showup\/famosos\/2023\/10\/28\/viviana-canosa-revelo-que-sera-fiscal-de-la-libertad-avanza-en-el-balojate\/","title":{"rendered":"Viviana Canosa revel\u00f3 que ser\u00e1 fiscal de La Libertad Avanza en el balojate"},"content":{"rendered":"<h3 class=\"headline\"><strong>La periodista dio un giro este viernes y cont\u00f3 que ir\u00e1 a proteger los votos<\/strong><\/h3>\n<p>Viviana Canosa\u00a0sorprendi\u00f3 al declarar que va a ser fiscal de\u00a0La Libertad Avanza\u00a0en el balotaje del 19 de noviembre, ya que ha sostenido fuertes\u00a0declaraciones contra\u00a0Javier Milei\u00a0y manifestar que no iba a participar en las pr\u00f3ximas elecciones.<\/p>\n<p>En su editorial para\u00a0LN+, la periodista conden\u00f3 el supuesto fraude en el conteo de los votos del 22 de octubre\u00a0que\u00a0expusieron los adeptos de\u00a0LLA\u00a0en las redes; sin embargo, a pesar de que\u00a0Canosa\u00a0hab\u00eda declarado que se iba a abstener de ejercer su derecho al voto en el balotaje, este viernes afirm\u00f3 que participar\u00e1 activamente en proteger los votos: \u00abYo creo que mi acto democr\u00e1tico lo voy a hacer en estas elecciones yendo a fiscalizar\u00bb.<\/p>\n<p>La conductora agreg\u00f3 euf\u00f3rica:\u00a0\u00abYo voy a sentar el culo en una mesa, en una silla y me voy a quedar a fiscalizar, creo que va a ser un aporte m\u00e1s importante a la democracia y a la rep\u00fablica que estar sentada en un canal de televisi\u00f3n. As\u00ed que yo ya lo decid\u00ed, y voy a ir a fiscalizar para la gente de La libertad Avanza, yo voy a ir a fiscalizar, porque yo creo en la democracia\u00bb.<\/p>\n<p>\u00abYa que tanto nos estamos peleando todos los argentinos, movamos el culo y vayamos a fiscalizar, por amor a la patria. Hagamos eso.\u00a0A m\u00ed no me gusta ninguno de los dos candidatos. Por supuesto que hay uno que ni se me ocurrir\u00eda, pero el otro con el que tengo mis diferencias, vayamos a fiscalizar, hagamos eso. Cuidemos los votos\u00bb, concluy\u00f3\u00a0Viviana.<\/p>\n","protected":false},"excerpt":{"rendered":"<p>La periodista dio un giro este viernes y cont\u00f3 que ir\u00e1 a proteger los votos Viviana Canosa\u00a0sorprendi\u00f3 al declarar que va a ser fiscal de\u00a0La Libertad Avanza\u00a0en el balotaje del 19 de noviembre, ya que ha sostenido fuertes\u00a0declaraciones contra\u00a0Javier Milei\u00a0y manifestar que no iba a participar en las pr\u00f3ximas elecciones. En su editorial para\u00a0LN+, la [&hellip;]<\/p>\n","protected":false},"author":1,"featured_media":100866,"comment_status":"closed","ping_status":"closed","sticky":false,"template":"","format":"standard","meta":{"_seopress_robots_primary_cat":"","_seopress_titles_title":"","_seopress_titles_desc":"","_seopress_robots_index":"","footnotes":""},"categories":[4],"tags":[38413,38414,38415],"class_list":{"0":"post-100865","1":"post","2":"type-post","3":"status-publish","4":"format-standard","5":"has-post-thumbnail","7":"category-famosos","8":"tag-fiscal-de-la-libertad-avanza-en-el-balojate","9":"tag-viviana-canosa-fiscal-de-la-libertad-avanza-en-el-balojate","10":"tag-viviana-canosa-javier-milei"},"_links":{"self":[{"href":"https:\/\/www.cordobatimes.com\/showup\/wp-json\/wp\/v2\/posts\/100865","targetHints":{"allow":["GET"]}}],"collection":[{"href":"https:\/\/www.cordobatimes.com\/showup\/wp-json\/wp\/v2\/posts"}],"about":[{"href":"https:\/\/www.cordobatimes.com\/showup\/wp-json\/wp\/v2\/types\/post"}],"author":[{"embeddable":true,"href":"https:\/\/www.cordobatimes.com\/showup\/wp-json\/wp\/v2\/users\/1"}],"replies":[{"embeddable":true,"href":"https:\/\/www.cordobatimes.com\/showup\/wp-json\/wp\/v2\/comments?post=100865"}],"version-history":[{"count":0,"href":"https:\/\/www.cordobatimes.com\/showup\/wp-json\/wp\/v2\/posts\/100865\/revisions"}],"wp:featuredmedia":[{"embeddable":true,"href":"https:\/\/www.cordobatimes.com\/showup\/wp-json\/wp\/v2\/media\/100866"}],"wp:attachment":[{"href":"https:\/\/www.cordobatimes.com\/showup\/wp-json\/wp\/v2\/media?parent=100865"}],"wp:term":[{"taxonomy":"category","embeddable":true,"href":"https:\/\/www.cordobatimes.com\/showup\/wp-json\/wp\/v2\/categories?post=100865"},{"taxonomy":"post_tag","embeddable":true,"href":"https:\/\/www.cordobatimes.com\/showup\/wp-json\/wp\/v2\/tags?post=100865"}],"curies":[{"name":"wp","href":"https:\/\/api.w.org\/{rel}","templated":true}]}}