{"id":100858,"date":"2023-10-27T21:55:12","date_gmt":"2023-10-28T00:55:12","guid":{"rendered":"https:\/\/www.cordobatimes.com\/showup\/?p=100858"},"modified":"2023-10-27T21:55:12","modified_gmt":"2023-10-28T00:55:12","slug":"carmen-barbieri-picante-contra-angel-de-brito-y-el-panel-de-lam","status":"publish","type":"post","link":"https:\/\/www.cordobatimes.com\/showup\/tv\/2023\/10\/27\/carmen-barbieri-picante-contra-angel-de-brito-y-el-panel-de-lam\/","title":{"rendered":"Carmen Barbieri, picante contra \u00c1ngel de Brito y el panel de LAM"},"content":{"rendered":"<h3><strong>\u201cLo mismo que me desean a m\u00ed, se los deseo a ustedes\u201d<\/strong><\/h3>\n<p>Yanina Latorre y Carmen Barbieri tienen un conflicto que parece no cesar. La actriz fue invitada al programa de Mirtha Legrand y fue interceptada por un notero de LAM en donde se meti\u00f3 su abogado y declar\u00f3 que tiene material para denunciar a la panelista. Fiel a su estilo, la angelita le respondi\u00f3 con todo.<\/p>\n<p>La actriz\u00a0dijo:\u00a0\u00abEst\u00e1 todo en manos de mi abogado\u00bb.\u00a0El notero le pregunt\u00f3 al letrado si se pod\u00eda acercar y dar su declaraci\u00f3n: \u00abSi se mand\u00f3 una carta documento en su momento y obviamente se est\u00e1 acumulando todo el material de lo que ella genera diariamente,\u00a0tenemos un plazo de tres a\u00f1os para poder iniciar la acci\u00f3n, as\u00ed que no hay problema\u00bb.<\/p>\n<p>\u00abEs contra da\u00f1os y perjuicio,\u00a0obviamente no estamos en contra de la libertad de prensa. Ni dem\u00e1s\u00bb, respondi\u00f3 el abogado. \u00abSolo pido que no se meta en mi vida, ni en mi vida pasada\u00bb, agreg\u00f3 la humorista.\u00a0La angelita\u00a0no dej\u00f3 pasar y le contest\u00f3: \u00abAbogado de mi amor&#8230; Este pibe es como el Lorna, iba al teatro y se ve que estudio abogac\u00eda y le hace de abogado\u00bb.<\/p>\n<p>\u00abA ver, dijiste que no estas en contra de la libertad de prensa.\u00a0\u00bfQu\u00e9 delito comet\u00ed?. Contestarle a una mujer que me dijo tarada, est\u00fapida,\u00a0no me met\u00ed en la intimidad. Ella me dijo cornuda y yo le contest\u00e9. Sigo opinando que la se\u00f1ora Carmen Barbieri se burlaba de Sof\u00eda Aldrey. Yo repet\u00ed tus palabras\u00bb, respondi\u00f3 furiosa\u00a0Yanina Latorre\u00a0sobre la denuncia que le quiere hacer la actriz.<\/p>\n<blockquote class=\"twitter-tweet\">\n<p dir=\"ltr\" lang=\"es\">\ud83d\udca5 Carmen Barbieri contra Yanina Latorre, Santiago Sposato y el panel de LAM<\/p>\n<p>\ud83d\udcac \u201cEst\u00e1 todo en manos de mi abogado\u201d.<\/p>\n<p>Cc <a href=\"https:\/\/twitter.com\/hashtag\/LAM?src=hash&amp;ref_src=twsrc%5Etfw\">#LAM<\/a> en Am\u00e9rica TV \ud83d\udcfa <a href=\"https:\/\/twitter.com\/elejercitodelam?ref_src=twsrc%5Etfw\">@elejercitodelam<\/a> <a href=\"https:\/\/twitter.com\/AngeldebritoOk?ref_src=twsrc%5Etfw\">@AngeldebritoOk<\/a> <a href=\"https:\/\/t.co\/5eWAWtPym3\">pic.twitter.com\/5eWAWtPym3<\/a><\/p>\n<p>\u2014 Am\u00e9rica TV (@AmericaTV) <a href=\"https:\/\/twitter.com\/AmericaTV\/status\/1718053475966206110?ref_src=twsrc%5Etfw\">October 27, 2023<\/a><\/p><\/blockquote>\n<p><script async src=\"https:\/\/platform.twitter.com\/widgets.js\" charset=\"utf-8\"><\/script><\/p>\n","protected":false},"excerpt":{"rendered":"<p>\u201cLo mismo que me desean a m\u00ed, se los deseo a ustedes\u201d Yanina Latorre y Carmen Barbieri tienen un conflicto que parece no cesar. La actriz fue invitada al programa de Mirtha Legrand y fue interceptada por un notero de LAM en donde se meti\u00f3 su abogado y declar\u00f3 que tiene material para denunciar a [&hellip;]<\/p>\n","protected":false},"author":1,"featured_media":100859,"comment_status":"closed","ping_status":"closed","sticky":false,"template":"","format":"standard","meta":{"_seopress_robots_primary_cat":"","_seopress_titles_title":"","_seopress_titles_desc":"","_seopress_robots_index":"","footnotes":""},"categories":[2],"tags":[38412,38411],"class_list":{"0":"post-100858","1":"post","2":"type-post","3":"status-publish","4":"format-standard","5":"has-post-thumbnail","7":"category-tv","8":"tag-carmen-barbieri-en-lam","9":"tag-carmen-barbieri-y-angel-de-brito"},"_links":{"self":[{"href":"https:\/\/www.cordobatimes.com\/showup\/wp-json\/wp\/v2\/posts\/100858","targetHints":{"allow":["GET"]}}],"collection":[{"href":"https:\/\/www.cordobatimes.com\/showup\/wp-json\/wp\/v2\/posts"}],"about":[{"href":"https:\/\/www.cordobatimes.com\/showup\/wp-json\/wp\/v2\/types\/post"}],"author":[{"embeddable":true,"href":"https:\/\/www.cordobatimes.com\/showup\/wp-json\/wp\/v2\/users\/1"}],"replies":[{"embeddable":true,"href":"https:\/\/www.cordobatimes.com\/showup\/wp-json\/wp\/v2\/comments?post=100858"}],"version-history":[{"count":0,"href":"https:\/\/www.cordobatimes.com\/showup\/wp-json\/wp\/v2\/posts\/100858\/revisions"}],"wp:featuredmedia":[{"embeddable":true,"href":"https:\/\/www.cordobatimes.com\/showup\/wp-json\/wp\/v2\/media\/100859"}],"wp:attachment":[{"href":"https:\/\/www.cordobatimes.com\/showup\/wp-json\/wp\/v2\/media?parent=100858"}],"wp:term":[{"taxonomy":"category","embeddable":true,"href":"https:\/\/www.cordobatimes.com\/showup\/wp-json\/wp\/v2\/categories?post=100858"},{"taxonomy":"post_tag","embeddable":true,"href":"https:\/\/www.cordobatimes.com\/showup\/wp-json\/wp\/v2\/tags?post=100858"}],"curies":[{"name":"wp","href":"https:\/\/api.w.org\/{rel}","templated":true}]}}