{"id":100853,"date":"2023-10-27T19:18:16","date_gmt":"2023-10-27T22:18:16","guid":{"rendered":"https:\/\/www.cordobatimes.com\/showup\/?p=100853"},"modified":"2023-10-27T19:18:16","modified_gmt":"2023-10-27T22:18:16","slug":"asi-luce-rachel-zegler-como-blancanieves-en-el-live-action-de-disney","status":"publish","type":"post","link":"https:\/\/www.cordobatimes.com\/showup\/cine-y-series\/2023\/10\/27\/asi-luce-rachel-zegler-como-blancanieves-en-el-live-action-de-disney\/","title":{"rendered":"As\u00ed luce Rachel Zegler como Blancanieves en el live-action de Disney"},"content":{"rendered":"<h3><strong>Al igual que con \u201cLa Sirenita\u201d, Disney apuesta por una versi\u00f3n renovada del cuento cl\u00e1sico.<\/strong><\/h3>\n<p>Un vistazo sorpresa a la siguiente gran apuesta de\u00a0Disney. La compa\u00f1\u00eda que cumpli\u00f3 100 a\u00f1os este 2023 alista una versi\u00f3n live-action del cl\u00e1sico cuento\u00a0Blancanieves y los siete enanos, historia que se convirti\u00f3 en el primer largometraje animado en 1937. Con\u00a0Rachel Zegler\u00a0como protagonista, el proyecto de acci\u00f3n real titulado\u00a0Disney\u2019s Snow White\u00a0constituye uno de los grandes retos para el estudio. El 27 de octubre, una fotograf\u00eda revel\u00f3 el look de la actriz estadounidense con el vestido caracter\u00edstico de su personaje. La imagen tambi\u00e9n dej\u00f3 ver la apariencia de los enanos en medio de una r\u00fastica caba\u00f1a.<\/p>\n<p>Disney adem\u00e1s anunci\u00f3 una modificaci\u00f3n en el calendario de estreno del largometraje. Si bien este t\u00edtulo iba a salir a la luz el 22 de marzo del 2024, ahora ser\u00e1 postergado por un a\u00f1o hasta el 21 de marzo del 2025. El retraso se confirma en el contexto de la huelga de actores en Hollywood, una medida de protesta que se ha extendido por m\u00e1s de 100 d\u00edas. El paro de actividades responde al pedido del sindicato SAG-AFTRA por mejores condiciones laborales, incluyendo la protecci\u00f3n de su imagen contra el uso no autorizado de IA. Las negociaciones con los principales estudios cinematogr\u00e1ficos contin\u00faan en pie.<\/p>\n<p>El elenco de \u201cBlancanieves\u201d<br \/>\nBlancanieves es una de las princesas de cuentos infantiles m\u00e1s populares en el mundo, por lo que el equipo de producci\u00f3n enfrenta altas expectativas del p\u00fablico. El peso tambi\u00e9n recae en el elenco, especialmente en los dos personajes femeninos m\u00e1s fuertes del relato. Adem\u00e1s de Zegler, la pel\u00edcula contar\u00e1 con la participaci\u00f3n de\u00a0Gal Gadot\u00a0en el papel de la Reina Malvada. La actriz conocida mundialmente por su papel como Mujer Maravilla, expres\u00f3 su entusiasmo por interpretar a la ic\u00f3nica villana de Disney en un proyecto que le permiti\u00f3 explorar nuevas dimensiones en su actuaci\u00f3n. \u201cComo es un musical, pod\u00eda expandir mi interpretaci\u00f3n y hacerla mucho m\u00e1s dram\u00e1tica y animada (&#8230;). Lo disfrut\u00e9, cambi\u00e9 mi voz e hice todas estas cosas diferentes. Fue muy divertido y estoy deseando verlo\u201d, expres\u00f3 previamente a\u00a0Collider.<\/p>\n<p>Por otro lado, la direcci\u00f3n est\u00e1 a cargo de Marc Webb (El sorprendente Hombre Ara\u00f1a),\u00a0mientras que la parte musical tendr\u00e1 participaci\u00f3n de Benj Pasek y Justin Paul. La dupla que trabaj\u00f3 en\u00a0The Greatest Showman\u00a0escribir\u00e1 canciones nuevas para el live-action.<\/p>\n<p>Disney\u2019s Snow White\u00a0ha sido descrita como un nuevo enfoque al cuento en que una joven princesa es envenenada con una manzana por su madrastra. La actualizaci\u00f3n en el relato tambi\u00e9n fue comentado por la propia Zegler, que presenta a su versi\u00f3n como una mujer que no est\u00e1 tan preocupada por el romance. \u201cNo va a so\u00f1ar con el amor verdadero\u201d, dijo la protagonista a\u00a0Variety\u00a0en septiembre. \u201cSue\u00f1a con convertirse en la l\u00edder que sabe que puede ser y en la l\u00edder que su difunto padre le dijo que pod\u00eda ser si no ten\u00eda miedo, si era justa, valiente y sincera\u201d.<\/p>\n<p>Mientras se espera el lanzamiento de\u00a0Blancanieves, puedes ver a Rachel Zegler en el drama musical\u00a0Amor sin barreras, en\u00a0Disney+.<\/p>\n<p><img alt=\"\" loading=\"lazy\" decoding=\"async\" class=\"alignnone size-medium wp-image-100855\" src=\"https:\/\/www.cordobatimes.com\/showup\/wp-content\/uploads\/2023\/10\/Pantallazo-27-10-2023-19.14.51-750x420.jpg\" alt=\"\" width=\"750\" height=\"420\" srcset=\"https:\/\/www.cordobatimes.com\/showup\/wp-content\/uploads\/2023\/10\/Pantallazo-27-10-2023-19.14.51-750x420.jpg 750w, https:\/\/www.cordobatimes.com\/showup\/wp-content\/uploads\/2023\/10\/Pantallazo-27-10-2023-19.14.51-1024x574.jpg 1024w, https:\/\/www.cordobatimes.com\/showup\/wp-content\/uploads\/2023\/10\/Pantallazo-27-10-2023-19.14.51-749x420.jpg 749w, https:\/\/www.cordobatimes.com\/showup\/wp-content\/uploads\/2023\/10\/Pantallazo-27-10-2023-19.14.51-768x431.jpg 768w, https:\/\/www.cordobatimes.com\/showup\/wp-content\/uploads\/2023\/10\/Pantallazo-27-10-2023-19.14.51-696x390.jpg 696w, https:\/\/www.cordobatimes.com\/showup\/wp-content\/uploads\/2023\/10\/Pantallazo-27-10-2023-19.14.51.jpg 1054w\" sizes=\"auto, (max-width: 750px) 100vw, 750px\" \/> <img alt=\"\" loading=\"lazy\" decoding=\"async\" class=\"alignnone size-medium wp-image-100856\" src=\"https:\/\/www.cordobatimes.com\/showup\/wp-content\/uploads\/2023\/10\/Pantallazo-27-10-2023-19.15.11-635x420.jpg\" alt=\"\" width=\"635\" height=\"420\" srcset=\"https:\/\/www.cordobatimes.com\/showup\/wp-content\/uploads\/2023\/10\/Pantallazo-27-10-2023-19.15.11-635x420.jpg 635w, https:\/\/www.cordobatimes.com\/showup\/wp-content\/uploads\/2023\/10\/Pantallazo-27-10-2023-19.15.11-1024x678.jpg 1024w, https:\/\/www.cordobatimes.com\/showup\/wp-content\/uploads\/2023\/10\/Pantallazo-27-10-2023-19.15.11-768x508.jpg 768w, https:\/\/www.cordobatimes.com\/showup\/wp-content\/uploads\/2023\/10\/Pantallazo-27-10-2023-19.15.11-696x461.jpg 696w, https:\/\/www.cordobatimes.com\/showup\/wp-content\/uploads\/2023\/10\/Pantallazo-27-10-2023-19.15.11.jpg 1061w\" sizes=\"auto, (max-width: 635px) 100vw, 635px\" \/><\/p>\n","protected":false},"excerpt":{"rendered":"<p>Al igual que con \u201cLa Sirenita\u201d, Disney apuesta por una versi\u00f3n renovada del cuento cl\u00e1sico. Un vistazo sorpresa a la siguiente gran apuesta de\u00a0Disney. La compa\u00f1\u00eda que cumpli\u00f3 100 a\u00f1os este 2023 alista una versi\u00f3n live-action del cl\u00e1sico cuento\u00a0Blancanieves y los siete enanos, historia que se convirti\u00f3 en el primer largometraje animado en 1937. Con\u00a0Rachel [&hellip;]<\/p>\n","protected":false},"author":1,"featured_media":100854,"comment_status":"closed","ping_status":"closed","sticky":false,"template":"","format":"standard","meta":{"_seopress_robots_primary_cat":"","_seopress_titles_title":"","_seopress_titles_desc":"","_seopress_robots_index":"","footnotes":""},"categories":[3],"tags":[38410,38409,38408],"class_list":{"0":"post-100853","1":"post","2":"type-post","3":"status-publish","4":"format-standard","5":"has-post-thumbnail","7":"category-cine-y-series","8":"tag-blancanieves-en-el-live-action","9":"tag-rachel-zegler-como-blancanieves","10":"tag-rachel-zegler-como-blancanieves-en-el-live-action-de-disney"},"_links":{"self":[{"href":"https:\/\/www.cordobatimes.com\/showup\/wp-json\/wp\/v2\/posts\/100853","targetHints":{"allow":["GET"]}}],"collection":[{"href":"https:\/\/www.cordobatimes.com\/showup\/wp-json\/wp\/v2\/posts"}],"about":[{"href":"https:\/\/www.cordobatimes.com\/showup\/wp-json\/wp\/v2\/types\/post"}],"author":[{"embeddable":true,"href":"https:\/\/www.cordobatimes.com\/showup\/wp-json\/wp\/v2\/users\/1"}],"replies":[{"embeddable":true,"href":"https:\/\/www.cordobatimes.com\/showup\/wp-json\/wp\/v2\/comments?post=100853"}],"version-history":[{"count":0,"href":"https:\/\/www.cordobatimes.com\/showup\/wp-json\/wp\/v2\/posts\/100853\/revisions"}],"wp:featuredmedia":[{"embeddable":true,"href":"https:\/\/www.cordobatimes.com\/showup\/wp-json\/wp\/v2\/media\/100854"}],"wp:attachment":[{"href":"https:\/\/www.cordobatimes.com\/showup\/wp-json\/wp\/v2\/media?parent=100853"}],"wp:term":[{"taxonomy":"category","embeddable":true,"href":"https:\/\/www.cordobatimes.com\/showup\/wp-json\/wp\/v2\/categories?post=100853"},{"taxonomy":"post_tag","embeddable":true,"href":"https:\/\/www.cordobatimes.com\/showup\/wp-json\/wp\/v2\/tags?post=100853"}],"curies":[{"name":"wp","href":"https:\/\/api.w.org\/{rel}","templated":true}]}}