{"id":100850,"date":"2023-10-27T13:28:47","date_gmt":"2023-10-27T16:28:47","guid":{"rendered":"https:\/\/www.cordobatimes.com\/showup\/?p=100850"},"modified":"2023-10-27T13:28:47","modified_gmt":"2023-10-27T16:28:47","slug":"fuerte-cruce-entre-zaira-nara-y-angel-de-brito-tras-el-escandalo-en-el-bailando-2023","status":"publish","type":"post","link":"https:\/\/www.cordobatimes.com\/showup\/tv\/2023\/10\/27\/fuerte-cruce-entre-zaira-nara-y-angel-de-brito-tras-el-escandalo-en-el-bailando-2023\/","title":{"rendered":"Fuerte cruce entre Zaira Nara y \u00c1ngel de Brito tras el esc\u00e1ndalo en el Bailando 2023"},"content":{"rendered":"<h3>\u00ab<strong>Es una verg\u00fcenza que lo sigan minimizando\u00bb.<\/strong><\/h3>\n<p>Zaira Nara\u00a0y\u00a0\u00c1ngel de Brito\u00a0se cruzaron tras\u00a0el esc\u00e1ndalo en el\u00a0Bailando 2023\u00a0(Am\u00e9rica TV)\u00a0por la renuncia de la modelo al streaming, a ra\u00edz de un pol\u00e9mico\u00a0comentario de Coti Romero y Charlotte Caniggia.<\/p>\n<p>En\u00a0LAM (Am\u00e9rica TV),\u00a0\u00c1ngel de Brito\u00a0cont\u00f3 que\u00a0Zaira Nara\u00a0pidi\u00f3 bajar a\u00a0Coti Romero\u00a0del streaming, pero no tuvo \u00e9xito: \u00abHabl\u00f3 con el due\u00f1o de la marca y le dijo &#8216;si est\u00e1 esta piba, yo no vuelvo m\u00e1s&#8217;. El due\u00f1o habl\u00f3 con la producci\u00f3n, pero Coti sigue en el streaming\u00bb.<\/p>\n<p>\u00abNo es la primera cabeza que pide Zaira. Es una chica que va a trabajar y pide condiciones, que es dejar sin laburo a gente. Pedir que rajen a las personas&#8230;\u00bb, acot\u00f3\u00a0Yanina Latorre.<\/p>\n<p>Al escuchar esto,\u00a0la hermana de Wanda Nara\u00a0explot\u00f3 contra\u00a0LAM (Am\u00e9rica TV)\u00a0en Twitter: \u00abNunca dejar\u00eda sin trabajo a alguien. Est\u00e1n mintiendo. Yo me BAJ\u00c9 porque\u00a0lo que pas\u00f3 ayer es mi l\u00edmite\u00bb.<\/p>\n<blockquote class=\"twitter-tweet\">\n<p lang=\"es\" dir=\"ltr\">\ud83d\udca5 Zaira Nara apunt\u00f3 contra LAM y \u00c1ngel de Brito le respondi\u00f3 sin filtro<\/p>\n<p>\ud83d\udcac \u201cZaira no te hagas, bajaste gente del programa\u201d.<\/p>\n<p>Cc <a href=\"https:\/\/twitter.com\/hashtag\/LAM?src=hash&amp;ref_src=twsrc%5Etfw\">#LAM<\/a> en Am\u00e9rica TV \ud83d\udcfa <a href=\"https:\/\/twitter.com\/elejercitodelam?ref_src=twsrc%5Etfw\">@elejercitodelam<\/a> <a href=\"https:\/\/twitter.com\/AngeldebritoOk?ref_src=twsrc%5Etfw\">@AngeldebritoOk<\/a> <a href=\"https:\/\/t.co\/pBuFQLSV8x\">pic.twitter.com\/pBuFQLSV8x<\/a><\/p>\n<p>&mdash; Am\u00e9rica TV (@AmericaTV) <a href=\"https:\/\/twitter.com\/AmericaTV\/status\/1717697308161126552?ref_src=twsrc%5Etfw\">October 27, 2023<\/a><\/p><\/blockquote>\n<p> <script async src=\"https:\/\/platform.twitter.com\/widgets.js\" charset=\"utf-8\"><\/script><\/p>\n<p>\u00abNo es la primera cabeza que pide Zaira. Es una chica que va a trabajar y pide condiciones, que es dejar sin laburo a gente. Pedir que rajen a las personas&#8230;\u00bb, acot\u00f3 Yanina Latorre.<\/p>\n<p>Al escuchar esto, la hermana de Wanda Nara explot\u00f3 contra LAM (Am\u00e9rica TV) en Twitter: \u00abNunca dejar\u00eda sin trabajo a alguien. Est\u00e1n mintiendo. Yo me BAJ\u00c9 porque lo que pas\u00f3 ayer es mi l\u00edmite\u00bb.<\/p>\n<p>\u00abNo ped\u00ed nada, no exig\u00ed nada. Todo eso que dicen es mentira. Es una verg\u00fcenza que sigan minimizando lo de ayer y tap\u00e1ndolo con mentiras\u00bb, se quej\u00f3 Zaira Nara. \u00c1ngel de Brito r\u00e1pidamente recogi\u00f3 el guante y la cruz\u00f3: \u00abNo te hagas la tonta, vos bajaste gente del programa. Lo sabe toda la producci\u00f3n. Alicia Barbasola tiene las pruebas, vos pediste que ella y tu pap\u00e1 no est\u00e9n en la pista cuando estabas vos\u00bb.<\/p>\n<p>\u00abSi hay algo de lo que no pueden hablar las Nara, es de mentir. Vayan al archivo de ambas\u00bb, cerr\u00f3 picante el conductor de LAM (Am\u00e9rica TV).<\/p>\n","protected":false},"excerpt":{"rendered":"<p>\u00abEs una verg\u00fcenza que lo sigan minimizando\u00bb. Zaira Nara\u00a0y\u00a0\u00c1ngel de Brito\u00a0se cruzaron tras\u00a0el esc\u00e1ndalo en el\u00a0Bailando 2023\u00a0(Am\u00e9rica TV)\u00a0por la renuncia de la modelo al streaming, a ra\u00edz de un pol\u00e9mico\u00a0comentario de Coti Romero y Charlotte Caniggia. En\u00a0LAM (Am\u00e9rica TV),\u00a0\u00c1ngel de Brito\u00a0cont\u00f3 que\u00a0Zaira Nara\u00a0pidi\u00f3 bajar a\u00a0Coti Romero\u00a0del streaming, pero no tuvo \u00e9xito: \u00abHabl\u00f3 con el due\u00f1o [&hellip;]<\/p>\n","protected":false},"author":1,"featured_media":100851,"comment_status":"closed","ping_status":"closed","sticky":false,"template":"","format":"standard","meta":{"_seopress_robots_primary_cat":"","_seopress_titles_title":"","_seopress_titles_desc":"","_seopress_robots_index":"","footnotes":""},"categories":[2],"tags":[38406,38407],"class_list":{"0":"post-100850","1":"post","2":"type-post","3":"status-publish","4":"format-standard","5":"has-post-thumbnail","7":"category-tv","8":"tag-renuncia-de-zaira-nara-al-bailando","9":"tag-zaira-nara-angel-de-brito"},"_links":{"self":[{"href":"https:\/\/www.cordobatimes.com\/showup\/wp-json\/wp\/v2\/posts\/100850","targetHints":{"allow":["GET"]}}],"collection":[{"href":"https:\/\/www.cordobatimes.com\/showup\/wp-json\/wp\/v2\/posts"}],"about":[{"href":"https:\/\/www.cordobatimes.com\/showup\/wp-json\/wp\/v2\/types\/post"}],"author":[{"embeddable":true,"href":"https:\/\/www.cordobatimes.com\/showup\/wp-json\/wp\/v2\/users\/1"}],"replies":[{"embeddable":true,"href":"https:\/\/www.cordobatimes.com\/showup\/wp-json\/wp\/v2\/comments?post=100850"}],"version-history":[{"count":0,"href":"https:\/\/www.cordobatimes.com\/showup\/wp-json\/wp\/v2\/posts\/100850\/revisions"}],"wp:featuredmedia":[{"embeddable":true,"href":"https:\/\/www.cordobatimes.com\/showup\/wp-json\/wp\/v2\/media\/100851"}],"wp:attachment":[{"href":"https:\/\/www.cordobatimes.com\/showup\/wp-json\/wp\/v2\/media?parent=100850"}],"wp:term":[{"taxonomy":"category","embeddable":true,"href":"https:\/\/www.cordobatimes.com\/showup\/wp-json\/wp\/v2\/categories?post=100850"},{"taxonomy":"post_tag","embeddable":true,"href":"https:\/\/www.cordobatimes.com\/showup\/wp-json\/wp\/v2\/tags?post=100850"}],"curies":[{"name":"wp","href":"https:\/\/api.w.org\/{rel}","templated":true}]}}