{"id":100847,"date":"2023-10-27T12:44:16","date_gmt":"2023-10-27T15:44:16","guid":{"rendered":"https:\/\/www.cordobatimes.com\/showup\/?p=100847"},"modified":"2023-10-27T12:44:16","modified_gmt":"2023-10-27T15:44:16","slug":"la-reaccion-de-paula-chaves-cuando-le-preguntaron-por-la-renuncia-de-zaira-nara-al-bailando","status":"publish","type":"post","link":"https:\/\/www.cordobatimes.com\/showup\/tv\/2023\/10\/27\/la-reaccion-de-paula-chaves-cuando-le-preguntaron-por-la-renuncia-de-zaira-nara-al-bailando\/","title":{"rendered":"La  reacci\u00f3n de Paula Ch\u00e1ves cuando le preguntaron por la renuncia de Zaira Nara al Bailando"},"content":{"rendered":"<h3><strong>La modelo y conductora de televisi\u00f3n fue entrevistada en LAM.<\/strong><\/h3>\n<p>Zaira Nara se convirti\u00f3 en una de las celebridades m\u00e1s mencionadas en el d\u00eda de ayer tras anunciar su renuncia al Bailando 2023. El motivo se debi\u00f3 a su enojo con Coti Romero y Charlotte Caniggia que se cruzaron anoche en el programa y la involucraron a la hermana de Wanda Nara.<\/p>\n<p>La ex Gran Hermano cont\u00f3 que la hermana de Alex Caniggia le hab\u00eda dicho que las hermanas Nara eran famosas por haber hecho sexo oral. Esto por supuesto ofendi\u00f3 a la novia de Facundo Pieres y\u00a0decidi\u00f3 bajarse del streaming del certamen.<\/p>\n<h3><strong>La palabra de Paula Ch\u00e1ves<\/strong><\/h3>\n<p>Esta noche en LAM,\u00a0Paula Ch\u00e1ves\u00a0fue entrevistada por \u00c1ngel de Brito a trav\u00e9s de un m\u00f3vil y lo primero que le pregunt\u00f3 fue qu\u00e9 opinaba de la decisi\u00f3n de su examiga.<\/p>\n<p>\u00abUn baj\u00f3n. Cualquiera\u00bb, comenz\u00f3 diciendo la modelo y conductora.<\/p>\n<p>Luego, la pareja de Pedro Alfonso se\u00f1al\u00f3:\u00a0\u00abMe parece muy bien la renuncia\u00bb.\u00a0Y agreg\u00f3: \u00abSi me siento mal en un lugar, no vuelvo m\u00e1s\u00bb.<\/p>\n<p>Claro que su respuesta llam\u00f3 la atenci\u00f3n sobre todo de los fans de\u00a0Zaira Nara,\u00a0sobre todo porque d\u00edas atr\u00e1s la hermana de Wanda Nara y Facundo Pieres\u00a0confirmaron su reconciliaci\u00f3n\u00a0en un evento de polo.<\/p>\n<p>De esta manera,\u00a0Paula Ch\u00e1ves\u00a0dej\u00f3 en claro que sabe separar las cosas y que si hace falta defender a su examiga Zaira Nara por coincidir en sus opiniones, lo hace sin problema.<\/p>\n<blockquote class=\"twitter-tweet\">\n<p lang=\"es\" dir=\"ltr\">Paula Chaves: &quot;La renuncia de <a href=\"https:\/\/twitter.com\/zairana?ref_src=twsrc%5Etfw\">@zairana<\/a> me parece bien&quot; <a href=\"https:\/\/twitter.com\/paulitachaves?ref_src=twsrc%5Etfw\">@paulitachaves<\/a> <a href=\"https:\/\/twitter.com\/hashtag\/LAM?src=hash&amp;ref_src=twsrc%5Etfw\">#LAM<\/a> <a href=\"https:\/\/t.co\/fArYen5p82\">pic.twitter.com\/fArYen5p82<\/a><\/p>\n<p>&mdash; ElEjercitoDeLAM (@elejercitodelam) <a href=\"https:\/\/twitter.com\/elejercitodelam\/status\/1717892103915610504?ref_src=twsrc%5Etfw\">October 27, 2023<\/a><\/p><\/blockquote>\n<p> <script async src=\"https:\/\/platform.twitter.com\/widgets.js\" charset=\"utf-8\"><\/script><\/p>\n","protected":false},"excerpt":{"rendered":"<p>La modelo y conductora de televisi\u00f3n fue entrevistada en LAM. Zaira Nara se convirti\u00f3 en una de las celebridades m\u00e1s mencionadas en el d\u00eda de ayer tras anunciar su renuncia al Bailando 2023. El motivo se debi\u00f3 a su enojo con Coti Romero y Charlotte Caniggia que se cruzaron anoche en el programa y la [&hellip;]<\/p>\n","protected":false},"author":1,"featured_media":100848,"comment_status":"closed","ping_status":"closed","sticky":false,"template":"","format":"standard","meta":{"_seopress_robots_primary_cat":"","_seopress_titles_title":"","_seopress_titles_desc":"","_seopress_robots_index":"","footnotes":""},"categories":[2],"tags":[38405,38406],"class_list":{"0":"post-100847","1":"post","2":"type-post","3":"status-publish","4":"format-standard","5":"has-post-thumbnail","7":"category-tv","8":"tag-paula-chavez-zaira-nara","9":"tag-renuncia-de-zaira-nara-al-bailando"},"_links":{"self":[{"href":"https:\/\/www.cordobatimes.com\/showup\/wp-json\/wp\/v2\/posts\/100847","targetHints":{"allow":["GET"]}}],"collection":[{"href":"https:\/\/www.cordobatimes.com\/showup\/wp-json\/wp\/v2\/posts"}],"about":[{"href":"https:\/\/www.cordobatimes.com\/showup\/wp-json\/wp\/v2\/types\/post"}],"author":[{"embeddable":true,"href":"https:\/\/www.cordobatimes.com\/showup\/wp-json\/wp\/v2\/users\/1"}],"replies":[{"embeddable":true,"href":"https:\/\/www.cordobatimes.com\/showup\/wp-json\/wp\/v2\/comments?post=100847"}],"version-history":[{"count":0,"href":"https:\/\/www.cordobatimes.com\/showup\/wp-json\/wp\/v2\/posts\/100847\/revisions"}],"wp:featuredmedia":[{"embeddable":true,"href":"https:\/\/www.cordobatimes.com\/showup\/wp-json\/wp\/v2\/media\/100848"}],"wp:attachment":[{"href":"https:\/\/www.cordobatimes.com\/showup\/wp-json\/wp\/v2\/media?parent=100847"}],"wp:term":[{"taxonomy":"category","embeddable":true,"href":"https:\/\/www.cordobatimes.com\/showup\/wp-json\/wp\/v2\/categories?post=100847"},{"taxonomy":"post_tag","embeddable":true,"href":"https:\/\/www.cordobatimes.com\/showup\/wp-json\/wp\/v2\/tags?post=100847"}],"curies":[{"name":"wp","href":"https:\/\/api.w.org\/{rel}","templated":true}]}}