{"id":100839,"date":"2023-10-26T13:08:29","date_gmt":"2023-10-26T16:08:29","guid":{"rendered":"https:\/\/www.cordobatimes.com\/showup\/?p=100839"},"modified":"2023-10-26T13:08:29","modified_gmt":"2023-10-26T16:08:29","slug":"jorge-rial-elogio-a-angel-de-brito-y-a-lam","status":"publish","type":"post","link":"https:\/\/www.cordobatimes.com\/showup\/famosos\/2023\/10\/26\/jorge-rial-elogio-a-angel-de-brito-y-a-lam\/","title":{"rendered":"Jorge Rial elogi\u00f3 a \u00c1ngel de Brito y a LAM"},"content":{"rendered":"<h3>\u00ab<strong>Son los herederos de la l\u00ednea que tuvo Intrusos durante 20 a\u00f1os\u00bb<\/strong><\/h3>\n<p>El periodista estuvo como invitado en el ciclo Despu\u00e9s de la tormenta (Futurock), conducido por Mat\u00edas Casta\u00f1eda y Mar\u00eda Del Mar Ram\u00f3n (actual novia de Rial), y hablar sobre los l\u00edderes en el rubro de far\u00e1ndula y espect\u00e1culo, Jorge manifest\u00f3: \u00ab\u00c1ngel es hoy el mejor, el concentra todo. Es el que toma un poco la posta de lo que \u00e9ramos nosotros en Intrusos\u00bb.<\/p>\n<p>De igual manera, el conductor de\u00a0Argenzuela\u00a0(C5N) reconoci\u00f3 que el programa de\u00a0De Brito\u00a0es actualmente el principal referente cuando se trata de verdades dentro del mundo de los famosos y la televisi\u00f3n: \u00abEn una \u00e9poca Intrusos dec\u00eda que era negro y era negro, no importaba si era blanco, era gris, no importaba. Hoy \u00c1ngel logr\u00f3 eso porque lo perdi\u00f3 Intrusos, lo que dice LAM es cierto, no importa si es verdad o no, hay una certeza que te lo da el programa\u00bb.<\/p>\n<p>\u00abSon los herederos, o sea, siguen la l\u00ednea que tuvo Intrusos durante 20 a\u00f1os y que bueno, perdi\u00f3, nada m\u00e1s\u00bb, concluy\u00f3\u00a0Rial. Por su parte,\u00a0\u00c1ngel\u00a0le agradeci\u00f3 a trav\u00e9s de X a su colega: \u00abGracias\u00a0@rialjorge\u00bb.<\/p>\n<div style=\"width: 480px;\" class=\"wp-video\"><video class=\"wp-video-shortcode\" id=\"video-100839-1\" width=\"480\" height=\"570\" preload=\"metadata\" controls=\"controls\"><source type=\"video\/mp4\" src=\"https:\/\/www.cordobatimes.com\/showup\/wp-content\/uploads\/2023\/10\/555twitter.com_1698335556173.mp4?_=1\" \/><a href=\"https:\/\/www.cordobatimes.com\/showup\/wp-content\/uploads\/2023\/10\/555twitter.com_1698335556173.mp4\">https:\/\/www.cordobatimes.com\/showup\/wp-content\/uploads\/2023\/10\/555twitter.com_1698335556173.mp4<\/a><\/video><\/div>\n<p><img alt=\"\" loading=\"lazy\" decoding=\"async\" class=\"alignnone size-medium wp-image-100842\" src=\"https:\/\/www.cordobatimes.com\/showup\/wp-content\/uploads\/2023\/10\/Pantallazo-26-10-2023-13.06.37-668x420.jpg\" alt=\"\" width=\"668\" height=\"420\" srcset=\"https:\/\/www.cordobatimes.com\/showup\/wp-content\/uploads\/2023\/10\/Pantallazo-26-10-2023-13.06.37-668x420.jpg 668w, https:\/\/www.cordobatimes.com\/showup\/wp-content\/uploads\/2023\/10\/Pantallazo-26-10-2023-13.06.37-768x483.jpg 768w, https:\/\/www.cordobatimes.com\/showup\/wp-content\/uploads\/2023\/10\/Pantallazo-26-10-2023-13.06.37-696x437.jpg 696w, https:\/\/www.cordobatimes.com\/showup\/wp-content\/uploads\/2023\/10\/Pantallazo-26-10-2023-13.06.37.jpg 969w\" sizes=\"auto, (max-width: 668px) 100vw, 668px\" \/><\/p>\n","protected":false},"excerpt":{"rendered":"<p>\u00abSon los herederos de la l\u00ednea que tuvo Intrusos durante 20 a\u00f1os\u00bb El periodista estuvo como invitado en el ciclo Despu\u00e9s de la tormenta (Futurock), conducido por Mat\u00edas Casta\u00f1eda y Mar\u00eda Del Mar Ram\u00f3n (actual novia de Rial), y hablar sobre los l\u00edderes en el rubro de far\u00e1ndula y espect\u00e1culo, Jorge manifest\u00f3: \u00ab\u00c1ngel es hoy [&hellip;]<\/p>\n","protected":false},"author":1,"featured_media":100840,"comment_status":"closed","ping_status":"closed","sticky":false,"template":"","format":"standard","meta":{"_seopress_robots_primary_cat":"","_seopress_titles_title":"","_seopress_titles_desc":"","_seopress_robots_index":"","footnotes":""},"categories":[4],"tags":[38404],"class_list":{"0":"post-100839","1":"post","2":"type-post","3":"status-publish","4":"format-standard","5":"has-post-thumbnail","7":"category-famosos","8":"tag-jorge-rial-angel-de-brito"},"_links":{"self":[{"href":"https:\/\/www.cordobatimes.com\/showup\/wp-json\/wp\/v2\/posts\/100839","targetHints":{"allow":["GET"]}}],"collection":[{"href":"https:\/\/www.cordobatimes.com\/showup\/wp-json\/wp\/v2\/posts"}],"about":[{"href":"https:\/\/www.cordobatimes.com\/showup\/wp-json\/wp\/v2\/types\/post"}],"author":[{"embeddable":true,"href":"https:\/\/www.cordobatimes.com\/showup\/wp-json\/wp\/v2\/users\/1"}],"replies":[{"embeddable":true,"href":"https:\/\/www.cordobatimes.com\/showup\/wp-json\/wp\/v2\/comments?post=100839"}],"version-history":[{"count":0,"href":"https:\/\/www.cordobatimes.com\/showup\/wp-json\/wp\/v2\/posts\/100839\/revisions"}],"wp:featuredmedia":[{"embeddable":true,"href":"https:\/\/www.cordobatimes.com\/showup\/wp-json\/wp\/v2\/media\/100840"}],"wp:attachment":[{"href":"https:\/\/www.cordobatimes.com\/showup\/wp-json\/wp\/v2\/media?parent=100839"}],"wp:term":[{"taxonomy":"category","embeddable":true,"href":"https:\/\/www.cordobatimes.com\/showup\/wp-json\/wp\/v2\/categories?post=100839"},{"taxonomy":"post_tag","embeddable":true,"href":"https:\/\/www.cordobatimes.com\/showup\/wp-json\/wp\/v2\/tags?post=100839"}],"curies":[{"name":"wp","href":"https:\/\/api.w.org\/{rel}","templated":true}]}}