{"id":100832,"date":"2023-10-26T11:51:56","date_gmt":"2023-10-26T14:51:56","guid":{"rendered":"https:\/\/www.cordobatimes.com\/showup\/?p=100832"},"modified":"2023-10-26T11:51:56","modified_gmt":"2023-10-26T14:51:56","slug":"ricardo-darin-opino-sobre-la-remake-de-nueve-reinas","status":"publish","type":"post","link":"https:\/\/www.cordobatimes.com\/showup\/famosos\/2023\/10\/26\/ricardo-darin-opino-sobre-la-remake-de-nueve-reinas\/","title":{"rendered":"Ricardo Dar\u00edn opin\u00f3 sobre la remake de Nueve Reinas"},"content":{"rendered":"<h3><strong>El actor fue contundente al hablar de la versi\u00f3n norteamericana de la pel\u00edcula de Fabi\u00e1n Bielinsky que realiz\u00f3 Gregory Jacobs.<\/strong><\/h3>\n<p>Este mi\u00e9rcoles\u00a0<b>Ricardo Dar\u00edn<\/b>\u00a0estuvo como invitado en\u00a0<i>So\u00f1\u00e9 que volaba<\/i>, el stream de\u00a0<b>Migue Granados<\/b>\u00a0en Olga. En un tramo de la conversaci\u00f3n el conductor le pregunt\u00f3 por la versi\u00f3n estadounidense de la exitosa\u00a0<i><b>Nueve Reinas<\/b><\/i>, la pel\u00edcula que el actor protagoniz\u00f3 en el 2000 junto a\u00a0<b>Gast\u00f3n Pauls<\/b>, con gui\u00f3n y direcci\u00f3n de\u00a0<b>Fabi\u00e1n Bielinsky<\/b>, fallecido en 2006.<\/p>\n<p>Recordemos que la\u00a0<i>remake\u00a0<\/i>en cuesti\u00f3n se llam\u00f3\u00a0<i><b>Criminal<\/b><\/i>, se estren\u00f3 en el a\u00f1o 2004, fue dirigida por\u00a0<b>Gregory Jacobs<\/b>\u00a0y estuvo protagonizada por un elenco muy\u00a0<i>hollywoodense\u00a0<\/i>integrado por\u00a0<b>John C. Reilly, Diego Luna<\/b>\u00a0y\u00a0<b>Maggie Gyllenhaal<\/b>. Pese a los nombres, la pel\u00edcula no fue un \u00e9xito comercial, ni tampoco fue bien reconocida por la cr\u00edtica especializada. Y, seg\u00fan se supo hoy, tampoco tiene el visto bueno de Dar\u00edn.<\/p>\n<div style=\"width: 320px;\" class=\"wp-video\"><video class=\"wp-video-shortcode\" id=\"video-100832-1\" width=\"320\" height=\"568\" preload=\"metadata\" controls=\"controls\"><source type=\"video\/mp4\" src=\"https:\/\/www.cordobatimes.com\/showup\/wp-content\/uploads\/2023\/10\/555twitter.com_1698328635092.mp4?_=1\" \/><a href=\"https:\/\/www.cordobatimes.com\/showup\/wp-content\/uploads\/2023\/10\/555twitter.com_1698328635092.mp4\">https:\/\/www.cordobatimes.com\/showup\/wp-content\/uploads\/2023\/10\/555twitter.com_1698328635092.mp4<\/a><\/video><\/div>\n","protected":false},"excerpt":{"rendered":"<p>El actor fue contundente al hablar de la versi\u00f3n norteamericana de la pel\u00edcula de Fabi\u00e1n Bielinsky que realiz\u00f3 Gregory Jacobs. Este mi\u00e9rcoles\u00a0Ricardo Dar\u00edn\u00a0estuvo como invitado en\u00a0So\u00f1\u00e9 que volaba, el stream de\u00a0Migue Granados\u00a0en Olga. En un tramo de la conversaci\u00f3n el conductor le pregunt\u00f3 por la versi\u00f3n estadounidense de la exitosa\u00a0Nueve Reinas, la pel\u00edcula que el [&hellip;]<\/p>\n","protected":false},"author":1,"featured_media":100833,"comment_status":"closed","ping_status":"closed","sticky":false,"template":"","format":"standard","meta":{"_seopress_robots_primary_cat":"","_seopress_titles_title":"","_seopress_titles_desc":"","_seopress_robots_index":"","footnotes":""},"categories":[4],"tags":[38402,38401,38403],"class_list":{"0":"post-100832","1":"post","2":"type-post","3":"status-publish","4":"format-standard","5":"has-post-thumbnail","7":"category-famosos","8":"tag-remake-de-nueve-reinas","9":"tag-ricardo-darin-remake-de-nueve-reinas","10":"tag-ricardo-darin-sone-que-volaba"},"_links":{"self":[{"href":"https:\/\/www.cordobatimes.com\/showup\/wp-json\/wp\/v2\/posts\/100832","targetHints":{"allow":["GET"]}}],"collection":[{"href":"https:\/\/www.cordobatimes.com\/showup\/wp-json\/wp\/v2\/posts"}],"about":[{"href":"https:\/\/www.cordobatimes.com\/showup\/wp-json\/wp\/v2\/types\/post"}],"author":[{"embeddable":true,"href":"https:\/\/www.cordobatimes.com\/showup\/wp-json\/wp\/v2\/users\/1"}],"replies":[{"embeddable":true,"href":"https:\/\/www.cordobatimes.com\/showup\/wp-json\/wp\/v2\/comments?post=100832"}],"version-history":[{"count":0,"href":"https:\/\/www.cordobatimes.com\/showup\/wp-json\/wp\/v2\/posts\/100832\/revisions"}],"wp:featuredmedia":[{"embeddable":true,"href":"https:\/\/www.cordobatimes.com\/showup\/wp-json\/wp\/v2\/media\/100833"}],"wp:attachment":[{"href":"https:\/\/www.cordobatimes.com\/showup\/wp-json\/wp\/v2\/media?parent=100832"}],"wp:term":[{"taxonomy":"category","embeddable":true,"href":"https:\/\/www.cordobatimes.com\/showup\/wp-json\/wp\/v2\/categories?post=100832"},{"taxonomy":"post_tag","embeddable":true,"href":"https:\/\/www.cordobatimes.com\/showup\/wp-json\/wp\/v2\/tags?post=100832"}],"curies":[{"name":"wp","href":"https:\/\/api.w.org\/{rel}","templated":true}]}}