{"id":100829,"date":"2023-10-26T11:28:06","date_gmt":"2023-10-26T14:28:06","guid":{"rendered":"https:\/\/www.cordobatimes.com\/showup\/?p=100829"},"modified":"2023-10-26T12:11:30","modified_gmt":"2023-10-26T15:11:30","slug":"marcelo-tinelli-mano-a-mano-con-lam-analizo-su-vuelta-a-la-television-y-su-vinculo-con-el-publico","status":"publish","type":"post","link":"https:\/\/www.cordobatimes.com\/showup\/tv\/2023\/10\/26\/marcelo-tinelli-mano-a-mano-con-lam-analizo-su-vuelta-a-la-television-y-su-vinculo-con-el-publico\/","title":{"rendered":"Marcelo Tinelli mano a mano con LAM: analiz\u00f3 su vuelta a la televisi\u00f3n y su v\u00ednculo con el p\u00fablico"},"content":{"rendered":"<h3 class=\"article-headline left \"><strong>\u201cMe est\u00e1n pasando cosas como diez a\u00f1os atr\u00e1s\u201d<\/strong><\/h3>\n<p>Previo al comienzo del\u00a0<i>Bailando 2023<\/i>\u00a0(Am\u00e9rica), y desde su camar\u00edn,\u00a0<b>Marcelo Tinelli<\/b>\u00a0habl\u00f3 con\u00a0<b>\u00c1ngel de Brito<\/b>\u00a0en un mano a mano para<i>\u00a0LAM<\/i>\u00a0(Am\u00e9rica). \u201cVine a las 7 y media, me gusta llegar temprano, miro los ratings, un poco de todo. Me tomo unos mates mientras me maquillan y voy viendo todo lo que se va a venir\u201d, salud\u00f3 el conductor.<\/p>\n<p class=\"paragraph\" data-mrf-recirculation=\"Links inline\">\u201cPara m\u00ed el balance del programa es muy bueno.\u00a0<b>Yo personalmente tengo la sensaci\u00f3n como de hace diez a\u00f1os atr\u00e1s<\/b>. Me vuelven a pasar cosas que no me pasaban hace tiempo: esto de volver a estar entre la gente, estar en la calle otra vez, la situaci\u00f3n de por ah\u00ed no poder irme por cuarenta minutos despu\u00e9s del programa porque me piden fotos. Yo pens\u00e9 que esto se hab\u00eda perdido en alg\u00fan momento, pens\u00e9 que quiz\u00e1s por la pol\u00edtica o por ser dirigente de un club de f\u00fatbol\u201d, analiz\u00f3 Tinelli sobre estos dos meses de su show en Am\u00e9rica.<\/p>\n<p class=\"paragraph\" data-mrf-recirculation=\"Links inline\">\u201cA Am\u00e9rica le gusta el programa y se hizo una apuesta muy fuerte. No quiero decir que anteriormente no gustaba, pero creo que en la \u00e9poca de El Trece, m\u00e1s all\u00e1 de la excelente relaci\u00f3n que tengo con\u00a0<b>Adri\u00e1n Suar<\/b>, por ah\u00ed buscaban otro tipo de formato o un conductor mucho m\u00e1s duro o m\u00e1s acotado a otro tipo de cosas. Nosotros ahora tenemos el esp\u00edritu del\u00a0<i>Bailando\u00a0<\/i>de siempre\u201d, compar\u00f3 Marcelo con respecto a c\u00f3mo era antes y c\u00f3mo se siente ahora con su show.<\/p>\n<p class=\"paragraph\" data-mrf-recirculation=\"Links inline\">\u201cAc\u00e1 puedo estar en toda mi esencia, es un canal en el que estoy muy feliz, que me dio much\u00edsima libertad. Hacer 6, 7, 8 puntos, y estar peleando palmo a palmo el segundo lugar me parece que es muy importante. De a poco, Am\u00e9rica se fue armando y est\u00e1 consolidado en el tercer lugar, algo que me parece muy bueno. Adem\u00e1s se hizo un buen t\u00e1ndem entre tu programa y el nuestro\u201d, le dijo a De Brito en relaci\u00f3n a\u00a0<i>LAM<\/i>. \u201cPara m\u00ed, Am\u00e9rica tiene una programaci\u00f3n muy fuerte con el \u00faltimo momento\u201d, agreg\u00f3.<\/p>\n<div class=\"teads-inread sm-screen\">\n<div>\n<div class=\"teads-ui-components-adchoices\"><\/div>\n<\/div>\n<\/div>\n<blockquote class=\"twitter-tweet\">\n<p dir=\"ltr\" lang=\"es\">\ud83d\udca5 Marcelo Tinelli a solas con \u00c1ngel de Brito<\/p>\n<p>\ud83d\udcac \u201cEl balance del Bailando 2023 es muy bueno\u201d.<\/p>\n<p>Cc <a href=\"https:\/\/twitter.com\/hashtag\/LAM?src=hash&amp;ref_src=twsrc%5Etfw\">#LAM<\/a> en Am\u00e9rica TV \ud83d\udcfa <a href=\"https:\/\/twitter.com\/elejercitodelam?ref_src=twsrc%5Etfw\">@elejercitodelam<\/a> <a href=\"https:\/\/twitter.com\/AngeldebritoOk?ref_src=twsrc%5Etfw\">@AngeldebritoOk<\/a> <a href=\"https:\/\/t.co\/aHQKOdDvtb\">pic.twitter.com\/aHQKOdDvtb<\/a><\/p>\n<p>\u2014 Am\u00e9rica TV (@AmericaTV) <a href=\"https:\/\/twitter.com\/AmericaTV\/status\/1717338633940717650?ref_src=twsrc%5Etfw\">October 26, 2023<\/a><\/p><\/blockquote>\n<p><script async src=\"https:\/\/platform.twitter.com\/widgets.js\" charset=\"utf-8\"><\/script><\/p>\n","protected":false},"excerpt":{"rendered":"<p>\u201cMe est\u00e1n pasando cosas como diez a\u00f1os atr\u00e1s\u201d Previo al comienzo del\u00a0Bailando 2023\u00a0(Am\u00e9rica), y desde su camar\u00edn,\u00a0Marcelo Tinelli\u00a0habl\u00f3 con\u00a0\u00c1ngel de Brito\u00a0en un mano a mano para\u00a0LAM\u00a0(Am\u00e9rica). \u201cVine a las 7 y media, me gusta llegar temprano, miro los ratings, un poco de todo. Me tomo unos mates mientras me maquillan y voy viendo todo lo [&hellip;]<\/p>\n","protected":false},"author":1,"featured_media":100836,"comment_status":"closed","ping_status":"closed","sticky":false,"template":"","format":"standard","meta":{"_seopress_robots_primary_cat":"","_seopress_titles_title":"","_seopress_titles_desc":"","_seopress_robots_index":"","footnotes":""},"categories":[2],"tags":[38400,38399],"class_list":{"0":"post-100829","1":"post","2":"type-post","3":"status-publish","4":"format-standard","5":"has-post-thumbnail","7":"category-tv","8":"tag-marcelo-tinelli-con-angel-de-brito","9":"tag-marcelo-tinelli-mano-a-mano-con-lam"},"_links":{"self":[{"href":"https:\/\/www.cordobatimes.com\/showup\/wp-json\/wp\/v2\/posts\/100829","targetHints":{"allow":["GET"]}}],"collection":[{"href":"https:\/\/www.cordobatimes.com\/showup\/wp-json\/wp\/v2\/posts"}],"about":[{"href":"https:\/\/www.cordobatimes.com\/showup\/wp-json\/wp\/v2\/types\/post"}],"author":[{"embeddable":true,"href":"https:\/\/www.cordobatimes.com\/showup\/wp-json\/wp\/v2\/users\/1"}],"replies":[{"embeddable":true,"href":"https:\/\/www.cordobatimes.com\/showup\/wp-json\/wp\/v2\/comments?post=100829"}],"version-history":[{"count":0,"href":"https:\/\/www.cordobatimes.com\/showup\/wp-json\/wp\/v2\/posts\/100829\/revisions"}],"wp:featuredmedia":[{"embeddable":true,"href":"https:\/\/www.cordobatimes.com\/showup\/wp-json\/wp\/v2\/media\/100836"}],"wp:attachment":[{"href":"https:\/\/www.cordobatimes.com\/showup\/wp-json\/wp\/v2\/media?parent=100829"}],"wp:term":[{"taxonomy":"category","embeddable":true,"href":"https:\/\/www.cordobatimes.com\/showup\/wp-json\/wp\/v2\/categories?post=100829"},{"taxonomy":"post_tag","embeddable":true,"href":"https:\/\/www.cordobatimes.com\/showup\/wp-json\/wp\/v2\/tags?post=100829"}],"curies":[{"name":"wp","href":"https:\/\/api.w.org\/{rel}","templated":true}]}}