{"id":100825,"date":"2023-10-26T10:40:26","date_gmt":"2023-10-26T13:40:26","guid":{"rendered":"https:\/\/www.cordobatimes.com\/showup\/?p=100825"},"modified":"2023-10-26T10:40:26","modified_gmt":"2023-10-26T13:40:26","slug":"jimena-baron-hablo-de-la-actualidad-economica-argentina-quien-puede-decir-que-las-cosas-estan-bien","status":"publish","type":"post","link":"https:\/\/www.cordobatimes.com\/showup\/famosos\/2023\/10\/26\/jimena-baron-hablo-de-la-actualidad-economica-argentina-quien-puede-decir-que-las-cosas-estan-bien\/","title":{"rendered":"Jimena Bar\u00f3n habl\u00f3 de la actualidad econ\u00f3mica argentina: \u00ab\u00bfQui\u00e9n puede decir que las cosas est\u00e1n bien?\u00bb"},"content":{"rendered":"<h3 class=\"headline\"><strong>Tras las Elecciones 2023, la actriz y cantante reflexion\u00f3 sobre la situaci\u00f3n del pa\u00eds.<\/strong><\/h3>\n<p>Jimena Bar\u00f3n\u00a0est\u00e1 en plena mudanza y expres\u00f3 su indignaci\u00f3n en la red por la actualidad econ\u00f3mica argentina. La artista le habl\u00f3 a sus seguidores y se mostr\u00f3 molesta por la situaci\u00f3n que atraviesa el pa\u00eds.<\/p>\n<p>\u00abYo eleg\u00ed tal vez el peor momento de la vida para mudarme. &#8216;Te correg\u00ed el presupuesto&#8217;, me dicen. Es Argentina, entiendo, no hay problema. \u00bfCu\u00e1nto? 500 mil pesos.\u00a0Y yo con mis problemas de privilegiada, que me aumentaron el presupuesto de la casa nueva&#8230;\u00a0El taxista que me llev\u00f3 me dijo que trabaja entre 14 y 15 horas por d\u00eda y tiene la heladera vac\u00eda.\u00a0No es gente que no quiere trabajar, se rompe el culo trabajando y no tiene para comer\u00bb, comenz\u00f3 explicando la cantante.<\/p>\n<h3><strong>Qu\u00e9 dijo Jimena Bar\u00f3n sobre las Elecciones 2023<\/strong><\/h3>\n<p>\u00ab\u00bfQui\u00e9n verga vota contento en un mes?\u00a0Yo no soy millonaria, laburo hace 28 a\u00f1os, y as\u00ed todo me cuesta.\u00a0\u00bfQui\u00e9n est\u00e1 de verdad contento? \u00bfQui\u00e9n puede decir que las cosas est\u00e1n bien? \u00bfQui\u00e9n puede ser fan\u00e1tico de alguien de la pol\u00edtica con como est\u00e1n las cosas?\u00a0\u00a1Por favor, digan c\u00f3mo!\u00bb, sentenci\u00f3 indignada.<\/p>\n<p>\u00abYo, las 500 lucas, las tengo. Me cuestan, pero voy a poder. Pero\u00a0hay gente que se caga de hambre. \u00bfQu\u00e9 festejan? \u00bfQu\u00e9 hay para festejar?\u00a0D\u00edganlo, as\u00ed dejamos de ser unos tibios de mierda. Lo m\u00e1s raro e inexplicable es que haya fan\u00e1ticos\u00bb, insisti\u00f3\u00a0Jimena Bar\u00f3n.<\/p>\n<p>Por \u00faltimo, si bien no tom\u00f3 ninguna postura pol\u00edtica, dej\u00f3 en claro que est\u00e1 a favor de tener ciertos derechos: \u00abNo necesito explicar qu\u00e9 pienso de los derechos y de las mujeres. Fui de las primeras que milit\u00f3 cuando no se dec\u00eda nada todav\u00eda del aborto.\u00a0Me mataron por salir a defender eso. No tengo que explicar eso, pero no hay nada que festejar si la gente de caga de hambre\u00bb.<\/p>\n<div style=\"width: 230px;\" class=\"wp-video\"><video class=\"wp-video-shortcode\" id=\"video-100825-1\" width=\"230\" height=\"360\" preload=\"metadata\" controls=\"controls\"><source type=\"video\/mp4\" src=\"https:\/\/www.cordobatimes.com\/showup\/wp-content\/uploads\/2023\/10\/videoplayback-6.mp4?_=1\" \/><a href=\"https:\/\/www.cordobatimes.com\/showup\/wp-content\/uploads\/2023\/10\/videoplayback-6.mp4\">https:\/\/www.cordobatimes.com\/showup\/wp-content\/uploads\/2023\/10\/videoplayback-6.mp4<\/a><\/video><\/div>\n","protected":false},"excerpt":{"rendered":"<p>Tras las Elecciones 2023, la actriz y cantante reflexion\u00f3 sobre la situaci\u00f3n del pa\u00eds. Jimena Bar\u00f3n\u00a0est\u00e1 en plena mudanza y expres\u00f3 su indignaci\u00f3n en la red por la actualidad econ\u00f3mica argentina. La artista le habl\u00f3 a sus seguidores y se mostr\u00f3 molesta por la situaci\u00f3n que atraviesa el pa\u00eds. \u00abYo eleg\u00ed tal vez el peor [&hellip;]<\/p>\n","protected":false},"author":1,"featured_media":100826,"comment_status":"closed","ping_status":"closed","sticky":false,"template":"","format":"standard","meta":{"_seopress_robots_primary_cat":"","_seopress_titles_title":"","_seopress_titles_desc":"","_seopress_robots_index":"","footnotes":""},"categories":[4],"tags":[38397,38396,38398],"class_list":{"0":"post-100825","1":"post","2":"type-post","3":"status-publish","4":"format-standard","5":"has-post-thumbnail","7":"category-famosos","8":"tag-actualidad-economica-argentina","9":"tag-jimena-baron-actualidad-economica-argentina","10":"tag-jimena-baron-elecciones-2023"},"_links":{"self":[{"href":"https:\/\/www.cordobatimes.com\/showup\/wp-json\/wp\/v2\/posts\/100825","targetHints":{"allow":["GET"]}}],"collection":[{"href":"https:\/\/www.cordobatimes.com\/showup\/wp-json\/wp\/v2\/posts"}],"about":[{"href":"https:\/\/www.cordobatimes.com\/showup\/wp-json\/wp\/v2\/types\/post"}],"author":[{"embeddable":true,"href":"https:\/\/www.cordobatimes.com\/showup\/wp-json\/wp\/v2\/users\/1"}],"replies":[{"embeddable":true,"href":"https:\/\/www.cordobatimes.com\/showup\/wp-json\/wp\/v2\/comments?post=100825"}],"version-history":[{"count":0,"href":"https:\/\/www.cordobatimes.com\/showup\/wp-json\/wp\/v2\/posts\/100825\/revisions"}],"wp:featuredmedia":[{"embeddable":true,"href":"https:\/\/www.cordobatimes.com\/showup\/wp-json\/wp\/v2\/media\/100826"}],"wp:attachment":[{"href":"https:\/\/www.cordobatimes.com\/showup\/wp-json\/wp\/v2\/media?parent=100825"}],"wp:term":[{"taxonomy":"category","embeddable":true,"href":"https:\/\/www.cordobatimes.com\/showup\/wp-json\/wp\/v2\/categories?post=100825"},{"taxonomy":"post_tag","embeddable":true,"href":"https:\/\/www.cordobatimes.com\/showup\/wp-json\/wp\/v2\/tags?post=100825"}],"curies":[{"name":"wp","href":"https:\/\/api.w.org\/{rel}","templated":true}]}}