{"id":100818,"date":"2023-10-25T21:25:32","date_gmt":"2023-10-26T00:25:32","guid":{"rendered":"https:\/\/www.cordobatimes.com\/showup\/?p=100818"},"modified":"2023-10-25T21:25:32","modified_gmt":"2023-10-26T00:25:32","slug":"las-imagenes-de-la-casa-que-pampita-tuvo-que-dejar-porque-le-aumento-el-alquiler","status":"publish","type":"post","link":"https:\/\/www.cordobatimes.com\/showup\/famosos\/2023\/10\/25\/las-imagenes-de-la-casa-que-pampita-tuvo-que-dejar-porque-le-aumento-el-alquiler\/","title":{"rendered":"Las im\u00e1genes de la casa que Pampita  tuvo que dejar porque le aument\u00f3 el alquiler"},"content":{"rendered":"<h3><strong>La modelo revel\u00f3 que decidi\u00f3 irse a una propiedad m\u00e1s chica, ya que no pod\u00eda seguir pagando un precio tan elevado.<\/strong><\/h3>\n<p>Pampita Ardohain\u00a0revel\u00f3 que\u00a0en breve se mudar\u00e1 a una nueva propiedad\u00a0en\u00a0PH, Podemos Hablar, el ciclo de\u00a0Andy Kusnetzoff\u00a0al que fue invitada. En uno de los segmentos del programa cont\u00f3 un dato inesperado acerca de su vida familiar. \u201cMe estoy mudando de vuelta, siempre me estoy mudando\u201d, aclar\u00f3.\u00a0\u201cAlquilo, entonces cada tres a\u00f1os me mudo\u201d, se\u00f1al\u00f3.<\/p>\n<p class=\"paragraph\" data-mrf-recirculation=\"Links inline\">M\u00e1s adelante, la exconductora de<i>\u00a0El Hotel de los Famosos<\/i>\u00a0coment\u00f3 el verdadero motivo del cambio de vivienda.\u00a0<b>\u201cSubi\u00f3 el alquiler un mont\u00f3n y me mudo, es as\u00ed\u201d<\/b>. Entonces Kusnetzoff quiso saber si pensaba achicarse a una casa m\u00e1s peque\u00f1a. \u201cS\u00ed, nos vamos a un lugar m\u00e1s chico.<b>\u00a0<\/b>Era un divague donde viv\u00edamos\u201d, dijo entre risas.<\/p>\n<div class=\"inline ad-wrapper\">\n<div class=\"dfpAd ad-inline\">\n<div id=\"infobae\/teleshow\/nota\/inline\" class=\"infobae\/teleshow\/nota\/inline arcad\" data-google-query-id=\"CPSCwda3koIDFVmXlQIduK0F-A\">\n<div id=\"google_ads_iframe_\/1058609\/infobae\/teleshow\/nota\/inline_0__container__\"><iframe id=\"google_ads_iframe_\/1058609\/infobae\/teleshow\/nota\/inline_0\" tabindex=\"0\" title=\"3rd party ad content\" role=\"region\" name=\"google_ads_iframe_\/1058609\/infobae\/teleshow\/nota\/inline_0\" width=\"1\" height=\"1\" frameborder=\"0\" marginwidth=\"0\" marginheight=\"0\" scrolling=\"no\" aria-label=\"Advertisement\" data-load-complete=\"true\" data-google-container-id=\"9\" data-mce-fragment=\"1\"><\/iframe><\/div>\n<\/div>\n<\/div>\n<\/div>\n<p class=\"paragraph\" data-mrf-recirculation=\"Links inline\">\u201cPens\u00e1bamos que los d\u00edas de semana \u00edbamos a vivir todos juntos y nosotros vivimos juntos los fines de semana en realidad. Nos dimos cuenta que no necesitamos algo tan grande, as\u00ed que aprovechamos que subi\u00f3 el alquiler y nos vamos a algo m\u00e1s chico tambi\u00e9n\u201d, agreg\u00f3 la modelo. Luego, la expareja de\u00a0<b>Benjam\u00edn Vicu\u00f1a<\/b>\u00a0aclar\u00f3 que ella \u201cinvirti\u00f3 muy bien su dinero\u201d.<b>\u00a0\u201cYo tengo dos propiedades propias,\u00a0<\/b>una la alquilo y la otra es mi casa de fin de semana\u201d, concluy\u00f3.<\/p>\n<div class=\"visual__image\"><img loading=\"lazy\" decoding=\"async\" class=\" lazyload\" src=\"https:\/\/www.infobae.com\/new-resizer\/pXl2-PADJLyTviKot8Hs52p66oE=\/arc-anglerfish-arc2-prod-infobae\/public\/YLPRWGDYCJGWVH6LJEZLNE5SN4.jpg\" sizes=\"auto, (min-width: 800px) 50vw, 90vw\" srcset=\"https:\/\/www.infobae.com\/new-resizer\/TqijEvy-eg33_8DmqRPlleLOGPQ=\/420x236\/filters:format(webp):quality(85)\/cloudfront-us-east-1.images.arcpublishing.com\/infobae\/YLPRWGDYCJGWVH6LJEZLNE5SN4.jpg 420w,https:\/\/www.infobae.com\/new-resizer\/FWxC28UiKycY3d0x5Vf200qVmqQ=\/768x432\/filters:format(webp):quality(85)\/cloudfront-us-east-1.images.arcpublishing.com\/infobae\/YLPRWGDYCJGWVH6LJEZLNE5SN4.jpg 768w,https:\/\/www.infobae.com\/new-resizer\/wjj3ujcHoglrb3OvAdTTxeRWx58=\/992x558\/filters:format(webp):quality(85)\/cloudfront-us-east-1.images.arcpublishing.com\/infobae\/YLPRWGDYCJGWVH6LJEZLNE5SN4.jpg 992w,https:\/\/www.infobae.com\/new-resizer\/zbXK578KODARbs9_knYFmMe0gBg=\/1200x675\/filters:format(webp):quality(85)\/cloudfront-us-east-1.images.arcpublishing.com\/infobae\/YLPRWGDYCJGWVH6LJEZLNE5SN4.jpg 1200w,https:\/\/www.infobae.com\/new-resizer\/iEjb00lYQQ5rlwXP0m0jnN80dIw=\/1440x810\/filters:format(webp):quality(85)\/cloudfront-us-east-1.images.arcpublishing.com\/infobae\/YLPRWGDYCJGWVH6LJEZLNE5SN4.jpg 1440w\" alt=\"Pampita tuvo que dejar este departamento por el aumento del alquiler\" width=\"1920\" height=\"1080\" data-src=\"https:\/\/www.infobae.com\/new-resizer\/pXl2-PADJLyTviKot8Hs52p66oE=\/arc-anglerfish-arc2-prod-infobae\/public\/YLPRWGDYCJGWVH6LJEZLNE5SN4.jpg\" \/><\/div>\n<p class=\"paragraph\" data-mrf-recirculation=\"Links inline\">En el ciclo\u00a0<i>Socios del espect\u00e1culo\u00a0<\/i>(El Trece)<b>, Rodrigo Lussich<\/b>\u00a0record\u00f3 que la modelo hab\u00eda mostrado detalles de su casa en un reality sobre su vida laboral y personal. En aquella oportunidad, hab\u00eda llamado la atenci\u00f3n el tama\u00f1o de la propiedad en la que viv\u00edan con\u00a0<b>Roberto Garc\u00eda Morit\u00e1n\u00a0<\/b>y la familia ensamblada que formaron.<\/p>\n<p class=\"paragraph\" data-mrf-recirculation=\"Links inline\"><b>\u201cAlquilaban una casa que era para 200 personas\u201d,\u00a0<\/b>dijo en tono de broma Lussich<b>\u00a0<\/b>sobre la propiedad de Palermo. La periodista\u00a0<b>Nancy Dur\u00e9\u00a0<\/b>explic\u00f3 que el departamento<b>\u00a0ten\u00eda siete dormitorios y once ba\u00f1os.<\/b><\/p>\n<p class=\"paragraph\" data-mrf-recirculation=\"Links inline\">En el programa mostraron algunas im\u00e1genes del departamento que contaba con detalles s\u00faper exclusivos, como pisos de m\u00e1rmol, sala de juegos con billar y grandes vestidores. Incluso, Morit\u00e1n ten\u00eda una cafetera en el ba\u00f1o, ya que es fan\u00e1tico del caf\u00e9 y le gusta tomarlo apenas se levanta.<\/p>\n<div class=\"visual__image\"><img loading=\"lazy\" decoding=\"async\" class=\" lazyload\" src=\"https:\/\/www.infobae.com\/new-resizer\/5OXo4hsYL4VvoFW2LNE-ov7sm2g=\/arc-anglerfish-arc2-prod-infobae\/public\/DASKTA3NX5FIFDBWCA6BGSGIIY.jpg\" sizes=\"auto, (min-width: 800px) 50vw, 90vw\" srcset=\"https:\/\/www.infobae.com\/new-resizer\/PBQBqWdLgVbpkjs4nBIrBQ_x2yk=\/420x236\/filters:format(webp):quality(85)\/cloudfront-us-east-1.images.arcpublishing.com\/infobae\/DASKTA3NX5FIFDBWCA6BGSGIIY.jpg 420w,https:\/\/www.infobae.com\/new-resizer\/wYlZ1q2HhnAPZhix9qf8o0iVqWs=\/768x432\/filters:format(webp):quality(85)\/cloudfront-us-east-1.images.arcpublishing.com\/infobae\/DASKTA3NX5FIFDBWCA6BGSGIIY.jpg 768w,https:\/\/www.infobae.com\/new-resizer\/GnVRyHj7zhWsuXEgjCWmeVnTj1Y=\/992x558\/filters:format(webp):quality(85)\/cloudfront-us-east-1.images.arcpublishing.com\/infobae\/DASKTA3NX5FIFDBWCA6BGSGIIY.jpg 992w,https:\/\/www.infobae.com\/new-resizer\/8iMpEZojYIKDXusFinOCxbwbS9s=\/1200x675\/filters:format(webp):quality(85)\/cloudfront-us-east-1.images.arcpublishing.com\/infobae\/DASKTA3NX5FIFDBWCA6BGSGIIY.jpg 1200w,https:\/\/www.infobae.com\/new-resizer\/hEbnKmnOrPyUGJPwHfthVe4j1HE=\/1440x810\/filters:format(webp):quality(85)\/cloudfront-us-east-1.images.arcpublishing.com\/infobae\/DASKTA3NX5FIFDBWCA6BGSGIIY.jpg 1440w\" alt=\"Pampita tuvo que dejar este departamento por el aumento del alquiler\" width=\"1920\" height=\"1080\" data-src=\"https:\/\/www.infobae.com\/new-resizer\/5OXo4hsYL4VvoFW2LNE-ov7sm2g=\/arc-anglerfish-arc2-prod-infobae\/public\/DASKTA3NX5FIFDBWCA6BGSGIIY.jpg\" \/><\/div>\n<p class=\"paragraph\" data-mrf-recirculation=\"Links inline\">Pampita no es la \u00fanica que debi\u00f3 mudarse con su numerosa familia para cuidar el presupuesto.\u00a0<b>Mica Viciconte<\/b>\u00a0y\u00a0<b>Fabi\u00e1n Cubero<\/b>\u00a0atraviesan un momento parecido al de la modelo. Por estos d\u00edas, adem\u00e1s de festejar el cumplea\u00f1os de 15 de\u00a0<b>Indiana,<\/b>\u00a0la hija mayor del exfutbolista, tambi\u00e9n deber\u00e1n afrontar una mudanza de la casa en donde viven.<\/p>\n<p class=\"paragraph\" data-mrf-recirculation=\"Links inline\">La pareja deber\u00e1 abandonar su hogar en los pr\u00f3ximos d\u00edas, seg\u00fan revel\u00f3\u00a0<b>Laura Ubfal.<\/b>\u00a0\u00bfEl motivo? Esto se debe a un problema com\u00fan a muchos argentinos:<b>\u00a0les subieron el valor del alquiler de su casa.<\/b>\u00a0De acuerdo a lo que cont\u00f3 la periodista, la pareja se encontr\u00f3 con una extrema suba del contrato de alquiler de la propiedad y ellos no estar\u00edan dispuestos a pagarla. Adem\u00e1s, esto se suma a que ambos est\u00e1n construyendo su propia casa en la zona de Nordelta, en la localidad de Tigre.<\/p>\n<div class=\"visual__image\"><img loading=\"lazy\" decoding=\"async\" class=\" lazyload\" src=\"https:\/\/www.infobae.com\/new-resizer\/0WuuK8mxoXIRJ4omRgtmXCJuYU8=\/arc-anglerfish-arc2-prod-infobae\/public\/6CYZ7IBKWBBUJGS67L7BGZMAHE.jpg\" sizes=\"auto, (min-width: 800px) 50vw, 90vw\" srcset=\"https:\/\/www.infobae.com\/new-resizer\/bfWACPF9PK_IiYIQuD_Vpf210Ms=\/420x236\/filters:format(webp):quality(85)\/cloudfront-us-east-1.images.arcpublishing.com\/infobae\/6CYZ7IBKWBBUJGS67L7BGZMAHE.jpg 420w,https:\/\/www.infobae.com\/new-resizer\/NaMPv4ded067yblMBDeECbo4kaY=\/768x432\/filters:format(webp):quality(85)\/cloudfront-us-east-1.images.arcpublishing.com\/infobae\/6CYZ7IBKWBBUJGS67L7BGZMAHE.jpg 768w,https:\/\/www.infobae.com\/new-resizer\/KufJLSJdzqn09VOYyMUHdxgs6Gg=\/992x558\/filters:format(webp):quality(85)\/cloudfront-us-east-1.images.arcpublishing.com\/infobae\/6CYZ7IBKWBBUJGS67L7BGZMAHE.jpg 992w,https:\/\/www.infobae.com\/new-resizer\/-Xqa2ujE8sqAZNbSuyFRIB5LAc4=\/1200x675\/filters:format(webp):quality(85)\/cloudfront-us-east-1.images.arcpublishing.com\/infobae\/6CYZ7IBKWBBUJGS67L7BGZMAHE.jpg 1200w,https:\/\/www.infobae.com\/new-resizer\/2_lHwRfaqbla6B02DLVtMAlTd30=\/1440x810\/filters:format(webp):quality(85)\/cloudfront-us-east-1.images.arcpublishing.com\/infobae\/6CYZ7IBKWBBUJGS67L7BGZMAHE.jpg 1440w\" alt=\"Pampita tuvo que dejar este departamento por el aumento del alquiler\" width=\"1920\" height=\"1080\" data-src=\"https:\/\/www.infobae.com\/new-resizer\/0WuuK8mxoXIRJ4omRgtmXCJuYU8=\/arc-anglerfish-arc2-prod-infobae\/public\/6CYZ7IBKWBBUJGS67L7BGZMAHE.jpg\" \/><\/div>\n<p class=\"paragraph\" data-mrf-recirculation=\"Links inline\">Ubfal explic\u00f3 que la influencer y el exfutbolista les habr\u00edan pedido a los due\u00f1os quedarse uno o dos meses m\u00e1s, pero ante el elevado precio que les pidieron, habr\u00edan decidido mudarse a Nordelta no bien puedan, aunque la vivienda aun no est\u00e9 del todo terminada.\u00a0<b>\u201cPrefieren irse a vivir con la casa a medio terminar que seguir pagando unas cifras exorbitantes\u201d,<\/b>\u00a0dijo la columnista de<i>\u00a0Intrusos<\/i>\u00a0(Am\u00e9rica).<\/p>\n<p class=\"paragraph\" data-mrf-recirculation=\"Links inline\">Por otra parte, la pareja se muestra muy entusiasmada con terminar su propio hogar ya que quieren un lugar para que su peque\u00f1o hijo\u00a0<b>Luca,<\/b>\u00a0de un a\u00f1o y medio, pueda disfrutar del parque y del aire libre antes del verano. Cabe recordar que junto a ellos tambi\u00e9n vive Indiana, desde que se mud\u00f3 de la casa de su mam\u00e1 por las diferencias que ten\u00edan entre ambas.<\/p>\n<div class=\"visual__image\"><img loading=\"lazy\" decoding=\"async\" class=\" lazyload\" src=\"https:\/\/www.infobae.com\/new-resizer\/iKn4h3DNGrnIX0QFXk7t6kYW6P0=\/arc-anglerfish-arc2-prod-infobae\/public\/76YF64ZGLZCANOZJEJBGN3XAVE.jpg\" sizes=\"auto, (min-width: 800px) 50vw, 90vw\" srcset=\"https:\/\/www.infobae.com\/new-resizer\/ockI5OkcI0kK8__9c_Xtsayhdt8=\/420x236\/filters:format(webp):quality(85)\/cloudfront-us-east-1.images.arcpublishing.com\/infobae\/76YF64ZGLZCANOZJEJBGN3XAVE.jpg 420w,https:\/\/www.infobae.com\/new-resizer\/hHB7DYUKf5hXJUmTFtvevcfrojw=\/768x432\/filters:format(webp):quality(85)\/cloudfront-us-east-1.images.arcpublishing.com\/infobae\/76YF64ZGLZCANOZJEJBGN3XAVE.jpg 768w,https:\/\/www.infobae.com\/new-resizer\/9dSd8Nw5R3aOrZpzrSHZbv-bPa4=\/992x558\/filters:format(webp):quality(85)\/cloudfront-us-east-1.images.arcpublishing.com\/infobae\/76YF64ZGLZCANOZJEJBGN3XAVE.jpg 992w,https:\/\/www.infobae.com\/new-resizer\/gkL69CLc4amb47w9f0iaIqSMviI=\/1200x675\/filters:format(webp):quality(85)\/cloudfront-us-east-1.images.arcpublishing.com\/infobae\/76YF64ZGLZCANOZJEJBGN3XAVE.jpg 1200w,https:\/\/www.infobae.com\/new-resizer\/xysYyyy26hV8E2BBcic6qRNqIns=\/1440x810\/filters:format(webp):quality(85)\/cloudfront-us-east-1.images.arcpublishing.com\/infobae\/76YF64ZGLZCANOZJEJBGN3XAVE.jpg 1440w\" alt=\"Im\u00e1genes del departamento de Pampita \" width=\"1920\" height=\"1080\" data-src=\"https:\/\/www.infobae.com\/new-resizer\/iKn4h3DNGrnIX0QFXk7t6kYW6P0=\/arc-anglerfish-arc2-prod-infobae\/public\/76YF64ZGLZCANOZJEJBGN3XAVE.jpg\" \/><\/div>\n<div class=\"visual__image\"><img loading=\"lazy\" decoding=\"async\" class=\" lazyload\" src=\"https:\/\/www.infobae.com\/new-resizer\/LJhb2uAxXKQJ7OyXbr4JXjcjKUA=\/arc-anglerfish-arc2-prod-infobae\/public\/5EN7RCSUFJFP3FILRNERVJ2GLE.jpg\" sizes=\"auto, (min-width: 800px) 50vw, 90vw\" srcset=\"https:\/\/www.infobae.com\/new-resizer\/9bMebnpIudnwq5PKRtouKM2hcdU=\/420x236\/filters:format(webp):quality(85)\/cloudfront-us-east-1.images.arcpublishing.com\/infobae\/5EN7RCSUFJFP3FILRNERVJ2GLE.jpg 420w,https:\/\/www.infobae.com\/new-resizer\/uXde6AzYDQWEobWdkyZNpFhORmI=\/768x432\/filters:format(webp):quality(85)\/cloudfront-us-east-1.images.arcpublishing.com\/infobae\/5EN7RCSUFJFP3FILRNERVJ2GLE.jpg 768w,https:\/\/www.infobae.com\/new-resizer\/yw21JGcPNS8YdvxPwfcDDBF5ixM=\/992x558\/filters:format(webp):quality(85)\/cloudfront-us-east-1.images.arcpublishing.com\/infobae\/5EN7RCSUFJFP3FILRNERVJ2GLE.jpg 992w,https:\/\/www.infobae.com\/new-resizer\/6UtMW39EZigzOZxFlGAqKfxKc4w=\/1200x675\/filters:format(webp):quality(85)\/cloudfront-us-east-1.images.arcpublishing.com\/infobae\/5EN7RCSUFJFP3FILRNERVJ2GLE.jpg 1200w,https:\/\/www.infobae.com\/new-resizer\/01uZpUtcQQVtIoCrO026m8bG0M8=\/1440x810\/filters:format(webp):quality(85)\/cloudfront-us-east-1.images.arcpublishing.com\/infobae\/5EN7RCSUFJFP3FILRNERVJ2GLE.jpg 1440w\" alt=\"Im\u00e1genes del departamento de Pampita \" width=\"1920\" height=\"1080\" data-src=\"https:\/\/www.infobae.com\/new-resizer\/LJhb2uAxXKQJ7OyXbr4JXjcjKUA=\/arc-anglerfish-arc2-prod-infobae\/public\/5EN7RCSUFJFP3FILRNERVJ2GLE.jpg\" \/><\/div>\n","protected":false},"excerpt":{"rendered":"<p>La modelo revel\u00f3 que decidi\u00f3 irse a una propiedad m\u00e1s chica, ya que no pod\u00eda seguir pagando un precio tan elevado. Pampita Ardohain\u00a0revel\u00f3 que\u00a0en breve se mudar\u00e1 a una nueva propiedad\u00a0en\u00a0PH, Podemos Hablar, el ciclo de\u00a0Andy Kusnetzoff\u00a0al que fue invitada. En uno de los segmentos del programa cont\u00f3 un dato inesperado acerca de su vida [&hellip;]<\/p>\n","protected":false},"author":1,"featured_media":100819,"comment_status":"closed","ping_status":"closed","sticky":false,"template":"","format":"standard","meta":{"_seopress_robots_primary_cat":"","_seopress_titles_title":"","_seopress_titles_desc":"","_seopress_robots_index":"","footnotes":""},"categories":[4],"tags":[38393,38394,38392],"class_list":{"0":"post-100818","1":"post","2":"type-post","3":"status-publish","4":"format-standard","5":"has-post-thumbnail","7":"category-famosos","8":"tag-casa-de-pampita","9":"tag-casa-de-pampita-alquiler","10":"tag-departamento-de-pampita"},"_links":{"self":[{"href":"https:\/\/www.cordobatimes.com\/showup\/wp-json\/wp\/v2\/posts\/100818","targetHints":{"allow":["GET"]}}],"collection":[{"href":"https:\/\/www.cordobatimes.com\/showup\/wp-json\/wp\/v2\/posts"}],"about":[{"href":"https:\/\/www.cordobatimes.com\/showup\/wp-json\/wp\/v2\/types\/post"}],"author":[{"embeddable":true,"href":"https:\/\/www.cordobatimes.com\/showup\/wp-json\/wp\/v2\/users\/1"}],"replies":[{"embeddable":true,"href":"https:\/\/www.cordobatimes.com\/showup\/wp-json\/wp\/v2\/comments?post=100818"}],"version-history":[{"count":0,"href":"https:\/\/www.cordobatimes.com\/showup\/wp-json\/wp\/v2\/posts\/100818\/revisions"}],"wp:featuredmedia":[{"embeddable":true,"href":"https:\/\/www.cordobatimes.com\/showup\/wp-json\/wp\/v2\/media\/100819"}],"wp:attachment":[{"href":"https:\/\/www.cordobatimes.com\/showup\/wp-json\/wp\/v2\/media?parent=100818"}],"wp:term":[{"taxonomy":"category","embeddable":true,"href":"https:\/\/www.cordobatimes.com\/showup\/wp-json\/wp\/v2\/categories?post=100818"},{"taxonomy":"post_tag","embeddable":true,"href":"https:\/\/www.cordobatimes.com\/showup\/wp-json\/wp\/v2\/tags?post=100818"}],"curies":[{"name":"wp","href":"https:\/\/api.w.org\/{rel}","templated":true}]}}