{"id":100814,"date":"2023-10-25T21:01:34","date_gmt":"2023-10-26T00:01:34","guid":{"rendered":"https:\/\/www.cordobatimes.com\/showup\/?p=100814"},"modified":"2023-10-25T21:01:34","modified_gmt":"2023-10-26T00:01:34","slug":"patricia-sosa-defendio-a-sofia-clerici-que-hizo-de-malo-recibe-lindos-regalitos-pero-no-es-funcionaria","status":"publish","type":"post","link":"https:\/\/www.cordobatimes.com\/showup\/famosos\/2023\/10\/25\/patricia-sosa-defendio-a-sofia-clerici-que-hizo-de-malo-recibe-lindos-regalitos-pero-no-es-funcionaria\/","title":{"rendered":"Patricia Sosa defendi\u00f3 a Sof\u00eda Clerici \u00a0\u201c\u00bfQu\u00e9 hizo de malo? Recibe lindos regalitos pero no es funcionaria\u201d"},"content":{"rendered":"<h3><strong>La cantante expres\u00f3 su opini\u00f3n sobre la modelo investigada por presunto enriquecimiento il\u00edcito y lavado de dinero.<\/strong><\/h3>\n<p><b>Sof\u00eda Clerici\u00a0<\/b>gener\u00f3 revuelo cuando public\u00f3 en sus redes sociales im\u00e1genes junto con\u00a0<b>Mart\u00edn Insaurralde<\/b>\u00a0en un yate en Marbella. El esc\u00e1ndalo tuvo como consecuencia la renuncia del pol\u00edtico a la jefatura del gabinete bonaerense y a su candidatura como primer concejal de Lomas de Zamora. Ahora la Justicia los investiga, junto a<b>\u00a0Jesica Cirio<\/b>, por presunto enriquecimiento il\u00edcito y lavado de dinero.<\/p>\n<p class=\"paragraph\" data-mrf-recirculation=\"Links inline\">Este martes,\u00a0el juez federal\u00a0<b>Ernesto Kreplak\u00a0<\/b>secuestr\u00f3 casi\u00a0<b>600 mil d\u00f3lares<\/b>\u00a0y varios objetos de valor en el allanamiento que se realiz\u00f3 en la casa donde vive Clerici, en el barrio de Nordelta. Tambi\u00e9n allanaron propiedades de Insaurralde y Cirio.<\/p>\n<div class=\"teads-adCall\"><\/div>\n<p class=\"paragraph\" data-mrf-recirculation=\"Links inline\">En medio de este contexto,<b>\u00a0Patricia Sosa<\/b>\u00a0expres\u00f3 su opini\u00f3n sobre este esc\u00e1ndalo y defendi\u00f3 a la modelo. En su cuenta de la red social X, la cantante se\u00f1al\u00f3: \u201c<b>Pregunta: \u00bfqu\u00e9 hizo de malo Clerici? Recibe regalos. No es funcionaria.<\/b>\u00a0\u00a1Y que lindos regalitos! Pero no es funcionaria\u201d.<\/p>\n<p class=\"paragraph\" data-mrf-recirculation=\"Links inline\">Adem\u00e1s, la popular artista manifest\u00f3:\u00a0<b>\u201cSi los que le regalan utilizan fondos p\u00fablicos, son unos malvados. Pero la chica sonr\u00ede y acepta esos regalos tan lindos. Pero NO ES FUNCIONARIA\u201d.<\/b>\u00a0De esta manera, hizo referencia a los costosos regalos, como joyas y carteras, que la misma Sof\u00eda cont\u00f3 que recibi\u00f3 como regalo de sus \u201camigos\u201d y luego aclar\u00f3 que se los compr\u00f3 ella.<\/p>\n<p data-mrf-recirculation=\"Links inline\"><img alt=\"\" loading=\"lazy\" decoding=\"async\" class=\"alignnone size-medium wp-image-100816\" src=\"https:\/\/www.cordobatimes.com\/showup\/wp-content\/uploads\/2023\/10\/Pantallazo-25-10-2023-20.57.39-750x333.jpg\" alt=\"\" width=\"750\" height=\"333\" srcset=\"https:\/\/www.cordobatimes.com\/showup\/wp-content\/uploads\/2023\/10\/Pantallazo-25-10-2023-20.57.39-750x333.jpg 750w, https:\/\/www.cordobatimes.com\/showup\/wp-content\/uploads\/2023\/10\/Pantallazo-25-10-2023-20.57.39-760x337.jpg 760w, https:\/\/www.cordobatimes.com\/showup\/wp-content\/uploads\/2023\/10\/Pantallazo-25-10-2023-20.57.39-768x341.jpg 768w, https:\/\/www.cordobatimes.com\/showup\/wp-content\/uploads\/2023\/10\/Pantallazo-25-10-2023-20.57.39-696x309.jpg 696w, https:\/\/www.cordobatimes.com\/showup\/wp-content\/uploads\/2023\/10\/Pantallazo-25-10-2023-20.57.39-947x420.jpg 947w, https:\/\/www.cordobatimes.com\/showup\/wp-content\/uploads\/2023\/10\/Pantallazo-25-10-2023-20.57.39.jpg 972w\" sizes=\"auto, (max-width: 750px) 100vw, 750px\" \/><\/p>\n","protected":false},"excerpt":{"rendered":"<p>La cantante expres\u00f3 su opini\u00f3n sobre la modelo investigada por presunto enriquecimiento il\u00edcito y lavado de dinero. Sof\u00eda Clerici\u00a0gener\u00f3 revuelo cuando public\u00f3 en sus redes sociales im\u00e1genes junto con\u00a0Mart\u00edn Insaurralde\u00a0en un yate en Marbella. El esc\u00e1ndalo tuvo como consecuencia la renuncia del pol\u00edtico a la jefatura del gabinete bonaerense y a su candidatura como primer [&hellip;]<\/p>\n","protected":false},"author":1,"featured_media":100815,"comment_status":"closed","ping_status":"closed","sticky":false,"template":"","format":"standard","meta":{"_seopress_robots_primary_cat":"","_seopress_titles_title":"","_seopress_titles_desc":"","_seopress_robots_index":"","footnotes":""},"categories":[4],"tags":[38389,38390,38391],"class_list":{"0":"post-100814","1":"post","2":"type-post","3":"status-publish","4":"format-standard","5":"has-post-thumbnail","7":"category-famosos","8":"tag-patricia-sosa-sofia-clerici","9":"tag-sofia-clerici-enriquecimiento-ilicito","10":"tag-sofia-clerici-lavado-de-dinero"},"_links":{"self":[{"href":"https:\/\/www.cordobatimes.com\/showup\/wp-json\/wp\/v2\/posts\/100814","targetHints":{"allow":["GET"]}}],"collection":[{"href":"https:\/\/www.cordobatimes.com\/showup\/wp-json\/wp\/v2\/posts"}],"about":[{"href":"https:\/\/www.cordobatimes.com\/showup\/wp-json\/wp\/v2\/types\/post"}],"author":[{"embeddable":true,"href":"https:\/\/www.cordobatimes.com\/showup\/wp-json\/wp\/v2\/users\/1"}],"replies":[{"embeddable":true,"href":"https:\/\/www.cordobatimes.com\/showup\/wp-json\/wp\/v2\/comments?post=100814"}],"version-history":[{"count":0,"href":"https:\/\/www.cordobatimes.com\/showup\/wp-json\/wp\/v2\/posts\/100814\/revisions"}],"wp:featuredmedia":[{"embeddable":true,"href":"https:\/\/www.cordobatimes.com\/showup\/wp-json\/wp\/v2\/media\/100815"}],"wp:attachment":[{"href":"https:\/\/www.cordobatimes.com\/showup\/wp-json\/wp\/v2\/media?parent=100814"}],"wp:term":[{"taxonomy":"category","embeddable":true,"href":"https:\/\/www.cordobatimes.com\/showup\/wp-json\/wp\/v2\/categories?post=100814"},{"taxonomy":"post_tag","embeddable":true,"href":"https:\/\/www.cordobatimes.com\/showup\/wp-json\/wp\/v2\/tags?post=100814"}],"curies":[{"name":"wp","href":"https:\/\/api.w.org\/{rel}","templated":true}]}}