{"id":100807,"date":"2023-10-24T13:26:31","date_gmt":"2023-10-24T16:26:31","guid":{"rendered":"https:\/\/www.cordobatimes.com\/showup\/?p=100807"},"modified":"2023-10-24T13:26:31","modified_gmt":"2023-10-24T16:26:31","slug":"javier-milei-desmintio-su-separacion-de-fatima-florez","status":"publish","type":"post","link":"https:\/\/www.cordobatimes.com\/showup\/famosos\/2023\/10\/24\/javier-milei-desmintio-su-separacion-de-fatima-florez\/","title":{"rendered":"Javier Milei desminti\u00f3 su separaci\u00f3n de F\u00e1tima Florez"},"content":{"rendered":"<h3><strong>El candidato a la presidencia por LLA desactiv\u00f3 r\u00e1pidamente los rumores que lo desvinculaban sentimentalmente de la humorista.<\/strong><\/h3>\n<p>Tras desarrollar el tema de su supuesta separaci\u00f3n en el ciclo,\u00a0Virginia Gallardo\u00a0se comunic\u00f3 personalmente con\u00a0Javier Milei, ya que tienen un v\u00ednculo personal de amistad desde hace mucho tiempo, para pedirle que le confirmara si era cierto o no que estaba separado de la artista, ante lo cual\u00a0Milei\u00a0respondi\u00f3 enf\u00e1tico: \u00abEsto es una tonter\u00eda\u00bb.<\/p>\n<p>Adem\u00e1s, el candidato a la presidencia por La Libertad Avanza explic\u00f3: \u00abAyer estuvimos juntos, de hecho, en la nota con Viale, F\u00e1tima estaba con Kari\u00bb. Sobre el motivo por el que\u00a0Florez\u00a0no subi\u00f3 con \u00e9l a la tarima del b\u00fanker el domingo,\u00a0Javier\u00a0explic\u00f3: \u00abEs un acto pol\u00edtico y mantenemos separadas nuestras actividades profesionales\u00bb.<\/p>\n<p>\u00abPasamos un mont\u00f3n de tiempo juntos el s\u00e1bado, el domingo y el lunes\u00bb, agreg\u00f3 el economista.<\/p>\n","protected":false},"excerpt":{"rendered":"<p>El candidato a la presidencia por LLA desactiv\u00f3 r\u00e1pidamente los rumores que lo desvinculaban sentimentalmente de la humorista. Tras desarrollar el tema de su supuesta separaci\u00f3n en el ciclo,\u00a0Virginia Gallardo\u00a0se comunic\u00f3 personalmente con\u00a0Javier Milei, ya que tienen un v\u00ednculo personal de amistad desde hace mucho tiempo, para pedirle que le confirmara si era cierto o [&hellip;]<\/p>\n","protected":false},"author":1,"featured_media":100808,"comment_status":"closed","ping_status":"closed","sticky":false,"template":"","format":"standard","meta":{"_seopress_robots_primary_cat":"","_seopress_titles_title":"","_seopress_titles_desc":"","_seopress_robots_index":"","footnotes":""},"categories":[4],"tags":[37996,38388],"class_list":{"0":"post-100807","1":"post","2":"type-post","3":"status-publish","4":"format-standard","5":"has-post-thumbnail","7":"category-famosos","8":"tag-javier-milei-y-fatima-florez","9":"tag-separacion-de-fatima-florez-y-javier-milei"},"_links":{"self":[{"href":"https:\/\/www.cordobatimes.com\/showup\/wp-json\/wp\/v2\/posts\/100807","targetHints":{"allow":["GET"]}}],"collection":[{"href":"https:\/\/www.cordobatimes.com\/showup\/wp-json\/wp\/v2\/posts"}],"about":[{"href":"https:\/\/www.cordobatimes.com\/showup\/wp-json\/wp\/v2\/types\/post"}],"author":[{"embeddable":true,"href":"https:\/\/www.cordobatimes.com\/showup\/wp-json\/wp\/v2\/users\/1"}],"replies":[{"embeddable":true,"href":"https:\/\/www.cordobatimes.com\/showup\/wp-json\/wp\/v2\/comments?post=100807"}],"version-history":[{"count":0,"href":"https:\/\/www.cordobatimes.com\/showup\/wp-json\/wp\/v2\/posts\/100807\/revisions"}],"wp:featuredmedia":[{"embeddable":true,"href":"https:\/\/www.cordobatimes.com\/showup\/wp-json\/wp\/v2\/media\/100808"}],"wp:attachment":[{"href":"https:\/\/www.cordobatimes.com\/showup\/wp-json\/wp\/v2\/media?parent=100807"}],"wp:term":[{"taxonomy":"category","embeddable":true,"href":"https:\/\/www.cordobatimes.com\/showup\/wp-json\/wp\/v2\/categories?post=100807"},{"taxonomy":"post_tag","embeddable":true,"href":"https:\/\/www.cordobatimes.com\/showup\/wp-json\/wp\/v2\/tags?post=100807"}],"curies":[{"name":"wp","href":"https:\/\/api.w.org\/{rel}","templated":true}]}}