{"id":100801,"date":"2023-10-24T12:27:42","date_gmt":"2023-10-24T15:27:42","guid":{"rendered":"https:\/\/www.cordobatimes.com\/showup\/?p=100801"},"modified":"2023-10-24T12:27:42","modified_gmt":"2023-10-24T15:27:42","slug":"lali-enfrento-las-criticas-por-su-mensaje-celebrando-a-la-argentina-despues-de-las-elecciones-2023-ellos-la-odian","status":"publish","type":"post","link":"https:\/\/www.cordobatimes.com\/showup\/famosos\/2023\/10\/24\/lali-enfrento-las-criticas-por-su-mensaje-celebrando-a-la-argentina-despues-de-las-elecciones-2023-ellos-la-odian\/","title":{"rendered":"Lali enfrent\u00f3 las cr\u00edticas por su mensaje celebrando a la Argentina despu\u00e9s de las Elecciones 2023: \u00abEllos la odian\u00bb"},"content":{"rendered":"<h3 class=\"headline\"><strong>La actriz y cantante festej\u00f3 la democracia y, tras darse a conocer que Sergio Massa obtuvo la mayor cantidad de votos, hizo un comentario que tuvo que salir a explicar.<\/strong><\/h3>\n<p>Mediante su cuenta de Twitter, la cantante expres\u00f3 su felicidad por ir a votar y escribi\u00f3: \u00abViva la democracia, loco\u00bb. M\u00e1s tarde, tras darse a conocer que\u00a0Sergio Massa,\u00a0el ministro de Econom\u00eda argentino (centro-izquierda) obtuvo 35,99% de los votos en la primera vuelta de las\u00a0presidenciales\u00a0e ir\u00e1 a balotaje con\u00a0Javier Milei,\u00a0el l\u00edder ultraliberal y antisistema (30,44%), seg\u00fan el escrutinio de 78,48% de las mesas electorales para las 21 hs,\u00a0Lali Esp\u00f3sito sentenci\u00f3: \u00abArgentina te amo\u00bb.<\/p>\n<p><img alt=\"\" loading=\"lazy\" decoding=\"async\" class=\"alignnone size-medium wp-image-100803\" src=\"https:\/\/www.cordobatimes.com\/showup\/wp-content\/uploads\/2023\/10\/Pantallazo-24-10-2023-12.13.07-750x200.jpg\" alt=\"\" width=\"750\" height=\"200\" srcset=\"https:\/\/www.cordobatimes.com\/showup\/wp-content\/uploads\/2023\/10\/Pantallazo-24-10-2023-12.13.07-750x200.jpg 750w, https:\/\/www.cordobatimes.com\/showup\/wp-content\/uploads\/2023\/10\/Pantallazo-24-10-2023-12.13.07-760x203.jpg 760w, https:\/\/www.cordobatimes.com\/showup\/wp-content\/uploads\/2023\/10\/Pantallazo-24-10-2023-12.13.07-768x205.jpg 768w, https:\/\/www.cordobatimes.com\/showup\/wp-content\/uploads\/2023\/10\/Pantallazo-24-10-2023-12.13.07-696x186.jpg 696w, https:\/\/www.cordobatimes.com\/showup\/wp-content\/uploads\/2023\/10\/Pantallazo-24-10-2023-12.13.07.jpg 820w\" sizes=\"auto, (max-width: 750px) 100vw, 750px\" \/><\/p>\n<p>Al parecer, muchos la cuestionaron por este mensaje, ya que habr\u00eda dado a entender su apoyo al l\u00edder de Uni\u00f3n por la Patria, y en las \u00faltimas horas sali\u00f3 al cruce. \u00ab\u00bfPosta hay gente enojada, tirando falacias casi graciosas y perdiendo su tiempo porque puse en mis redes &#8216;Argentina te amo&#8217;?\u00bb, se quej\u00f3. Y sigui\u00f3: \u00abJajaja chicos&#8230;\u00a0&#8216;ARGENTINA TE AMO&#8217;.\u00a0Wow&#8230;\u00a0quiz\u00e1\u00a0ah\u00ed est\u00e1 el tema&#8230; \u00a1ellos la odian!\u00bb.<\/p>\n<p>Y cerr\u00f3 contundente: \u00abArgentina te amo, siempre\u00bb. Cabe recordar que tras el resultado de las PASO en agosto, donde hab\u00eda triunfado Javier Milei, la int\u00e9rprete hab\u00eda expresado su descontento.<\/p>\n<p><img alt=\"\" loading=\"lazy\" decoding=\"async\" class=\"alignnone wp-image-100804 size-full\" src=\"https:\/\/www.cordobatimes.com\/showup\/wp-content\/uploads\/2023\/10\/Pantallazo-24-10-2023-12.16.48.jpg\" alt=\"\" width=\"1025\" height=\"384\" srcset=\"https:\/\/www.cordobatimes.com\/showup\/wp-content\/uploads\/2023\/10\/Pantallazo-24-10-2023-12.16.48.jpg 1025w, https:\/\/www.cordobatimes.com\/showup\/wp-content\/uploads\/2023\/10\/Pantallazo-24-10-2023-12.16.48-750x281.jpg 750w, https:\/\/www.cordobatimes.com\/showup\/wp-content\/uploads\/2023\/10\/Pantallazo-24-10-2023-12.16.48-760x285.jpg 760w, https:\/\/www.cordobatimes.com\/showup\/wp-content\/uploads\/2023\/10\/Pantallazo-24-10-2023-12.16.48-768x288.jpg 768w, https:\/\/www.cordobatimes.com\/showup\/wp-content\/uploads\/2023\/10\/Pantallazo-24-10-2023-12.16.48-696x261.jpg 696w\" sizes=\"auto, (max-width: 1025px) 100vw, 1025px\" \/><\/p>\n<p>&nbsp;<\/p>\n","protected":false},"excerpt":{"rendered":"<p>La actriz y cantante festej\u00f3 la democracia y, tras darse a conocer que Sergio Massa obtuvo la mayor cantidad de votos, hizo un comentario que tuvo que salir a explicar. Mediante su cuenta de Twitter, la cantante expres\u00f3 su felicidad por ir a votar y escribi\u00f3: \u00abViva la democracia, loco\u00bb. M\u00e1s tarde, tras darse a [&hellip;]<\/p>\n","protected":false},"author":1,"featured_media":100802,"comment_status":"closed","ping_status":"closed","sticky":false,"template":"","format":"standard","meta":{"_seopress_robots_primary_cat":"","_seopress_titles_title":"","_seopress_titles_desc":"","_seopress_robots_index":"","footnotes":""},"categories":[4],"tags":[38374,38387],"class_list":{"0":"post-100801","1":"post","2":"type-post","3":"status-publish","4":"format-standard","5":"has-post-thumbnail","7":"category-famosos","8":"tag-lali-esposito-elecciones-2023","9":"tag-twits-de-lali-esposito"},"_links":{"self":[{"href":"https:\/\/www.cordobatimes.com\/showup\/wp-json\/wp\/v2\/posts\/100801","targetHints":{"allow":["GET"]}}],"collection":[{"href":"https:\/\/www.cordobatimes.com\/showup\/wp-json\/wp\/v2\/posts"}],"about":[{"href":"https:\/\/www.cordobatimes.com\/showup\/wp-json\/wp\/v2\/types\/post"}],"author":[{"embeddable":true,"href":"https:\/\/www.cordobatimes.com\/showup\/wp-json\/wp\/v2\/users\/1"}],"replies":[{"embeddable":true,"href":"https:\/\/www.cordobatimes.com\/showup\/wp-json\/wp\/v2\/comments?post=100801"}],"version-history":[{"count":0,"href":"https:\/\/www.cordobatimes.com\/showup\/wp-json\/wp\/v2\/posts\/100801\/revisions"}],"wp:featuredmedia":[{"embeddable":true,"href":"https:\/\/www.cordobatimes.com\/showup\/wp-json\/wp\/v2\/media\/100802"}],"wp:attachment":[{"href":"https:\/\/www.cordobatimes.com\/showup\/wp-json\/wp\/v2\/media?parent=100801"}],"wp:term":[{"taxonomy":"category","embeddable":true,"href":"https:\/\/www.cordobatimes.com\/showup\/wp-json\/wp\/v2\/categories?post=100801"},{"taxonomy":"post_tag","embeddable":true,"href":"https:\/\/www.cordobatimes.com\/showup\/wp-json\/wp\/v2\/tags?post=100801"}],"curies":[{"name":"wp","href":"https:\/\/api.w.org\/{rel}","templated":true}]}}