{"id":100789,"date":"2023-10-24T10:41:20","date_gmt":"2023-10-24T13:41:20","guid":{"rendered":"https:\/\/www.cordobatimes.com\/showup\/?p=100789"},"modified":"2023-10-24T10:44:16","modified_gmt":"2023-10-24T13:44:16","slug":"ricardo-iorio-icono-del-heavy-metal-argentino","status":"publish","type":"post","link":"https:\/\/www.cordobatimes.com\/showup\/famosos\/2023\/10\/24\/ricardo-iorio-icono-del-heavy-metal-argentino\/","title":{"rendered":"Ricardo Iorio, \u00edcono del heavy metal argentino"},"content":{"rendered":"<h3><strong>El m\u00fasico supo liderar bandas fundacionales como Herm\u00e9tica y V8, entre otras<\/strong><\/h3>\n<p>icardo Iorio naci\u00f3 el 25 de junio de 1962\u00a0y creci\u00f3 en la zona sur de Caseros. Y ese \u00e1mbito suburbano y fabril no iba a tardar en aparecer en sus canciones. En su casa la disciplina era f\u00e9rrea y el estudio era sagrado, y sus padres se lo hac\u00edan saber a su manera: \u201cCreo que si a la generaci\u00f3n a la que pertenezco nos hubieran dado tiempo de buscar una orientaci\u00f3n en lugar de obligarnos a ir a la escuela, todo hubiera sido m\u00e1s positivo\u201d, reflexion\u00f3 en declaraciones a su biograf\u00eda\u00a0El perro cristiano.<\/p>\n<p>En su adolescencia se gan\u00f3 el apodo de \u201cpapero\u201d\u00a0ya que su padre ten\u00eda una verduler\u00eda y \u00e9l lo ayudaba a atender,\u00a0adem\u00e1s de que muchas veces sol\u00eda acompa\u00f1arlo por las ma\u00f1anas a buscar mercader\u00eda al Mercado Central. Por entonces, la m\u00fasica era una elecci\u00f3n y el metal una escuela de vida. Con su gran amigo\u00a0Chofa Moreno\u00a0form\u00f3\u00a0Conexi\u00f3n Humana, que fue el puente para dar forma a V8.<\/p>\n<p>Tuvo su primera irrupci\u00f3n ante el gran p\u00fablico en el\u00a0Festival BARock en 1982,\u00a0con la recordada actuaci\u00f3n de\u00a0V8. El grupo integrado por\u00a0Beto Zamarbide, Osvaldo Civile y Gustavo Rowek\u00a0que con su primer \u00e1lbum -Luchando por el metal- y canciones como \u201cDestrucci\u00f3n\u201d, \u201cParcas sangrientas\u201d o \u201cMuy cansado estoy\u201d marc\u00f3 la piedra fundamental de un movimiento todav\u00eda subterr\u00e1neo que empezaba a adquirir visibilidad. Lograron un sitio perif\u00e9rico en la grilla gracias a la gesti\u00f3n de Pappo, suerte de padrino art\u00edstico del grupo. Cuando no los atac\u00f3 con silbidos o cualquier tipo de objetos, el p\u00fablico le dio la espalda salvo por un grupo de heavies entusiastas. Antes del \u00faltimo tema, Iorio se acerc\u00f3 al micr\u00f3fono y dio un anticipo de que la correcci\u00f3n pol\u00edtica no iba a ser lo suyo:\u00a0\u201cParcas sangrientas y los hippies que se mueran\u201d, grit\u00f3, y fue directo al anecdotario del festival.<\/p>\n<p>Con la separaci\u00f3n del grupo, fund\u00f3\u00a0Herm\u00e9tica, con\u00a0Claudio O\u2019Connor,\u00a0Antonio\u00a0Tano\u00a0Romano y Fabi\u00e1n Spataro\u00a0en su primera formaci\u00f3n. Fue su camino a la masividad y la que termin\u00f3 de moldear su figura art\u00edstica, con letras ancladas en la vida obrera y suburbana, como \u201cPor las calles de Liniers\u201d, \u201cDel camionero\u201d o \u201cGil trabajador\u201d. Fueron de Cemento a Obras y de la c\u00e1rcel de Olmos a telonear a grandes de la m\u00fasica pesada, como Motorhead o Black Sabbath. Editaron tres \u00e1lbumes -Herm\u00e9tica, V\u00edctimas del vaciamiento y \u00c1cido argentino- y un maxi de covers -Int\u00e9rpretes- en el que Ricardo ya mostraba su estirpe tanguera y perspicaz poni\u00e9ndole su voz a \u201cCambalache\u201d. En el momento de mayor popularidad del grupo, las diferencias internas se hicieron insostenibles. O\u2019Connor, Romano y el baterista Pato Strunz formaron\u00a0Mal\u00f3n. Iorio peg\u00f3 un volantazo y empez\u00f3 un nuevo camino.<\/p>\n<p>A principios de 1995 dio vida a\u00a0Almafuerte, con el guitarrista\u00a0Claudio\u00a0Tano\u00a0Marciello\u00a0y el baterista\u00a0Claudio Cardacci.\u00a0Con un estilo m\u00e1s cancionero sin perder la esencia metalera, trascendi\u00f3 definitivamente las fronteras del g\u00e9nero y encontr\u00f3 su definitiva estatura de compositor. Discos como\u00a0Almafuerte,\u00a0A fondo blanco,\u00a0Piedra libre\u00a0o\u00a0Toro y pampa\u00a0marcan lo m\u00e1s alto de una producci\u00f3n constante en estudios y escenarios, con el que dej\u00f3 temas como \u201cTriunfo\u201d, \u201cA vos amigo\u201d, \u201cS\u00e9 vos\u201d o \u201cToro y pampa\u201d hasta que anunci\u00f3 la disoluci\u00f3n en 2017 para enfocarse en su camino solista.<\/p>\n<p>A partir de los 2000, la figura de Iorio dej\u00f3 de ser patrimonio exclusivo de las brigadas met\u00e1licas. As\u00ed de pol\u00e9mico como hab\u00eda sido con sus canciones y sus decisiones art\u00edsticas, lo fue a la hora de opinar sobre los temas m\u00e1s diversos y algunas de sus declaraciones generaron repudio. La aparici\u00f3n en 2012 en el programa de su amigo\u00a0Beto Casella\u00a0lo termin\u00f3 de hacer una figura p\u00fablica y mucha gente lo descubri\u00f3 all\u00ed.<\/p>\n<p>Por entonces, Iorio ya viv\u00eda en el campo, en el partido de Coronel Su\u00e1rez, y desde all\u00ed pivoteaba su carrera art\u00edstica. Asent\u00f3 su perfil campestre, grab\u00f3 un \u00e1lbum de cl\u00e1sicos del rock nacional, otro con tangos y milongas y sac\u00f3 a la ruta las canciones de Almafuerte o las de sus diferentes proyectos cada vez que lo crey\u00f3 conveniente. Al momento de su muerte, realizaba el la serie de conciertos\u00a0Unas estrofas m\u00e1s &#8211; Gira Federal 2023, cuyo nombre a la distancia suena como una despedida. El 14 de octubre, diez d\u00edas antes de su muerte, dio su \u00faltimo concierto en el anfiteatro Humberto de Nito, en Rosario.<\/p>\n<p><iframe loading=\"lazy\" title=\"YouTube video player\" src=\"https:\/\/www.youtube.com\/embed\/KowXSi2ILRw?si=DLH1UhMOBx8-ouhu\" width=\"560\" height=\"315\" frameborder=\"0\" allowfullscreen=\"allowfullscreen\"><\/iframe><\/p>\n<p><iframe loading=\"lazy\" title=\"YouTube video player\" src=\"https:\/\/www.youtube.com\/embed\/oWPol4B7O8Y?si=UhnYbbNSyj6W8Mwe\" width=\"560\" height=\"315\" frameborder=\"0\" allowfullscreen=\"allowfullscreen\"><\/iframe><\/p>\n<p class=\"paragraph\" data-mrf-recirculation=\"Links inline\"><b>Su \u00faltimo show en vivo fue hace diez d\u00edas, en Rosario<\/b>, el 14 de octubre en el Anfiteatro Municipal, en el marco de su nueva la gira federal llamada\u00a0<i>Unas Estrofas M\u00e1s<\/i>, con Almafuerte. \u201cAc\u00e1 estamos, en Rosario, en los campos, los llanos. El d\u00eda del maldito eclipse, el s\u00e1bado, vamos a estar ah\u00ed para avivar la llama del h\u00e9roe que hay en cada uno de nosotros\u201d, expres\u00f3 Ricardo en el \u00faltimo video que se public\u00f3 en las redes sociales. \u201cA ver si nos encontramos con los de la regi\u00f3n y todos los que quieran arrimarse. Ya saben que las canciones est\u00e1n hechas y con esta banda tan ajustada que tengo que somos una cosa incorregible. Un saludo para todos\u201d, concluye.<\/p>\n<p>Ricardo Iorio, el popular m\u00fasico referente del heavy metal, falleci\u00f3 este martes a los 61 a\u00f1os. Estaba en su casa -ubicada en una zona rural de Coronel Su\u00e1rez- cuando habr\u00eda sufrido un infarto, seg\u00fan inform\u00f3 su abogado, Juan Ignacio Vitalini, en di\u00e1logo con la radio Rock&amp;Pop.<\/p>\n<p>Empez\u00f3 a correr el rumor en Bah\u00eda Blanca -explic\u00f3 Vitalini-. Intent\u00e9 hablar con algunos familiares, la mujer me confirm\u00f3 la triste noticia. (Iorio) empez\u00f3 a sentirse mal en la casa, un fuerte dolor en el pecho, se acost\u00f3, llamaron a la ambulancia y falleci\u00f3 en el trayecto; cuando ella lleg\u00f3 ya hab\u00eda fallecido. Se desconoc\u00eda si hab\u00eda tenido alg\u00fan problema anterior, la se\u00f1ora me dice que no. Es muy sorpresivo todo. Estaba todo bien, solo sinti\u00f3 ese dolor en el pecho. Una locura. Es una triste noticia\u201d.<\/p>\n<p>Minutos despu\u00e9s se conoci\u00f3 el parte oficial: \u201cSe recibe llamado al tel\u00e9fono de emergencias procedente de la sala m\u00e9dica local, solicitando personal policial en el campo donde reside Ricardo Iorio en zona rural de Coronel Su\u00e1rez, a 80 kil\u00f3metros de esta, dando cuenta que habr\u00eda fallecido. Motivo por el cual se da aviso inmediato a personal jurisdiccional por corresponder jurisdicci\u00f3n\u201d, se sostiene en el documento.<\/p>\n<p><b>\u201cOle-le, Ola-la, Iorio es lo m\u00e1s grande del heavy nacional\u201d<\/b>, rezaba el c\u00e1ntico popular en cada uno de las presentaciones de Iorio. Sin dudas, dej\u00f3 una huella en el g\u00e9nero en la historia de nuestro pa\u00eds.<\/p>\n","protected":false},"excerpt":{"rendered":"<p>El m\u00fasico supo liderar bandas fundacionales como Herm\u00e9tica y V8, entre otras icardo Iorio naci\u00f3 el 25 de junio de 1962\u00a0y creci\u00f3 en la zona sur de Caseros. Y ese \u00e1mbito suburbano y fabril no iba a tardar en aparecer en sus canciones. En su casa la disciplina era f\u00e9rrea y el estudio era sagrado, [&hellip;]<\/p>\n","protected":false},"author":1,"featured_media":100790,"comment_status":"closed","ping_status":"closed","sticky":false,"template":"","format":"standard","meta":{"_seopress_robots_primary_cat":"","_seopress_titles_title":"","_seopress_titles_desc":"","_seopress_robots_index":"","footnotes":""},"categories":[4],"tags":[38380,38379],"class_list":{"0":"post-100789","1":"post","2":"type-post","3":"status-publish","4":"format-standard","5":"has-post-thumbnail","7":"category-famosos","8":"tag-carrera-de-ricardo-iorio","9":"tag-muerte-de-ricardo-iorio"},"_links":{"self":[{"href":"https:\/\/www.cordobatimes.com\/showup\/wp-json\/wp\/v2\/posts\/100789","targetHints":{"allow":["GET"]}}],"collection":[{"href":"https:\/\/www.cordobatimes.com\/showup\/wp-json\/wp\/v2\/posts"}],"about":[{"href":"https:\/\/www.cordobatimes.com\/showup\/wp-json\/wp\/v2\/types\/post"}],"author":[{"embeddable":true,"href":"https:\/\/www.cordobatimes.com\/showup\/wp-json\/wp\/v2\/users\/1"}],"replies":[{"embeddable":true,"href":"https:\/\/www.cordobatimes.com\/showup\/wp-json\/wp\/v2\/comments?post=100789"}],"version-history":[{"count":0,"href":"https:\/\/www.cordobatimes.com\/showup\/wp-json\/wp\/v2\/posts\/100789\/revisions"}],"wp:featuredmedia":[{"embeddable":true,"href":"https:\/\/www.cordobatimes.com\/showup\/wp-json\/wp\/v2\/media\/100790"}],"wp:attachment":[{"href":"https:\/\/www.cordobatimes.com\/showup\/wp-json\/wp\/v2\/media?parent=100789"}],"wp:term":[{"taxonomy":"category","embeddable":true,"href":"https:\/\/www.cordobatimes.com\/showup\/wp-json\/wp\/v2\/categories?post=100789"},{"taxonomy":"post_tag","embeddable":true,"href":"https:\/\/www.cordobatimes.com\/showup\/wp-json\/wp\/v2\/tags?post=100789"}],"curies":[{"name":"wp","href":"https:\/\/api.w.org\/{rel}","templated":true}]}}