{"id":100772,"date":"2023-10-23T11:12:15","date_gmt":"2023-10-23T14:12:15","guid":{"rendered":"https:\/\/www.cordobatimes.com\/showup\/?p=100772"},"modified":"2023-10-23T11:12:15","modified_gmt":"2023-10-23T14:12:15","slug":"viviana-canosa-sobre-el-balotaje-entre-sergio-massa-y-javier-milei","status":"publish","type":"post","link":"https:\/\/www.cordobatimes.com\/showup\/famosos\/2023\/10\/23\/viviana-canosa-sobre-el-balotaje-entre-sergio-massa-y-javier-milei\/","title":{"rendered":"Viviana Canosa sobre el balotaje entre Sergio Massa y Javier Milei"},"content":{"rendered":"<h3><strong> \u00abEl dato es que en la Argentina nos estamos suicidando\u00bb<\/strong><\/h3>\n<p>Viviana Canosa\u00a0explot\u00f3 tras darse a conocer los primeros datos de las\u00a0Elecciones 2023\u00a0que dieron como\u00a0primera fuerza a Sergio Massa y segunda a Javier Milei, quedando muy lejos\u00a0Patricia Bullrich. De este modo,\u00a0el ministro de Econom\u00eda argentino se medir\u00e1 con el l\u00edder ultraliberal el 19 de noviembre, seg\u00fan el escrutinio de 93.29% de las mesas electorales.<\/p>\n<p>\u00abMuy impresionada con los datos que se dan hasta ahora, pensando&#8230; bueno, yo no voy a ir.\u00a0Me quedar\u00e9 tomando un whisky en mi casa. La sociedad rota que tenemos en\u00a0este pa\u00eds va a tener que ir a votar entre la locura y la corrupci\u00f3n.\u00a0Hoy siento que est\u00e1 ganando la impunidad\u00bb, sentenci\u00f3\u00a0Viviana Canosa\u00a0en la emisi\u00f3n especial de\u00a0La Naci\u00f3n +\u00a0sobre las elecciones.<\/p>\n<p>Varios minutos despu\u00e9s, con el balotaje asegurado, Canosa lanz\u00f3 indignada:\u00a0\u00abEl dato es que en la Argentina nos estamos suicidando\u00bb. En este marco, ante su comentario, dijo\u00a0\u00abser la voz de millones de argentinos\u00bb y sentenci\u00f3: \u00abHoy ganaron los presos que votaron, la corrupci\u00f3n, los bolsos de L\u00f3pez, Insaurralde, el narcotr\u00e1fico, gan\u00f3 la inflaci\u00f3n, la pobreza y la miseria\u00bb.<\/p>\n","protected":false},"excerpt":{"rendered":"<p>\u00abEl dato es que en la Argentina nos estamos suicidando\u00bb Viviana Canosa\u00a0explot\u00f3 tras darse a conocer los primeros datos de las\u00a0Elecciones 2023\u00a0que dieron como\u00a0primera fuerza a Sergio Massa y segunda a Javier Milei, quedando muy lejos\u00a0Patricia Bullrich. De este modo,\u00a0el ministro de Econom\u00eda argentino se medir\u00e1 con el l\u00edder ultraliberal el 19 de noviembre, seg\u00fan [&hellip;]<\/p>\n","protected":false},"author":1,"featured_media":100773,"comment_status":"closed","ping_status":"closed","sticky":false,"template":"","format":"standard","meta":{"_seopress_robots_primary_cat":"","_seopress_titles_title":"","_seopress_titles_desc":"","_seopress_robots_index":"","footnotes":""},"categories":[4],"tags":[38371,37951,38373,38372],"class_list":{"0":"post-100772","1":"post","2":"type-post","3":"status-publish","4":"format-standard","5":"has-post-thumbnail","7":"category-famosos","8":"tag-balotaje-entre-sergio-massa-y-javier-milei","9":"tag-elecciones-2023","10":"tag-sergio-massa-y-javier-milei","11":"tag-viviana-canosa-balotaje-entre-sergio-massa-y-javier-milei"},"_links":{"self":[{"href":"https:\/\/www.cordobatimes.com\/showup\/wp-json\/wp\/v2\/posts\/100772","targetHints":{"allow":["GET"]}}],"collection":[{"href":"https:\/\/www.cordobatimes.com\/showup\/wp-json\/wp\/v2\/posts"}],"about":[{"href":"https:\/\/www.cordobatimes.com\/showup\/wp-json\/wp\/v2\/types\/post"}],"author":[{"embeddable":true,"href":"https:\/\/www.cordobatimes.com\/showup\/wp-json\/wp\/v2\/users\/1"}],"replies":[{"embeddable":true,"href":"https:\/\/www.cordobatimes.com\/showup\/wp-json\/wp\/v2\/comments?post=100772"}],"version-history":[{"count":0,"href":"https:\/\/www.cordobatimes.com\/showup\/wp-json\/wp\/v2\/posts\/100772\/revisions"}],"wp:featuredmedia":[{"embeddable":true,"href":"https:\/\/www.cordobatimes.com\/showup\/wp-json\/wp\/v2\/media\/100773"}],"wp:attachment":[{"href":"https:\/\/www.cordobatimes.com\/showup\/wp-json\/wp\/v2\/media?parent=100772"}],"wp:term":[{"taxonomy":"category","embeddable":true,"href":"https:\/\/www.cordobatimes.com\/showup\/wp-json\/wp\/v2\/categories?post=100772"},{"taxonomy":"post_tag","embeddable":true,"href":"https:\/\/www.cordobatimes.com\/showup\/wp-json\/wp\/v2\/tags?post=100772"}],"curies":[{"name":"wp","href":"https:\/\/api.w.org\/{rel}","templated":true}]}}