{"id":100768,"date":"2023-10-23T10:39:48","date_gmt":"2023-10-23T13:39:48","guid":{"rendered":"https:\/\/www.cordobatimes.com\/showup\/?p=100768"},"modified":"2023-10-23T10:39:48","modified_gmt":"2023-10-23T13:39:48","slug":"wanda-nara-quiero-demostrar-que-estoy-bien","status":"publish","type":"post","link":"https:\/\/www.cordobatimes.com\/showup\/famosos\/2023\/10\/23\/wanda-nara-quiero-demostrar-que-estoy-bien\/","title":{"rendered":"Wanda Nara: \u201cQuiero demostrar que estoy bien\u201d"},"content":{"rendered":"<h3><strong>Luego de su debut en el reality Ballando con le Stelle, la empresaria explic\u00f3 cu\u00e1l fue el motivo por el que decidi\u00f3 participar del certamen.<\/strong><\/h3>\n<p>Despu\u00e9s de mucha espera,\u00a0Wanda Nara\u00a0hizo su debut triunfal\u00a0en\u00a0Ballando con le Stelle, la versi\u00f3n italiana del reality\u00a0Bailando con las estrellas\u00a0que se emite por la RAI con la conducci\u00f3n de\u00a0Milly Carlucci.\u00a0Y, en una charla de backstage que mantuvo en el idioma de esa tierra, explic\u00f3 c\u00f3mo fueron sus \u00faltimos d\u00edas en la Argentina, cuando se confirm\u00f3 que ten\u00eda un problema de salud, y por qu\u00e9 decidi\u00f3 aceptar el desaf\u00edo de participar de ese programa.<\/p>\n<p>As\u00ed, la exconductora de\u00a0Masterchef\u00a0cont\u00f3 que hab\u00eda estado seis meses conduciendo el ciclo de Telefe y que, cuando termin\u00f3, recibi\u00f3 un premio muy importante en este pa\u00eds: el Mart\u00edn Fierro como revelaci\u00f3n, galard\u00f3n que en realidad recibi\u00f3 por su trabajo como jurado en\u00a0\u00bfQui\u00e9n es la M\u00e1scara?.\u00a0Luego agreg\u00f3 que, al d\u00eda siguiente, se fue a hacer una serie de estudios de rutina previos a su viaje a Mil\u00e1n. \u201cAll\u00ed me salieron valores un poco extra\u00f1os\u201d, se\u00f1al\u00f3.<\/p>\n<p>La empresaria record\u00f3 la repercusi\u00f3n que su problema de salud hab\u00eda tenido en los medios, cuando ella todav\u00eda no hab\u00eda hecho ninguna referencia al tema. Y cont\u00f3 que sus hijos estaban tristes por todo lo que escuchaban. \u201cCuando me lleg\u00f3 la propuesta del Bailando, obviamente, ya se hab\u00eda estabilizado la situaci\u00f3n. As\u00ed que le pregunt\u00e9 a los m\u00e9dicos, porque estoy haciendo un tratamiento, si lo pod\u00eda hacer. Y me dijeron que s\u00ed, tranquilamente, al cien por ciento\u201d, dijo.<\/p>\n<p>Y relat\u00f3 que sus ni\u00f1os se pusieron contentos cuando se enteraron de que iba a bailar, porque sent\u00edan que todo iba bien. En ese momento, mientras intentaba explicar lo que le daba el baile, Wanda no pudo contener el llanto. \u201cSi lo hago es para demostrar que estoy bien\u201d, reconoci\u00f3 entre l\u00e1grimas.<\/p>\n<div style=\"width: 696px;\" class=\"wp-video\"><video class=\"wp-video-shortcode\" id=\"video-100768-1\" width=\"696\" height=\"392\" preload=\"metadata\" controls=\"controls\"><source type=\"video\/mp4\" src=\"https:\/\/www.cordobatimes.com\/showup\/wp-content\/uploads\/2023\/10\/3HBDjK53-34105380.mp4?_=1\" \/><a href=\"https:\/\/www.cordobatimes.com\/showup\/wp-content\/uploads\/2023\/10\/3HBDjK53-34105380.mp4\">https:\/\/www.cordobatimes.com\/showup\/wp-content\/uploads\/2023\/10\/3HBDjK53-34105380.mp4<\/a><\/video><\/div>\n","protected":false},"excerpt":{"rendered":"<p>Luego de su debut en el reality Ballando con le Stelle, la empresaria explic\u00f3 cu\u00e1l fue el motivo por el que decidi\u00f3 participar del certamen. Despu\u00e9s de mucha espera,\u00a0Wanda Nara\u00a0hizo su debut triunfal\u00a0en\u00a0Ballando con le Stelle, la versi\u00f3n italiana del reality\u00a0Bailando con las estrellas\u00a0que se emite por la RAI con la conducci\u00f3n de\u00a0Milly Carlucci.\u00a0Y, en [&hellip;]<\/p>\n","protected":false},"author":1,"featured_media":100769,"comment_status":"closed","ping_status":"closed","sticky":false,"template":"","format":"standard","meta":{"_seopress_robots_primary_cat":"","_seopress_titles_title":"","_seopress_titles_desc":"","_seopress_robots_index":"","footnotes":""},"categories":[4],"tags":[38370,36130],"class_list":{"0":"post-100768","1":"post","2":"type-post","3":"status-publish","4":"format-standard","5":"has-post-thumbnail","7":"category-famosos","8":"tag-wanda-nara-ballando-con-le-stelle","9":"tag-wanda-nara-llorando"},"_links":{"self":[{"href":"https:\/\/www.cordobatimes.com\/showup\/wp-json\/wp\/v2\/posts\/100768","targetHints":{"allow":["GET"]}}],"collection":[{"href":"https:\/\/www.cordobatimes.com\/showup\/wp-json\/wp\/v2\/posts"}],"about":[{"href":"https:\/\/www.cordobatimes.com\/showup\/wp-json\/wp\/v2\/types\/post"}],"author":[{"embeddable":true,"href":"https:\/\/www.cordobatimes.com\/showup\/wp-json\/wp\/v2\/users\/1"}],"replies":[{"embeddable":true,"href":"https:\/\/www.cordobatimes.com\/showup\/wp-json\/wp\/v2\/comments?post=100768"}],"version-history":[{"count":0,"href":"https:\/\/www.cordobatimes.com\/showup\/wp-json\/wp\/v2\/posts\/100768\/revisions"}],"wp:featuredmedia":[{"embeddable":true,"href":"https:\/\/www.cordobatimes.com\/showup\/wp-json\/wp\/v2\/media\/100769"}],"wp:attachment":[{"href":"https:\/\/www.cordobatimes.com\/showup\/wp-json\/wp\/v2\/media?parent=100768"}],"wp:term":[{"taxonomy":"category","embeddable":true,"href":"https:\/\/www.cordobatimes.com\/showup\/wp-json\/wp\/v2\/categories?post=100768"},{"taxonomy":"post_tag","embeddable":true,"href":"https:\/\/www.cordobatimes.com\/showup\/wp-json\/wp\/v2\/tags?post=100768"}],"curies":[{"name":"wp","href":"https:\/\/api.w.org\/{rel}","templated":true}]}}