{"id":100758,"date":"2023-10-22T19:00:49","date_gmt":"2023-10-22T22:00:49","guid":{"rendered":"https:\/\/www.cordobatimes.com\/showup\/?p=100758"},"modified":"2023-10-22T19:11:01","modified_gmt":"2023-10-22T22:11:01","slug":"fatima-florez-fue-a-votar-casi-sobre-el-cierre-es-mi-cabala-siempre-vengo-a-esta-hora","status":"publish","type":"post","link":"https:\/\/www.cordobatimes.com\/showup\/famosos\/2023\/10\/22\/fatima-florez-fue-a-votar-casi-sobre-el-cierre-es-mi-cabala-siempre-vengo-a-esta-hora\/","title":{"rendered":"F\u00e1tima Florez fue a votar casi sobre el cierre:  \u201cEs mi c\u00e1bala, siempre vengo a esta hora\u201d"},"content":{"rendered":"<h3><strong>Cuando la imitadora y pareja del candidato Javier Milei entr\u00f3 a la escuela, la Polic\u00eda clausur\u00f3 las puertas, gener\u00e1ndose el reclamo de otros ciudadanos que tambi\u00e9n aguardaban votar<\/strong><\/h3>\n<p>Nunca antes el sufragio de F\u00e1tima Florez despert\u00f3 la atenci\u00f3n de la prensa y los curiosos como esta vez. Y el motivo es de p\u00fablico conocimiento: su pareja se postula como candidato a presidente. Nada menos que Javier Milei, claro. Y en consecuencia, la actriz podr\u00eda ser desde el 10 de diciembre primera dama. Aunque ella evite -con una sonrisa un tanto inc\u00f3moda- referirse al respecto, ante las preguntas recurrentes de los cronistas.<\/p>\n<p>\u201c\u00bfTe prepar\u00e1s para ese rol?\u201d, quiso saber el periodista Roberto Funes Ugarte. \u201cUstedes saben, chicos&#8230;\u201d, contest\u00f3 la actriz, quien asegur\u00f3 que pas\u00f3 gran parte de la jornada electoral con su novio. \u201cEstoy feliz. Estamos de cumplea\u00f1os; eso es lo m\u00e1s importante para m\u00ed\u201d, dijo F\u00e1tima al llegar a Escuela De Jornada Simple N\u00b0 16, Palermo, y ser abordada por un enjambre de periodistas, camar\u00f3grafos y fot\u00f3grafos. Por eso, confi\u00f3 que tiene \u201cuna sorpresa espectacular\u201d preparada para el referente de La Libertad Avanza por este d\u00eda, en el que lleg\u00f3 a los 53 a\u00f1os.<\/p>\n<p>\u201cEl voto es secreto\u201d, se excus\u00f3 la imitadora, en un ingreso por dem\u00e1s ca\u00f3tico (\u201d\u00a1Ay, me caigo!\u201d, exclam\u00f3 la actriz, al trastabillar en su caminata) que gener\u00f3 quejas de otros votantes cuando se cerraron las puertas del establecimiento, una vez que Florez las cruz\u00f3 para dirigirse a su respectiva mesa. Adem\u00e1s, lleg\u00f3 cuando restaban 40 minutos para el cierre de los comicios. \u201cEs mi c\u00e1bala, siempre vengo a votar a esta misma hora -explic\u00f3-. \u201c\u00a1Quiero ya abrazar a Javier, por favor!\u201d, dijo, antes de adelantar que ir\u00e1 al bunker para seguir desde all\u00ed los resultados de las elecciones presidenciales.<\/p>\n<p>En la vereda, la escena era de bronca y resignaci\u00f3n. Un hombre lament\u00f3 -ante los micr\u00f3fonos de\u00a0TN- que no lo dejaron entrar a la escuela: \u201cParece que no somos todos iguales. No s\u00e9, no entiendo&#8230; Nos dicen que tenemos que esperar. Hay alguien adentro, no s\u00e9 qui\u00e9n entr\u00f3\u201d, dijo, desconociendo que se trataba de F\u00e1tima. Una joven, por su parte, indic\u00f3 que\u00a0tuvo \u201cla peor de las suertes\u201d\u00a0porque justo se acerc\u00f3 a votar en el mismo momento en que la novia de Milei:\u00a0\u201cLa polic\u00eda me par\u00f3 en la puerta y me dijo que espere\u201d, revel\u00f3.<\/p>\n<div style=\"width: 696px;\" class=\"wp-video\"><video class=\"wp-video-shortcode\" id=\"video-100758-1\" width=\"696\" height=\"392\" preload=\"metadata\" controls=\"controls\"><source type=\"video\/mp4\" src=\"https:\/\/www.cordobatimes.com\/showup\/wp-content\/uploads\/2023\/10\/ReHihiEl-34105380.mp4?_=1\" \/><a href=\"https:\/\/www.cordobatimes.com\/showup\/wp-content\/uploads\/2023\/10\/ReHihiEl-34105380.mp4\">https:\/\/www.cordobatimes.com\/showup\/wp-content\/uploads\/2023\/10\/ReHihiEl-34105380.mp4<\/a><\/video><\/div>\n","protected":false},"excerpt":{"rendered":"<p>Cuando la imitadora y pareja del candidato Javier Milei entr\u00f3 a la escuela, la Polic\u00eda clausur\u00f3 las puertas, gener\u00e1ndose el reclamo de otros ciudadanos que tambi\u00e9n aguardaban votar Nunca antes el sufragio de F\u00e1tima Florez despert\u00f3 la atenci\u00f3n de la prensa y los curiosos como esta vez. Y el motivo es de p\u00fablico conocimiento: su [&hellip;]<\/p>\n","protected":false},"author":1,"featured_media":100759,"comment_status":"closed","ping_status":"closed","sticky":false,"template":"","format":"standard","meta":{"_seopress_robots_primary_cat":"","_seopress_titles_title":"","_seopress_titles_desc":"","_seopress_robots_index":"","footnotes":""},"categories":[4],"tags":[37951,38369],"class_list":{"0":"post-100758","1":"post","2":"type-post","3":"status-publish","4":"format-standard","5":"has-post-thumbnail","7":"category-famosos","8":"tag-elecciones-2023","9":"tag-elecciones-2023-fatima-florez"},"_links":{"self":[{"href":"https:\/\/www.cordobatimes.com\/showup\/wp-json\/wp\/v2\/posts\/100758","targetHints":{"allow":["GET"]}}],"collection":[{"href":"https:\/\/www.cordobatimes.com\/showup\/wp-json\/wp\/v2\/posts"}],"about":[{"href":"https:\/\/www.cordobatimes.com\/showup\/wp-json\/wp\/v2\/types\/post"}],"author":[{"embeddable":true,"href":"https:\/\/www.cordobatimes.com\/showup\/wp-json\/wp\/v2\/users\/1"}],"replies":[{"embeddable":true,"href":"https:\/\/www.cordobatimes.com\/showup\/wp-json\/wp\/v2\/comments?post=100758"}],"version-history":[{"count":0,"href":"https:\/\/www.cordobatimes.com\/showup\/wp-json\/wp\/v2\/posts\/100758\/revisions"}],"wp:featuredmedia":[{"embeddable":true,"href":"https:\/\/www.cordobatimes.com\/showup\/wp-json\/wp\/v2\/media\/100759"}],"wp:attachment":[{"href":"https:\/\/www.cordobatimes.com\/showup\/wp-json\/wp\/v2\/media?parent=100758"}],"wp:term":[{"taxonomy":"category","embeddable":true,"href":"https:\/\/www.cordobatimes.com\/showup\/wp-json\/wp\/v2\/categories?post=100758"},{"taxonomy":"post_tag","embeddable":true,"href":"https:\/\/www.cordobatimes.com\/showup\/wp-json\/wp\/v2\/tags?post=100758"}],"curies":[{"name":"wp","href":"https:\/\/api.w.org\/{rel}","templated":true}]}}