{"id":100754,"date":"2023-10-22T18:38:59","date_gmt":"2023-10-22T21:38:59","guid":{"rendered":"https:\/\/www.cordobatimes.com\/showup\/?p=100754"},"modified":"2023-10-22T18:38:59","modified_gmt":"2023-10-22T21:38:59","slug":"elecciones-2023-susana-gimenez-depende-quien-gane-voy-a-volver-al-pais","status":"publish","type":"post","link":"https:\/\/www.cordobatimes.com\/showup\/famosos\/2023\/10\/22\/elecciones-2023-susana-gimenez-depende-quien-gane-voy-a-volver-al-pais\/","title":{"rendered":"Elecciones 2023 Susana Gim\u00e9nez: \u201cDepende qui\u00e9n gane voy a volver al pa\u00eds\u201d"},"content":{"rendered":"<h3><strong>La diva regres\u00f3 de Punta del Este, donde se encuentra residiendo, para elegir al pr\u00f3ximo presidente de los argentinos.<\/strong><\/h3>\n<p>Susana Gim\u00e9nez\u00a0regres\u00f3 a Buenos Aires desde Punta del Este para emitir su voto en las elecciones generales que suceden este domingo en Argentina. Sin bien la diva se encuentra instalada en Uruguay en su residencia\u00a0La Mary\u00a0desde la pandemia de Covid-19 suele frecuentar el pa\u00eds y, en esta oportunidad, viaj\u00f3 para sufragar y poder decidir el pr\u00f3ximo presidente de los argentinos.<\/p>\n<p>Como es costumbre, cada vez que Susana sale a la calle la rodean muchos fan\u00e1ticos que le piden sacarse fotos con ella y la saludan para demostrarle el afecto que le tienen. Este domingo, la diva fue a votar a la escuela San Mart\u00edn de Tours, el establecimiento m\u00e1s cercano a su domicilio, en el barrio de Palermo, de la ciudad de Buenos Aires, y al terminar de sufragar, dio una corta entrevista a los medios que la esperaban en el lugar.<\/p>\n<p>Entre sus seguidores, estaba la infaltable Lorna, quien es la fan n\u00famero uno de la estrella.\u00a0La mujer la agasaj\u00f3 con un ramo de flores\u00a0y Susana le agradeci\u00f3 con un abrazo, aunque se sorpendi\u00f3 ante el gesto en ese momento: \u201cLorna querida, no puedo tener esto en la mano ahora\u201d.<\/p>\n<p>Acto seguido, la conductora le pregunt\u00f3 directamente a su seguidora: \u201c\u00bfYa votaste?\u201d, cuando Lorna le respondi\u00f3 que s\u00ed, la diva fue por m\u00e1s, y con la confianza que ambas se tienen le pregunt\u00f3 p\u00fablicamente:\u00a0\u201c\u00bfY a qui\u00e9n votaste?\u201d. \u201cA la misma que vos\u201d, contest\u00f3 su fan. \u201c\u00a1Bien!\u201d, le dijo Susana en medio de los flashes que la segu\u00edan por la vereda.<\/p>\n<p>Luego, los cronistas apostados en la calle le preguntaron c\u00f3mo hab\u00eda visto los comicios. \u201cLa verdad que no quise saber nada,\u00a0no quiero saber nada hasta las 6 de la tarde\u201d,\u00a0asegur\u00f3. M\u00e1s adelante, le consultaron si se pensaba quedar en Argentina y si de esto depend\u00eda el resultado de la contienda electoral. \u201c\u00bfTe qued\u00e1s depende qui\u00e9n gane, Susana?\u201d y la diva de inmediato respondi\u00f3 que no. Aunque luego aclar\u00f3: \u201cDepende qui\u00e9n gane esta elecci\u00f3n puede ser que regrese al pa\u00eds\u201d.<\/p>\n<p>Por otra parte, la estrella de los tel\u00e9fonos cont\u00f3 que se piensa quedar unos d\u00edas en Buenos Aires. \u201cMe tengo que probar la ropa del teatro, ese tipo de cosas\u201d. Finalmente, un periodista le pregunt\u00f3.\u00a0\u201c\u00bfSi se van los kirchneristas vas a volver al pa\u00eds, esto es real?\u201d, y Su confirm\u00f3: \u201cAh, s\u00ed, s\u00ed\u201d.<\/p>\n<div style=\"width: 696px;\" class=\"wp-video\"><video class=\"wp-video-shortcode\" id=\"video-100754-1\" width=\"696\" height=\"392\" preload=\"metadata\" controls=\"controls\"><source type=\"video\/mp4\" src=\"https:\/\/www.cordobatimes.com\/showup\/wp-content\/uploads\/2023\/10\/EH3GsPwE-34105380.mp4?_=1\" \/><a href=\"https:\/\/www.cordobatimes.com\/showup\/wp-content\/uploads\/2023\/10\/EH3GsPwE-34105380.mp4\">https:\/\/www.cordobatimes.com\/showup\/wp-content\/uploads\/2023\/10\/EH3GsPwE-34105380.mp4<\/a><\/video><\/div>\n","protected":false},"excerpt":{"rendered":"<p>La diva regres\u00f3 de Punta del Este, donde se encuentra residiendo, para elegir al pr\u00f3ximo presidente de los argentinos. Susana Gim\u00e9nez\u00a0regres\u00f3 a Buenos Aires desde Punta del Este para emitir su voto en las elecciones generales que suceden este domingo en Argentina. Sin bien la diva se encuentra instalada en Uruguay en su residencia\u00a0La Mary\u00a0desde [&hellip;]<\/p>\n","protected":false},"author":1,"featured_media":100755,"comment_status":"closed","ping_status":"closed","sticky":false,"template":"","format":"standard","meta":{"_seopress_robots_primary_cat":"","_seopress_titles_title":"","_seopress_titles_desc":"","_seopress_robots_index":"","footnotes":""},"categories":[4],"tags":[37951,38368],"class_list":{"0":"post-100754","1":"post","2":"type-post","3":"status-publish","4":"format-standard","5":"has-post-thumbnail","7":"category-famosos","8":"tag-elecciones-2023","9":"tag-elecciones-2023-susana-gimenez"},"_links":{"self":[{"href":"https:\/\/www.cordobatimes.com\/showup\/wp-json\/wp\/v2\/posts\/100754","targetHints":{"allow":["GET"]}}],"collection":[{"href":"https:\/\/www.cordobatimes.com\/showup\/wp-json\/wp\/v2\/posts"}],"about":[{"href":"https:\/\/www.cordobatimes.com\/showup\/wp-json\/wp\/v2\/types\/post"}],"author":[{"embeddable":true,"href":"https:\/\/www.cordobatimes.com\/showup\/wp-json\/wp\/v2\/users\/1"}],"replies":[{"embeddable":true,"href":"https:\/\/www.cordobatimes.com\/showup\/wp-json\/wp\/v2\/comments?post=100754"}],"version-history":[{"count":0,"href":"https:\/\/www.cordobatimes.com\/showup\/wp-json\/wp\/v2\/posts\/100754\/revisions"}],"wp:featuredmedia":[{"embeddable":true,"href":"https:\/\/www.cordobatimes.com\/showup\/wp-json\/wp\/v2\/media\/100755"}],"wp:attachment":[{"href":"https:\/\/www.cordobatimes.com\/showup\/wp-json\/wp\/v2\/media?parent=100754"}],"wp:term":[{"taxonomy":"category","embeddable":true,"href":"https:\/\/www.cordobatimes.com\/showup\/wp-json\/wp\/v2\/categories?post=100754"},{"taxonomy":"post_tag","embeddable":true,"href":"https:\/\/www.cordobatimes.com\/showup\/wp-json\/wp\/v2\/tags?post=100754"}],"curies":[{"name":"wp","href":"https:\/\/api.w.org\/{rel}","templated":true}]}}